{"id":33123,"date":"2026-01-30T19:37:22","date_gmt":"2026-01-30T18:37:22","guid":{"rendered":"https:\/\/www.cinc.com\/?p=33123"},"modified":"2026-01-30T19:37:24","modified_gmt":"2026-01-30T18:37:24","slug":"une-regularisation-extraordinaire-en-2026-pourrait-beneficier-a-quelque-500-000-etrangers-en-espagne","status":"publish","type":"post","link":"https:\/\/www.cinc.com\/fr\/une-regularisation-extraordinaire-en-2026-pourrait-beneficier-a-quelque-500-000-etrangers-en-espagne\/","title":{"rendered":"Une r\u00e9gularisation extraordinaire en 2026 pourrait b\u00e9n\u00e9ficier \u00e0 quelque 500 000 \u00e9trangers en Espagne"},"content":{"rendered":"\n<p>En 2026, une proc\u00e9dure extraordinaire de r\u00e9gularisation sera mise en place pour les \u00e9trangers qui vivaient d\u00e9j\u00e0 en Espagne et qui ont besoin de r\u00e9gulariser leur situation administrative. Cette mesure pourrait b\u00e9n\u00e9ficier \u00e0 quelque 500 000 personnes, ce qui laisse pr\u00e9sager un volume \u00e9lev\u00e9 de demandes concentr\u00e9es sur quelques mois.<\/p>\n\n\n\n<p>L&rsquo;aspect le plus important, d&rsquo;un point de vue pratique, est que l&rsquo;autorisation pr\u00e9vue ne se limite pas \u00e0 la r\u00e9sidence : elle inclut l&rsquo;autorisation de travailler, ce qui a un impact direct sur l&rsquo;acc\u00e8s \u00e0 l&#8217;emploi et sur l&#8217;embauche avec une plus grande s\u00e9curit\u00e9 juridique.<\/p>\n\n\n\n<p>\u00c0 cet \u00e9gard, il convient de souligner que l&rsquo;acceptation de la demande entra\u00eenera une autorisation provisoire de r\u00e9sidence qui permettra de travailler.<\/p>\n\n\n\n<div class=\"wp-block-uagb-advanced-heading uagb-block-a9fcef2f\"><h3 class=\"uagb-heading-text\">Quelle est la date butoir et qu&rsquo;est-ce que cela signifie dans la pratique ?<\/h3><\/div>\n\n\n\n<p>La date de r\u00e9f\u00e9rence est le 31 d\u00e9cembre 2025. D&rsquo;une mani\u00e8re g\u00e9n\u00e9rale, les personnes qui peuvent prouver qu&rsquo;elles se trouvaient d\u00e9j\u00e0 en Espagne avant cette date et qu&rsquo;elles y ont s\u00e9journ\u00e9 de mani\u00e8re continue pendant une p\u00e9riode minimale pr\u00e9alable (un seuil de cinq mois est envisag\u00e9) seront \u00e9ligibles.<\/p>\n\n\n\n<p>Parall\u00e8lement, il existe un cas sp\u00e9cifique pour les personnes ayant engag\u00e9 des d\u00e9marches li\u00e9es \u00e0 la protection internationale, \u00e0 condition que celles-ci aient \u00e9t\u00e9 entam\u00e9es avant la date butoir et que les conditions requises soient remplies.<\/p>\n\n\n\n<div class=\"wp-block-uagb-advanced-heading uagb-block-26d43b48\"><h3 class=\"uagb-heading-text\">Quelles sont les conditions g\u00e9n\u00e9ralement d\u00e9terminantes pour que le dossier aboutisse?<\/h3><\/div>\n\n\n\n<p>Comme pour les autres proc\u00e9dures relatives aux \u00e9trangers, le dossier sera conditionn\u00e9 par l&rsquo;absence de casier judiciaire. En outre, il sera essentiel de pr\u00e9senter des documents suffisants pour justifier le s\u00e9jour et la situation personnelle en Espagne.<\/p>\n\n\n\n<div class=\"wp-block-uagb-advanced-heading uagb-block-d5c480d3\"><h3 class=\"uagb-heading-text\">Quelle autorisation obtient-on et qu&rsquo;implique-t-elle pour travailler ?<\/h3><\/div>\n\n\n\n<p>L&rsquo;autorisation pr\u00e9vue est un permis de s\u00e9jour avec permis de travail, valable sur tout le territoire national et sans limitation \u00e0 un secteur particulier. La dur\u00e9e initiale pr\u00e9vue est d&rsquo;un an, apr\u00e8s quoi la prolongation devra \u00eatre demand\u00e9e par les voies ordinaires du syst\u00e8me d&rsquo;immigration.<\/p>\n\n\n\n<div class=\"wp-block-uagb-advanced-heading uagb-block-2ae881ed\"><h3 class=\"uagb-heading-text\">Quand pourra-t-on en faire la demande et combien de temps faudra-t-il attendre la r\u00e9ponse ?<\/h3><\/div>\n\n\n\n<p>La fen\u00eatre de d\u00e9p\u00f4t des demandes est pr\u00e9vue \u00e0 partir du d\u00e9but du mois d&rsquo;avril et se terminera le 30 juin 2026, ce qui signifie que le calendrier sera tr\u00e8s serr\u00e9. La proc\u00e9dure comprend deux \u00e9tapes distinctes : l&rsquo;admission au traitement, qui doit \u00eatre rapide (environ 15 jours), et la d\u00e9cision, dont le d\u00e9lai maximal est de trois mois.<\/p>\n\n\n\n<div class=\"wp-block-uagb-advanced-heading uagb-block-01f819f3\"><h3 class=\"uagb-heading-text\">Qu&rsquo;en est-il des mineurs et de l&rsquo;unit\u00e9 familiale ?<\/h3><\/div>\n\n\n\n<p>Le programme pr\u00e9voit la possibilit\u00e9 de r\u00e9gulariser de mani\u00e8re coordonn\u00e9e les fils et filles mineurs qui se trouvent d\u00e9j\u00e0 en Espagne. Pour les mineurs, une autorisation de plus longue dur\u00e9e est envisag\u00e9e, avec une validit\u00e9 pr\u00e9vue de cinq ans.<\/p>\n\n\n\n<p>Au CINC, nous vous aidons \u00e0 remplir votre demande Si vous avez besoin de confirmer que votre cas est \u00e9ligible, de savoir comment prouver votre r\u00e9sidence permanente, quels documents pr\u00e9parer ou comment r\u00e9gulariser la situation des mineurs, vous pouvez vous renseigner aupr\u00e8s du <a href=\"https:\/\/www.cinc.com\/fr\/conseil-en-entreprise-et-gestion\/services-dimmigration\/\">Service d\u2019immigration<\/a> du CINC. Prenez <a href=\"https:\/\/www.cinc.com\/fr\/reservez-votre-rendez-vous-dimmigration\/\">rendez-vous avec nous<\/a> et nous examinerons votre situation et vous accompagnerons dans la strat\u00e9gie \u00e0 suivre pour que votre demande soit trait\u00e9e avec toutes les garanties n\u00e9cessaires.<\/p>\n\n\n\n<p><\/p>\n","protected":false},"excerpt":{"rendered":"<p>En 2026, une proc\u00e9dure extraordinaire de r\u00e9gularisation sera mise en place pour les \u00e9trangers d\u00e9j\u00e0 r\u00e9sidant en Espagne et qui ont besoin de r\u00e9gulariser leur situation administrative.<\/p>\n","protected":false},"author":25,"featured_media":33114,"comment_status":"closed","ping_status":"open","sticky":false,"template":"","format":"standard","meta":{"_acf_changed":false,"_uag_custom_page_level_css":"","_jetpack_memberships_contains_paid_content":false,"footnotes":""},"categories":[257],"tags":[],"class_list":["post-33123","post","type-post","status-publish","format-standard","has-post-thumbnail","hentry","category-extranjeria"],"acf":[],"jetpack_featured_media_url":"https:\/\/www.cinc.com\/wp-content\/uploads\/concentrated-people-reading-information-from-laptop.webp","uagb_featured_image_src":{"full":["https:\/\/www.cinc.com\/wp-content\/uploads\/concentrated-people-reading-information-from-laptop.webp",1920,1080,false],"thumbnail":["https:\/\/www.cinc.com\/wp-content\/uploads\/concentrated-people-reading-information-from-laptop-150x150.webp",150,150,true],"medium":["https:\/\/www.cinc.com\/wp-content\/uploads\/concentrated-people-reading-information-from-laptop-300x169.webp",300,169,true],"medium_large":["https:\/\/www.cinc.com\/wp-content\/uploads\/concentrated-people-reading-information-from-laptop-768x432.webp",768,432,true],"large":["https:\/\/www.cinc.com\/wp-content\/uploads\/concentrated-people-reading-information-from-laptop-1024x576.webp",960,540,true],"1536x1536":["https:\/\/www.cinc.com\/wp-content\/uploads\/concentrated-people-reading-information-from-laptop-1536x864.webp",1536,864,true],"2048x2048":["https:\/\/www.cinc.com\/wp-content\/uploads\/concentrated-people-reading-information-from-laptop.webp",1920,1080,false],"gform-image-choice-sm":["https:\/\/www.cinc.com\/wp-content\/uploads\/concentrated-people-reading-information-from-laptop.webp",300,169,false],"gform-image-choice-md":["https:\/\/www.cinc.com\/wp-content\/uploads\/concentrated-people-reading-information-from-laptop.webp",400,225,false],"gform-image-choice-lg":["https:\/\/www.cinc.com\/wp-content\/uploads\/concentrated-people-reading-information-from-laptop.webp",600,338,false]},"uagb_author_info":{"display_name":"Neus Coll","author_link":"https:\/\/www.cinc.com\/fr\/author\/neus-coll\/"},"uagb_comment_info":0,"uagb_excerpt":"En 2026, une proc\u00e9dure extraordinaire de r\u00e9gularisation sera mise en place pour les \u00e9trangers d\u00e9j\u00e0 r\u00e9sidant en Espagne et qui ont besoin de r\u00e9gulariser leur situation administrative.","jetpack_sharing_enabled":true,"_links":{"self":[{"href":"https:\/\/www.cinc.com\/fr\/wp-json\/wp\/v2\/posts\/33123","targetHints":{"allow":["GET"]}}],"collection":[{"href":"https:\/\/www.cinc.com\/fr\/wp-json\/wp\/v2\/posts"}],"about":[{"href":"https:\/\/www.cinc.com\/fr\/wp-json\/wp\/v2\/types\/post"}],"author":[{"embeddable":true,"href":"https:\/\/www.cinc.com\/fr\/wp-json\/wp\/v2\/users\/25"}],"replies":[{"embeddable":true,"href":"https:\/\/www.cinc.com\/fr\/wp-json\/wp\/v2\/comments?post=33123"}],"version-history":[{"count":1,"href":"https:\/\/www.cinc.com\/fr\/wp-json\/wp\/v2\/posts\/33123\/revisions"}],"predecessor-version":[{"id":33124,"href":"https:\/\/www.cinc.com\/fr\/wp-json\/wp\/v2\/posts\/33123\/revisions\/33124"}],"wp:featuredmedia":[{"embeddable":true,"href":"https:\/\/www.cinc.com\/fr\/wp-json\/wp\/v2\/media\/33114"}],"wp:attachment":[{"href":"https:\/\/www.cinc.com\/fr\/wp-json\/wp\/v2\/media?parent=33123"}],"wp:term":[{"taxonomy":"category","embeddable":true,"href":"https:\/\/www.cinc.com\/fr\/wp-json\/wp\/v2\/categories?post=33123"},{"taxonomy":"post_tag","embeddable":true,"href":"https:\/\/www.cinc.com\/fr\/wp-json\/wp\/v2\/tags?post=33123"}],"curies":[{"name":"wp","href":"https:\/\/api.w.org\/{rel}","templated":true}]}}