{"id":32420,"date":"2025-11-18T19:10:09","date_gmt":"2025-11-18T18:10:09","guid":{"rendered":"https:\/\/www.cinc.com\/?p=32420"},"modified":"2025-11-18T19:10:10","modified_gmt":"2025-11-18T18:10:10","slug":"nouveau-decret-royal-sur-le-service-du-foyer-familial-quelles-obligations-ont-desormais-les-particuliers","status":"publish","type":"post","link":"https:\/\/www.cinc.com\/fr\/nouveau-decret-royal-sur-le-service-du-foyer-familial-quelles-obligations-ont-desormais-les-particuliers\/","title":{"rendered":"Nouveau d\u00e9cret royal sur le service du foyer familial : quelles obligations ont d\u00e9sormais les particuliers ?"},"content":{"rendered":"\n<p class=\"has-x-large-font-size\">Qu\u2019est-ce que le D\u00e9cret Royal 893\/2024 et pourquoi est-il important ?<\/p>\n\n\n\n<p>Le 10 septembre 2024 a \u00e9t\u00e9 publi\u00e9 le D\u00e9cret Royal 893\/2024, une norme qui r\u00e9glemente pour la premi\u00e8re fois de mani\u00e8re d\u00e9taill\u00e9e la protection de la s\u00e9curit\u00e9 et de la sant\u00e9 dans le cadre du service du foyer familial.<br>Cette r\u00e9glementation repr\u00e9sente une avanc\u00e9e significative dans la professionnalisation du secteur et dans l\u2019alignement des droits pr\u00e9ventifs des travailleurs et travailleuses du foyer.<\/p>\n\n\n\n<p class=\"has-x-large-font-size\">\u00c0 qui s\u2019applique cette nouvelle r\u00e9glementation ?<\/p>\n\n\n\n<p>Le d\u00e9cret concerne tous les particuliers qui emploient du personnel de maison, que le service soit fourni \u00e0 l\u2019heure, \u00e0 temps partiel ou \u00e0 temps complet.<br>Autrement dit, toute personne ayant une aide domestique employ\u00e9e doit respecter ces obligations.<\/p>\n\n\n\n<p class=\"has-x-large-font-size\">Quelles obligations les employeurs particuliers devront-ils respecter?<\/p>\n\n\n\n<p>Le D\u00e9cret Royal \u00e9tablit une s\u00e9rie de nouveaux exigences qu\u2019il faut prendre soigneusement en compte :<\/p>\n\n\n\n<ol start=\"1\" class=\"wp-block-list\">\n<li><strong>\u00c9laborer une \u00e9valuation des risques<\/strong><br>Les particuliers doivent r\u00e9aliser une \u00e9valuation des risques professionnels, en identifiant les dangers \u00e9ventuels li\u00e9s aux t\u00e2ches du domicile (nettoyage, utilisation de produits chimiques, mouvements r\u00e9p\u00e9titifs, charges, etc.) et en \u00e9tablissant les mesures pr\u00e9ventives n\u00e9cessaires.<\/li>\n\n\n\n<li><strong>Fournir des \u00e9quipements de protection individuelle (EPI)<\/strong><br>Lorsque les t\u00e2ches l\u2019exigent, la personne travailleuse doit disposer des EPI correspondants, comme des gants, des chaussures antid\u00e9rapantes ou des protections sp\u00e9cifiques pour la manipulation de certains produits.<\/li>\n\n\n\n<li><strong>Fournir une formation sp\u00e9cifique en pr\u00e9vention des risques professionnels<\/strong><br>La personne travailleuse doit recevoir une formation ad\u00e9quate et sp\u00e9cifique sur la mani\u00e8re d\u2019effectuer ses t\u00e2ches en toute s\u00e9curit\u00e9, sur l\u2019utilisation des EPI et sur la pr\u00e9vention des situations \u00e0 risque dans l\u2019environnement domestique.<\/li>\n\n\n\n<li><strong>Informer sur les risques et les mesures pr\u00e9ventives<\/strong><br>En plus de la formation, il est obligatoire de fournir des informations claires et compr\u00e9hensibles sur les risques sp\u00e9cifiques li\u00e9s au poste de travail et sur les mesures de pr\u00e9vention \u00e0 appliquer.<\/li>\n\n\n\n<li><strong>Garantir la possibilit\u00e9 de r\u00e9aliser un examen m\u00e9dical<\/strong><br>Le d\u00e9cret \u00e9tablit que la personne travailleuse doit avoir la possibilit\u00e9 d\u2019acc\u00e9der \u00e0 une surveillance de la sant\u00e9, c\u2019est-\u00e0-dire \u00e0 un examen m\u00e9dical li\u00e9 aux risques de son activit\u00e9.<\/li>\n<\/ol>\n\n\n\n<p class=\"has-x-large-font-size\">Que se passe-t-il si ces obligations ne sont pas respect\u00e9es ?<\/p>\n\n\n\n<p>Cette r\u00e9glementation renforce la protection d\u2019un collectif particuli\u00e8rement vuln\u00e9rable. Le non-respect peut entra\u00eener des responsabilit\u00e9s l\u00e9gales et d\u2019\u00e9ventuelles sanctions, ainsi qu\u2019augmenter le risque d\u2019accidents et d\u2019incidents au sein du foyer.<\/p>\n\n\n\n<p class=\"has-x-large-font-size\">Comment CINC peut-il aider ?<\/p>\n\n\n\n<p>Chez CINC, nous offrons des conseils en pr\u00e9vention des risques, l\u2019\u00e9laboration d\u2019\u00e9valuations, des informations r\u00e9glementaires et un accompagnement pour le respect du D\u00e9cret Royal, afin que les particuliers et les familles puissent s\u2019adapter \u00e0 cette nouvelle r\u00e9glementation en toute s\u00e9curit\u00e9.<\/p>\n","protected":false},"excerpt":{"rendered":"<p>Cette r\u00e9glementation repr\u00e9sente une avanc\u00e9e significative dans la professionnalisation du secteur et dans l\u2019alignement des droits pr\u00e9ventifs des travailleurs et travailleuses du foyer.<\/p>\n","protected":false},"author":25,"featured_media":32409,"comment_status":"closed","ping_status":"open","sticky":false,"template":"","format":"standard","meta":{"_acf_changed":false,"_uag_custom_page_level_css":"","_jetpack_memberships_contains_paid_content":false,"footnotes":""},"categories":[4],"tags":[],"class_list":["post-32420","post","type-post","status-publish","format-standard","has-post-thumbnail","hentry","category-non-classifiee"],"acf":[],"jetpack_featured_media_url":"https:\/\/www.cinc.com\/wp-content\/uploads\/cleaning-8853519_960_720.webp","uagb_featured_image_src":{"full":["https:\/\/www.cinc.com\/wp-content\/uploads\/cleaning-8853519_960_720.webp",960,549,false],"thumbnail":["https:\/\/www.cinc.com\/wp-content\/uploads\/cleaning-8853519_960_720-150x150.webp",150,150,true],"medium":["https:\/\/www.cinc.com\/wp-content\/uploads\/cleaning-8853519_960_720-300x172.webp",300,172,true],"medium_large":["https:\/\/www.cinc.com\/wp-content\/uploads\/cleaning-8853519_960_720-768x439.webp",768,439,true],"large":["https:\/\/www.cinc.com\/wp-content\/uploads\/cleaning-8853519_960_720.webp",960,549,false],"1536x1536":["https:\/\/www.cinc.com\/wp-content\/uploads\/cleaning-8853519_960_720.webp",960,549,false],"2048x2048":["https:\/\/www.cinc.com\/wp-content\/uploads\/cleaning-8853519_960_720.webp",960,549,false],"gform-image-choice-sm":["https:\/\/www.cinc.com\/wp-content\/uploads\/cleaning-8853519_960_720.webp",300,172,false],"gform-image-choice-md":["https:\/\/www.cinc.com\/wp-content\/uploads\/cleaning-8853519_960_720.webp",400,229,false],"gform-image-choice-lg":["https:\/\/www.cinc.com\/wp-content\/uploads\/cleaning-8853519_960_720.webp",600,343,false]},"uagb_author_info":{"display_name":"Neus Coll","author_link":"https:\/\/www.cinc.com\/fr\/author\/neus-coll\/"},"uagb_comment_info":0,"uagb_excerpt":"Cette r\u00e9glementation repr\u00e9sente une avanc\u00e9e significative dans la professionnalisation du secteur et dans l\u2019alignement des droits pr\u00e9ventifs des travailleurs et travailleuses du foyer.","jetpack_sharing_enabled":true,"_links":{"self":[{"href":"https:\/\/www.cinc.com\/fr\/wp-json\/wp\/v2\/posts\/32420","targetHints":{"allow":["GET"]}}],"collection":[{"href":"https:\/\/www.cinc.com\/fr\/wp-json\/wp\/v2\/posts"}],"about":[{"href":"https:\/\/www.cinc.com\/fr\/wp-json\/wp\/v2\/types\/post"}],"author":[{"embeddable":true,"href":"https:\/\/www.cinc.com\/fr\/wp-json\/wp\/v2\/users\/25"}],"replies":[{"embeddable":true,"href":"https:\/\/www.cinc.com\/fr\/wp-json\/wp\/v2\/comments?post=32420"}],"version-history":[{"count":1,"href":"https:\/\/www.cinc.com\/fr\/wp-json\/wp\/v2\/posts\/32420\/revisions"}],"predecessor-version":[{"id":32423,"href":"https:\/\/www.cinc.com\/fr\/wp-json\/wp\/v2\/posts\/32420\/revisions\/32423"}],"wp:featuredmedia":[{"embeddable":true,"href":"https:\/\/www.cinc.com\/fr\/wp-json\/wp\/v2\/media\/32409"}],"wp:attachment":[{"href":"https:\/\/www.cinc.com\/fr\/wp-json\/wp\/v2\/media?parent=32420"}],"wp:term":[{"taxonomy":"category","embeddable":true,"href":"https:\/\/www.cinc.com\/fr\/wp-json\/wp\/v2\/categories?post=32420"},{"taxonomy":"post_tag","embeddable":true,"href":"https:\/\/www.cinc.com\/fr\/wp-json\/wp\/v2\/tags?post=32420"}],"curies":[{"name":"wp","href":"https:\/\/api.w.org\/{rel}","templated":true}]}}