{"id":30906,"date":"2025-05-07T12:34:27","date_gmt":"2025-05-07T11:34:27","guid":{"rendered":"https:\/\/www.cinc.com\/?p=30906"},"modified":"2025-07-11T07:45:21","modified_gmt":"2025-07-11T06:45:21","slug":"pourquoi-de-plus-en-plus-dentreprises-preferent-elles-louer-des-bureaux-prives-plutot-que-des-espaces-de-coworking","status":"publish","type":"post","link":"https:\/\/www.cinc.com\/fr\/pourquoi-de-plus-en-plus-dentreprises-preferent-elles-louer-des-bureaux-prives-plutot-que-des-espaces-de-coworking\/","title":{"rendered":"Pourquoi de plus en plus d\u2019entreprises pr\u00e9f\u00e8rent-elles louer des bureaux priv\u00e9s plut\u00f4t que des espaces de coworking?"},"content":{"rendered":"\n<p>La fa\u00e7on dont nous travaillons a chang\u00e9, et avec elle, notre mani\u00e8re de concevoir les espaces professionnels. Il ne suffit plus d\u2019avoir un bureau disponible ; les entreprises recherchent des environnements qui accompagnent leur \u00e9volution, refl\u00e8tent leur identit\u00e9 et s\u2019adaptent \u00e0 leur rythme de croissance. <\/p>\n\n\n\n<p>La location d\u2019espaces de travail a \u00e9volu\u00e9 au-del\u00e0 du coworking traditionnel, et les entreprises en sont conscientes.<\/p>\n\n\n\n<p><\/p>\n\n\n\n<div class=\"wp-block-uagb-advanced-heading uagb-block-3843172d\"><h2 class=\"uagb-heading-text\">Nouvelles exigences en mati\u00e8re de location d\u2019espace de travail<\/h2><\/div>\n\n\n\n<p>De plus en plus d\u2019entreprises accordent de l\u2019importance \u00e0 des aspects tels que la confidentialit\u00e9, la personnalisation et la possibilit\u00e9 de faire \u00e9voluer leur environnement de travail. Ces nouvelles priorit\u00e9s ont fait du mod\u00e8le de bureau priv\u00e9 l\u2019une des options les plus recherch\u00e9es par les entreprises qui souhaitent projeter une image professionnelle et avoir un meilleur contr\u00f4le sur leur quotidien.<\/p>\n\n\n\n<p>Lorsqu\u2019elles choisissent un espace de travail \u00e0 louer, les entreprises ne priorisent plus uniquement le prix ou l\u2019emplacement, mais aussi la possibilit\u00e9 d\u2019adapter l\u2019espace \u00e0 leur fonctionnement. Notre offre de<a href=\"https:\/\/www.cinc.com\/fr\/bureaux-prives-a-barcelone\/\"> location de bureaux \u00e0 Barcelone<\/a> propose un environnement exclusif, plus calme, adapt\u00e9 aux r\u00e9unions, appels ou t\u00e2ches n\u00e9cessitant de la concentration. Pour ceux qui recherchent de la flexibilit\u00e9, nous proposons \u00e9galement un mod\u00e8le de bureau flexible, avec des espaces \u00e9volutifs, sans engagement \u00e0 long terme et avec des services int\u00e9gr\u00e9s.<\/p>\n\n\n\n<p>Cette approche hybride combine confidentialit\u00e9 et adaptabilit\u00e9, et red\u00e9finit ce que doit \u00eatre un environnement de travail id\u00e9al.<\/p>\n\n\n\n<p><\/p>\n\n\n\n<div class=\"wp-block-uagb-advanced-heading uagb-block-e7e0b013\"><h2 class=\"uagb-heading-text\">Quand vaut-il mieux opter pour un espace de coworking ou pour un bureau priv\u00e9?<\/h2><\/div>\n\n\n\n<p>Les espaces de coworking peuvent \u00eatre utiles aux premi\u00e8res \u00e9tapes ou pour les professionnels ind\u00e9pendants \u00e0 la recherche d\u2019un environnement collaboratif. Cependant, lorsqu\u2019une entreprise a besoin de stabilit\u00e9, d\u2019un environnement professionnel d\u00e9di\u00e9 et de plus de concentration, opter pour un espace exclusif est une d\u00e9cision plus strat\u00e9gique.<\/p>\n\n\n\n<p>Disposer d\u2019un environnement sur mesure permet d\u2019organiser le quotidien avec plus d\u2019efficacit\u00e9 et de renforcer l\u2019identit\u00e9 de marque \u2014 ce qui est souvent difficile dans des espaces partag\u00e9s.<\/p>\n\n\n\n<p>Au-del\u00e0 de l\u2019espace physique, disposer de bureaux propres influe \u00e9galement sur la dynamique de l\u2019\u00e9quipe. Un cadre d\u00e9fini favorise la cr\u00e9ation d\u2019une culture interne plus forte, renforce le sentiment d\u2019appartenance et permet aux collaborateurs de se sentir impliqu\u00e9s dans un projet stable.<\/p>\n\n\n\n<p>Tandis que les espaces partag\u00e9s encouragent l\u2019\u00e9change et la socialisation, un environnement exclusif permet d\u2019\u00e9tablir des routines plus cibl\u00e9es, d\u2019am\u00e9liorer la concentration et de construire une identit\u00e9 d\u2019entreprise plus claire. Cela est particuli\u00e8rement important pour les \u00e9quipes qui travaillent avec des m\u00e9thodologies agiles, sur des processus confidentiels ou en contact direct avec les clients.<\/p>\n\n\n\n<p><\/p>\n\n\n\n<div class=\"wp-block-uagb-advanced-heading uagb-block-3ec80dfb\"><h2 class=\"uagb-heading-text\">Vous cherchez un espace de travail professionnel et flexible \u00e0 louer?<\/h2><\/div>\n\n\n\n<p>Chez CINC, nous vous proposons la location de l\u2019espace de travail id\u00e9al pour faire grandir votre entreprise dans les meilleures conditions : des bureaux priv\u00e9s enti\u00e8rement \u00e9quip\u00e9s \u00e0 Barcelone, avec une image professionnelle, jusqu\u2019aux solutions de bureau flexible con\u00e7ues pour les entreprises en pleine expansion.<\/p>\n\n\n\n<p><\/p>\n\n\n\n<div class=\"wp-block-buttons is-content-justification-center is-layout-flex wp-container-core-buttons-is-layout-a89b3969 wp-block-buttons-is-layout-flex\">\n<div class=\"wp-block-button\"><a class=\"wp-block-button__link wp-element-button\" href=\"https:\/\/www.cinc.com\/fr\/contact\/\">Contactez-nous<\/a><\/div>\n<\/div>\n\n\n\n<p><\/p>\n","protected":false},"excerpt":{"rendered":"<p>De plus en plus d&rsquo;entreprises choisissent des bureaux priv\u00e9s plut\u00f4t que le coworking. On vous explique pourquoi et quels sont les avantages de la location d\u2019un espace de travail.<\/p>\n","protected":false},"author":424,"featured_media":29983,"comment_status":"closed","ping_status":"closed","sticky":false,"template":"","format":"standard","meta":{"_acf_changed":false,"_uag_custom_page_level_css":"","_jetpack_memberships_contains_paid_content":false,"footnotes":""},"categories":[224],"tags":[],"class_list":["post-30906","post","type-post","status-publish","format-standard","has-post-thumbnail","hentry","category-business-hub-fr"],"acf":[],"jetpack_featured_media_url":"https:\/\/www.cinc.com\/wp-content\/uploads\/editada-4-26.webp","uagb_featured_image_src":{"full":["https:\/\/www.cinc.com\/wp-content\/uploads\/editada-4-26.webp",2048,1365,false],"thumbnail":["https:\/\/www.cinc.com\/wp-content\/uploads\/editada-4-26-150x150.webp",150,150,true],"medium":["https:\/\/www.cinc.com\/wp-content\/uploads\/editada-4-26-300x200.webp",300,200,true],"medium_large":["https:\/\/www.cinc.com\/wp-content\/uploads\/editada-4-26-768x512.webp",768,512,true],"large":["https:\/\/www.cinc.com\/wp-content\/uploads\/editada-4-26-1024x683.webp",960,640,true],"1536x1536":["https:\/\/www.cinc.com\/wp-content\/uploads\/editada-4-26-1536x1024.webp",1536,1024,true],"2048x2048":["https:\/\/www.cinc.com\/wp-content\/uploads\/editada-4-26.webp",2048,1365,false],"gform-image-choice-sm":["https:\/\/www.cinc.com\/wp-content\/uploads\/editada-4-26.webp",300,200,false],"gform-image-choice-md":["https:\/\/www.cinc.com\/wp-content\/uploads\/editada-4-26.webp",400,267,false],"gform-image-choice-lg":["https:\/\/www.cinc.com\/wp-content\/uploads\/editada-4-26.webp",600,400,false]},"uagb_author_info":{"display_name":"Recepci\u00f3 BCN","author_link":"https:\/\/www.cinc.com\/fr\/author\/recepcio\/"},"uagb_comment_info":0,"uagb_excerpt":"De plus en plus d'entreprises choisissent des bureaux priv\u00e9s plut\u00f4t que le coworking. On vous explique pourquoi et quels sont les avantages de la location d\u2019un espace de travail.","jetpack_sharing_enabled":true,"_links":{"self":[{"href":"https:\/\/www.cinc.com\/fr\/wp-json\/wp\/v2\/posts\/30906","targetHints":{"allow":["GET"]}}],"collection":[{"href":"https:\/\/www.cinc.com\/fr\/wp-json\/wp\/v2\/posts"}],"about":[{"href":"https:\/\/www.cinc.com\/fr\/wp-json\/wp\/v2\/types\/post"}],"author":[{"embeddable":true,"href":"https:\/\/www.cinc.com\/fr\/wp-json\/wp\/v2\/users\/424"}],"replies":[{"embeddable":true,"href":"https:\/\/www.cinc.com\/fr\/wp-json\/wp\/v2\/comments?post=30906"}],"version-history":[{"count":1,"href":"https:\/\/www.cinc.com\/fr\/wp-json\/wp\/v2\/posts\/30906\/revisions"}],"predecessor-version":[{"id":30908,"href":"https:\/\/www.cinc.com\/fr\/wp-json\/wp\/v2\/posts\/30906\/revisions\/30908"}],"wp:featuredmedia":[{"embeddable":true,"href":"https:\/\/www.cinc.com\/fr\/wp-json\/wp\/v2\/media\/29983"}],"wp:attachment":[{"href":"https:\/\/www.cinc.com\/fr\/wp-json\/wp\/v2\/media?parent=30906"}],"wp:term":[{"taxonomy":"category","embeddable":true,"href":"https:\/\/www.cinc.com\/fr\/wp-json\/wp\/v2\/categories?post=30906"},{"taxonomy":"post_tag","embeddable":true,"href":"https:\/\/www.cinc.com\/fr\/wp-json\/wp\/v2\/tags?post=30906"}],"curies":[{"name":"wp","href":"https:\/\/api.w.org\/{rel}","templated":true}]}}