{"id":30899,"date":"2025-05-21T13:23:18","date_gmt":"2025-05-21T12:23:18","guid":{"rendered":"https:\/\/www.cinc.com\/?p=30899"},"modified":"2025-07-10T13:41:07","modified_gmt":"2025-07-10T12:41:07","slug":"semaine-de-travail-de-375-heures-et-nouveau-registre-horaire-numerique-que-doivent-savoir-les-entreprises","status":"publish","type":"post","link":"https:\/\/www.cinc.com\/fr\/semaine-de-travail-de-375-heures-et-nouveau-registre-horaire-numerique-que-doivent-savoir-les-entreprises\/","title":{"rendered":"Semaine de travail de 37,5 heures et nouveau registre horaire num\u00e9rique: que doivent savoir les entreprises?"},"content":{"rendered":"\n<p>Le Conseil des ministres a r\u00e9cemment approuv\u00e9 le projet de loi \u00e9tablissant la r\u00e9duction du temps de travail \u00e0 37,5 heures hebdomadaires, ainsi qu\u2019un nouveau syst\u00e8me obligatoire d\u2019enregistrement num\u00e9rique du temps de travail. Il s\u2019agit d\u2019une r\u00e9forme du travail ayant un impact important sur le quotidien des entreprises, notamment en mati\u00e8re de gestion du temps, de contr\u00f4le interne et de conformit\u00e9 r\u00e9glementaire.<\/p>\n\n\n\n<p>Cependant, cette r\u00e9glementation n\u2019est pas encore en vigueur : le projet doit encore entamer son parcours parlementaire et ne sera applicable qu\u2019apr\u00e8s sa publication officielle au Journal officiel (BOE). Selon le calendrier du gouvernement, le nouveau syst\u00e8me devrait \u00eatre op\u00e9rationnel avant l\u2019\u00e9t\u00e9 2025.<\/p>\n\n\n\n<p><\/p>\n\n\n\n<div class=\"wp-block-uagb-advanced-heading uagb-block-7a4a8518\"><h2 class=\"uagb-heading-text\">Que comprend la nouvelle r\u00e9forme du travail?<\/h2><\/div>\n\n\n\n<p><\/p>\n\n\n\n<div class=\"wp-block-uagb-advanced-heading uagb-block-6e684715\"><h3 class=\"uagb-heading-text\">R\u00e9duction du temps de travail<\/h3><\/div>\n\n\n\n<p>Le texte pr\u00e9voit une r\u00e9duction progressive du temps de travail sans r\u00e9duction de salaire. Initialement, la dur\u00e9e maximale a \u00e9t\u00e9 fix\u00e9e \u00e0 38,5 heures par semaine (\u00e0 partir de 2024), avec un objectif de 37,5 heures en 2025. Les entreprises dont les conventions collectives d\u00e9passent cette moyenne annuelle auront jusqu\u2019au 31 d\u00e9cembre 2025 pour s\u2019adapter.<\/p>\n\n\n\n<div class=\"wp-block-uagb-advanced-heading uagb-block-c6d41a1b\"><h3 class=\"uagb-heading-text\">Un enregistrement des horaires plus strict<\/h3><\/div>\n\n\n\n<p>Une des grandes nouveaut\u00e9s est la mise en place obligatoire d\u2019un syst\u00e8me num\u00e9rique de registre horaire, avec des mesures visant \u00e0 garantir la fiabilit\u00e9 et l\u2019authenticit\u00e9 du contr\u00f4le du temps de travail. Ce syst\u00e8me devra :<\/p>\n\n\n\n<ul class=\"wp-block-list\">\n<li>Enregistrer personnellement les heures d\u2019entr\u00e9e et de sortie du salari\u00e9.<\/li>\n\n\n\n<li>Identifier de mani\u00e8re incontestable la personne qui pointe.<\/li>\n\n\n\n<li>Consid\u00e9rer comme temps de travail effectif toute la p\u00e9riode entre l\u2019entr\u00e9e et la sortie.<\/li>\n\n\n\n<li>Permettre l\u2019acc\u00e8s \u00e0 distance et en temps r\u00e9el de l\u2019Inspection du Travail.<\/li>\n<\/ul>\n\n\n\n<p>En cas d\u2019impossibilit\u00e9 de justifier correctement les heures travaill\u00e9es, il sera pr\u00e9sum\u00e9 que le contrat est \u00e0 temps plein.<\/p>\n\n\n\n<div class=\"wp-block-uagb-advanced-heading uagb-block-ac573318\"><h3 class=\"uagb-heading-text\">R\u00e9sum\u00e9 mensuel des heures de travail et des heures suppl\u00e9mentaires<\/h3><\/div>\n\n\n\n<p>Une autre mesure importante est l\u2019obligation de remettre, avec la fiche de paie, un r\u00e9sum\u00e9 mensuel d\u00e9taillant les heures ordinaires, suppl\u00e9mentaires et compl\u00e9mentaires. Cette transparence vise \u00e0 mettre fin \u00e0 la fraude des heures suppl\u00e9mentaires non d\u00e9clar\u00e9es et \u00e0 permettre aux salari\u00e9s de v\u00e9rifier si leur temps de travail est correctement enregistr\u00e9.<\/p>\n\n\n\n<p>Elle s\u2019appliquera \u00e9galement aux contrats \u00e0 temps partiel : si la dur\u00e9e r\u00e9elle du travail ne peut \u00eatre justifi\u00e9e, le contrat sera consid\u00e9r\u00e9 comme \u00e0 temps plein.<\/p>\n\n\n\n<p><\/p>\n\n\n\n<div class=\"wp-block-uagb-advanced-heading uagb-block-9d5a4059\"><h2 class=\"uagb-heading-text\">Un changement profond dans la culture des horaires en entreprise<\/h2><\/div>\n\n\n\n<p>Cet ensemble de mesures repr\u00e9sente un changement structurel dans le fonctionnement interne de nombreuses entreprises, qui devront revoir leurs horaires, r\u00e9organiser les t\u00e2ches et adopter une technologie fiable pour l\u2019enregistrement. De plus, il sera n\u00e9cessaire de prendre en compte l\u2019impact sur les conventions collectives, la planification des effectifs et le droit \u00e0 la d\u00e9connexion num\u00e9rique.<\/p>\n\n\n\n<p><\/p>\n\n\n\n<div class=\"wp-block-uagb-advanced-heading uagb-block-26544f76\"><h2 class=\"uagb-heading-text\">CINC Conseil vous aide \u00e0 vous pr\u00e9parer au changement<\/h2><\/div>\n\n\n\n<p>Au <a href=\"https:\/\/www.cinc.com\/fr\/conseil-en-entreprise-et-gestion\/conseil-en-matiere-de-travail\/\">D\u00e9partement Travail<\/a> de CINC Conseil, nous vous aidons \u00e0 adapter votre entreprise \u00e0 la nouvelle r\u00e9glementation en toute s\u00e9curit\u00e9 :<\/p>\n\n\n\n<ul class=\"wp-block-list\">\n<li>Mise en place de syst\u00e8mes num\u00e9riques de suivi des horaires.<\/li>\n\n\n\n<li>Conseil juridique en mati\u00e8re de droit du travail et de conventions collectives.<\/li>\n\n\n\n<li>R\u00e9vision et adaptation des horaires conform\u00e9ment \u00e0 la nouvelle r\u00e9glementation.<\/li>\n\n\n\n<li>Pr\u00e9vention des risques et des sanctions en cas de non-respect.<\/li>\n<\/ul>\n\n\n\n<p>Vous souhaitez anticiper ce changement l\u00e9gal ? Contactez CINC Conseil, nous vous accompagnerons tout au long du processus.<\/p>\n\n\n\n<p><\/p>\n\n\n\n<div class=\"wp-block-buttons is-content-justification-center is-layout-flex wp-container-core-buttons-is-layout-a89b3969 wp-block-buttons-is-layout-flex\">\n<div class=\"wp-block-button\"><a class=\"wp-block-button__link wp-element-button\" href=\"https:\/\/www.cinc.com\/fr\/contact\/\">Contactez-nous<\/a><\/div>\n<\/div>\n\n\n\n<p><\/p>\n","protected":false},"excerpt":{"rendered":"<p>La nouvelle dur\u00e9e de travail de 37,5 heures et l\u2019enregistrement num\u00e9rique vont changer votre fa\u00e7on de travailler. D\u00e9couvrez ce que cela implique pour votre entreprise.<\/p>\n","protected":false},"author":424,"featured_media":30194,"comment_status":"closed","ping_status":"closed","sticky":false,"template":"","format":"standard","meta":{"_acf_changed":false,"_uag_custom_page_level_css":"","_jetpack_memberships_contains_paid_content":false,"footnotes":""},"categories":[222,4],"tags":[],"class_list":["post-30899","post","type-post","status-publish","format-standard","has-post-thumbnail","hentry","category-conseil-en-entreprise","category-non-classifiee"],"acf":[],"jetpack_featured_media_url":"https:\/\/www.cinc.com\/wp-content\/uploads\/jornada-37hores-registre-horari.png","uagb_featured_image_src":{"full":["https:\/\/www.cinc.com\/wp-content\/uploads\/jornada-37hores-registre-horari.png",1920,1080,false],"thumbnail":["https:\/\/www.cinc.com\/wp-content\/uploads\/jornada-37hores-registre-horari-150x150.png",150,150,true],"medium":["https:\/\/www.cinc.com\/wp-content\/uploads\/jornada-37hores-registre-horari-300x169.png",300,169,true],"medium_large":["https:\/\/www.cinc.com\/wp-content\/uploads\/jornada-37hores-registre-horari-768x432.png",768,432,true],"large":["https:\/\/www.cinc.com\/wp-content\/uploads\/jornada-37hores-registre-horari-1024x576.png",960,540,true],"1536x1536":["https:\/\/www.cinc.com\/wp-content\/uploads\/jornada-37hores-registre-horari-1536x864.png",1536,864,true],"2048x2048":["https:\/\/www.cinc.com\/wp-content\/uploads\/jornada-37hores-registre-horari.png",1920,1080,false],"gform-image-choice-sm":["https:\/\/www.cinc.com\/wp-content\/uploads\/jornada-37hores-registre-horari.png",300,169,false],"gform-image-choice-md":["https:\/\/www.cinc.com\/wp-content\/uploads\/jornada-37hores-registre-horari.png",400,225,false],"gform-image-choice-lg":["https:\/\/www.cinc.com\/wp-content\/uploads\/jornada-37hores-registre-horari.png",600,338,false]},"uagb_author_info":{"display_name":"Recepci\u00f3 BCN","author_link":"https:\/\/www.cinc.com\/fr\/author\/recepcio\/"},"uagb_comment_info":0,"uagb_excerpt":"La nouvelle dur\u00e9e de travail de 37,5 heures et l\u2019enregistrement num\u00e9rique vont changer votre fa\u00e7on de travailler. D\u00e9couvrez ce que cela implique pour votre entreprise.","jetpack_sharing_enabled":true,"_links":{"self":[{"href":"https:\/\/www.cinc.com\/fr\/wp-json\/wp\/v2\/posts\/30899","targetHints":{"allow":["GET"]}}],"collection":[{"href":"https:\/\/www.cinc.com\/fr\/wp-json\/wp\/v2\/posts"}],"about":[{"href":"https:\/\/www.cinc.com\/fr\/wp-json\/wp\/v2\/types\/post"}],"author":[{"embeddable":true,"href":"https:\/\/www.cinc.com\/fr\/wp-json\/wp\/v2\/users\/424"}],"replies":[{"embeddable":true,"href":"https:\/\/www.cinc.com\/fr\/wp-json\/wp\/v2\/comments?post=30899"}],"version-history":[{"count":1,"href":"https:\/\/www.cinc.com\/fr\/wp-json\/wp\/v2\/posts\/30899\/revisions"}],"predecessor-version":[{"id":30902,"href":"https:\/\/www.cinc.com\/fr\/wp-json\/wp\/v2\/posts\/30899\/revisions\/30902"}],"wp:featuredmedia":[{"embeddable":true,"href":"https:\/\/www.cinc.com\/fr\/wp-json\/wp\/v2\/media\/30194"}],"wp:attachment":[{"href":"https:\/\/www.cinc.com\/fr\/wp-json\/wp\/v2\/media?parent=30899"}],"wp:term":[{"taxonomy":"category","embeddable":true,"href":"https:\/\/www.cinc.com\/fr\/wp-json\/wp\/v2\/categories?post=30899"},{"taxonomy":"post_tag","embeddable":true,"href":"https:\/\/www.cinc.com\/fr\/wp-json\/wp\/v2\/tags?post=30899"}],"curies":[{"name":"wp","href":"https:\/\/api.w.org\/{rel}","templated":true}]}}