{"id":30887,"date":"2025-06-27T09:03:16","date_gmt":"2025-06-27T08:03:16","guid":{"rendered":"https:\/\/www.cinc.com\/?p=30887"},"modified":"2025-07-10T12:12:50","modified_gmt":"2025-07-10T11:12:50","slug":"votre-bureau-nest-pas-seulement-un-espace-cest-un-outil-de-leadership","status":"publish","type":"post","link":"https:\/\/www.cinc.com\/fr\/votre-bureau-nest-pas-seulement-un-espace-cest-un-outil-de-leadership\/","title":{"rendered":"Votre bureau n\u2019est pas seulement un espace: c\u2019est un outil de leadership"},"content":{"rendered":"\n<p>Quand on parle de leadership en entreprise, on pense souvent aux comp\u00e9tences douces, \u00e0 la strat\u00e9gie, \u00e0 la vision ou \u00e0 la prise de d\u00e9cisions. Mais il y a quelque chose qui est rarement mentionn\u00e9 et qui, pourtant, influence tout cela silencieusement : l\u2019espace de travail.<\/p>\n\n\n\n<p>Votre bureau n\u2019est pas seulement l\u2019endroit o\u00f9 se d\u00e9roulent les op\u00e9rations quotidiennes. C\u2019est le reflet de votre culture, une caisse de r\u00e9sonance pour votre marque et, surtout, un outil de leadership puissant. Comment ? En facilitant les d\u00e9cisions, en renfor\u00e7ant la communication et en projetant l\u2019autorit\u00e9. Si l\u2019espace est align\u00e9 avec votre mission, diriger devient plus facile. Et plus naturel.<\/p>\n\n\n\n<p><\/p>\n\n\n\n<div class=\"wp-block-uagb-advanced-heading uagb-block-3f31a590\"><h2 class=\"uagb-heading-text\">Un espace professionnel am\u00e9liore la prise de d\u00e9cision<\/h2><\/div>\n\n\n\n<p>La clart\u00e9 physique stimule la clart\u00e9 mentale. Un environnement bien con\u00e7u (avec lumi\u00e8re naturelle, bonne acoustique, organisation visuelle et zones bien d\u00e9limit\u00e9es) r\u00e9duit la surcharge cognitive et favorise une prise de d\u00e9cision plus rapide et efficace.<\/p>\n\n\n\n<p>Selon une \u00e9tude de l\u2019Universit\u00e9 Cornell, les bureaux b\u00e9n\u00e9ficiant d\u2019un \u00e9clairage naturel am\u00e9liorent la fonction cognitive des employ\u00e9s de 23 %. Cela se traduit par une plus grande agilit\u00e9 mentale, une meilleure capacit\u00e9 analytique et donc des d\u00e9cisions plus justes. Diriger demande de la concentration, et cette concentration commence par l\u2019environnement.<\/p>\n\n\n\n<p>De plus, disposer de salles priv\u00e9es, d\u2019espaces de concentration et de zones de collaboration adapt\u00e9es \u00e9vite les interruptions inutiles et permet de g\u00e9rer le temps de mani\u00e8re strat\u00e9gique. Lorsque chaque recoin du bureau r\u00e9pond \u00e0 un besoin r\u00e9el, diriger devient non seulement plus efficace, mais aussi plus durable.<\/p>\n\n\n\n<p><\/p>\n\n\n\n<div class=\"wp-block-uagb-advanced-heading uagb-block-6f01d222\"><h2 class=\"uagb-heading-text\">Un bureau con\u00e7u pour communiquer (vraiment)<\/h2><\/div>\n\n\n\n<p>La communication interne ne d\u00e9pend pas uniquement des outils num\u00e9riques. L\u2019espace physique communique aussi. Existe-t-il des zones pour \u00e9changer des id\u00e9es de mani\u00e8re informelle ? Y a-t-il des salles bien \u00e9quip\u00e9es pour des r\u00e9unions d\u00e9cisives ? L\u2019\u00e9quipe peut-elle se r\u00e9unir sans devoir se battre pour une salle disponible ?<\/p>\n\n\n\n<p>Selon une \u00e9tude publi\u00e9e dans la <em>Harvard Business Review<\/em>, des bureaux mal con\u00e7us peuvent r\u00e9duire les interactions en face \u00e0 face jusqu\u2019\u00e0 70 %, car les employ\u00e9s ont tendance \u00e0 s\u2019isoler et \u00e0 remplacer la collaboration par des messages num\u00e9riques. Cela d\u00e9montre que l\u2019environnement physique influence non seulement notre mani\u00e8re de travailler, mais aussi celle de communiquer. Un leader doit transmettre clairement \u2014 et cela ne d\u00e9pend pas uniquement de ce qu\u2019il dit, mais aussi d\u2019o\u00f9 et comment il le dit.<\/p>\n\n\n\n<p>Un bureau flexible, avec des zones pens\u00e9es pour diff\u00e9rents types d\u2019interactions (collaboration, concentration, inspiration), cr\u00e9e un \u00e9cosyst\u00e8me qui renforce votre leadership sans qu\u2019il soit n\u00e9cessaire de l\u2019imposer. La fluidit\u00e9 de l\u2019espace devient l\u2019alli\u00e9e de votre message.<\/p>\n\n\n\n<p><\/p>\n\n\n\n<h2 class=\"wp-block-heading\">Le leadership, c\u2019est aussi projeter de l\u2019autorit\u00e9 et une visi\u00f3n<\/h2>\n\n\n\n<p>Le bureau est un canal de communication silencieux, mais constant. Ce qu\u2019il transmet \u00e0 un client, \u00e0 un fournisseur ou \u00e0 un nouveau talent qui franchit la porte peut renforcer (ou affaiblir) votre autorit\u00e9 en tant que leader.<\/p>\n\n\n\n<p>Une \u00e9tude de Steelcase montre que 88 % des employ\u00e9s estiment que leur environnement de travail refl\u00e8te la culture et les valeurs de l\u2019entreprise. Que dit votre espace de vous ? Projette-t-il de l\u2019ordre, de l\u2019ambition, de la modernit\u00e9 ? Ou bien donne-t-il une impression d\u2019improvisation et de d\u00e9sorganisation ?<\/p>\n\n\n\n<p>Choisir un bureau soign\u00e9, bien situ\u00e9, bien \u00e9quip\u00e9 et adapt\u00e9 \u00e0 votre mod\u00e8le d\u2019affaires, c\u2019est envoyer un message clair : ici, on fait les choses s\u00e9rieusement. Et c\u2019est ce type de leadership qui inspire confiance.<\/p>\n\n\n\n<p><\/p>\n\n\n\n<div class=\"wp-block-uagb-advanced-heading uagb-block-6a73ae07\"><h2 class=\"uagb-heading-text\">Chez CINC, votre bureau est aussi un vecteur de leadership<\/h2><\/div>\n\n\n\n<p>Chez CINC, nous comprenons que diriger une entreprise va bien au-del\u00e0 de la gestion quotidienne. C\u2019est pourquoi nous proposons des <a href=\"https:\/\/www.cinc.com\/fr\/bureaux-prives-a-barcelone\/\">bureaux priv\u00e9s<\/a> et flexibles \u00e0 Barcelone et \u00e0 G\u00e9rone, con\u00e7us pour \u00eatre une v\u00e9ritable extension de votre leadership : des espaces qui vous aident \u00e0 penser avec clart\u00e9, \u00e0 communiquer avec impact et \u00e0 transmettre du professionnalisme.<\/p>\n\n\n\n<p>Nos bureaux sont enti\u00e8rement \u00e9quip\u00e9s, avec des salles de r\u00e9union modernes, un service personnalis\u00e9, des espaces communs inspirants et des emplacements strat\u00e9giques, tr\u00e8s bien desservis, comme le quartier 22@ en bord de mer ou le centre de G\u00e9rone, \u00e0 quelques minutes de la gare AVE. Chez CINC, vous trouverez un espace de travail \u00e0 la hauteur de votre ambition.<\/p>\n\n\n\n<p>D\u00e9couvrez comment nous pouvons vous aider \u00e0 mieux diriger depuis votre bureau:<\/p>\n\n\n\n<p><\/p>\n\n\n\n<div class=\"wp-block-buttons is-content-justification-center is-layout-flex wp-container-core-buttons-is-layout-a89b3969 wp-block-buttons-is-layout-flex\">\n<div class=\"wp-block-button\"><a class=\"wp-block-button__link wp-element-button\" href=\"https:\/\/www.cinc.com\/fr\/contact\/\">Contactez-nous<\/a><\/div>\n<\/div>\n","protected":false},"excerpt":{"rendered":"<p>L\u2019espace de travail influence bien plus que vous ne le pensez votre fa\u00e7on de diriger. D\u00e9couvrez pourquoi votre bureau parle aussi pour vous.<\/p>\n","protected":false},"author":424,"featured_media":30753,"comment_status":"closed","ping_status":"closed","sticky":false,"template":"","format":"standard","meta":{"_acf_changed":false,"_uag_custom_page_level_css":"","_jetpack_memberships_contains_paid_content":false,"footnotes":""},"categories":[224],"tags":[],"class_list":["post-30887","post","type-post","status-publish","format-standard","has-post-thumbnail","hentry","category-business-hub-fr"],"acf":[],"jetpack_featured_media_url":"https:\/\/www.cinc.com\/wp-content\/uploads\/oficinas-liderazgo.webp","uagb_featured_image_src":{"full":["https:\/\/www.cinc.com\/wp-content\/uploads\/oficinas-liderazgo.webp",1920,1080,false],"thumbnail":["https:\/\/www.cinc.com\/wp-content\/uploads\/oficinas-liderazgo-150x150.webp",150,150,true],"medium":["https:\/\/www.cinc.com\/wp-content\/uploads\/oficinas-liderazgo-300x169.webp",300,169,true],"medium_large":["https:\/\/www.cinc.com\/wp-content\/uploads\/oficinas-liderazgo-768x432.webp",768,432,true],"large":["https:\/\/www.cinc.com\/wp-content\/uploads\/oficinas-liderazgo-1024x576.webp",960,540,true],"1536x1536":["https:\/\/www.cinc.com\/wp-content\/uploads\/oficinas-liderazgo-1536x864.webp",1536,864,true],"2048x2048":["https:\/\/www.cinc.com\/wp-content\/uploads\/oficinas-liderazgo.webp",1920,1080,false],"gform-image-choice-sm":["https:\/\/www.cinc.com\/wp-content\/uploads\/oficinas-liderazgo.webp",300,169,false],"gform-image-choice-md":["https:\/\/www.cinc.com\/wp-content\/uploads\/oficinas-liderazgo.webp",400,225,false],"gform-image-choice-lg":["https:\/\/www.cinc.com\/wp-content\/uploads\/oficinas-liderazgo.webp",600,338,false]},"uagb_author_info":{"display_name":"Recepci\u00f3 BCN","author_link":"https:\/\/www.cinc.com\/fr\/author\/recepcio\/"},"uagb_comment_info":0,"uagb_excerpt":"L\u2019espace de travail influence bien plus que vous ne le pensez votre fa\u00e7on de diriger. D\u00e9couvrez pourquoi votre bureau parle aussi pour vous.","jetpack_sharing_enabled":true,"_links":{"self":[{"href":"https:\/\/www.cinc.com\/fr\/wp-json\/wp\/v2\/posts\/30887","targetHints":{"allow":["GET"]}}],"collection":[{"href":"https:\/\/www.cinc.com\/fr\/wp-json\/wp\/v2\/posts"}],"about":[{"href":"https:\/\/www.cinc.com\/fr\/wp-json\/wp\/v2\/types\/post"}],"author":[{"embeddable":true,"href":"https:\/\/www.cinc.com\/fr\/wp-json\/wp\/v2\/users\/424"}],"replies":[{"embeddable":true,"href":"https:\/\/www.cinc.com\/fr\/wp-json\/wp\/v2\/comments?post=30887"}],"version-history":[{"count":1,"href":"https:\/\/www.cinc.com\/fr\/wp-json\/wp\/v2\/posts\/30887\/revisions"}],"predecessor-version":[{"id":30891,"href":"https:\/\/www.cinc.com\/fr\/wp-json\/wp\/v2\/posts\/30887\/revisions\/30891"}],"wp:featuredmedia":[{"embeddable":true,"href":"https:\/\/www.cinc.com\/fr\/wp-json\/wp\/v2\/media\/30753"}],"wp:attachment":[{"href":"https:\/\/www.cinc.com\/fr\/wp-json\/wp\/v2\/media?parent=30887"}],"wp:term":[{"taxonomy":"category","embeddable":true,"href":"https:\/\/www.cinc.com\/fr\/wp-json\/wp\/v2\/categories?post=30887"},{"taxonomy":"post_tag","embeddable":true,"href":"https:\/\/www.cinc.com\/fr\/wp-json\/wp\/v2\/tags?post=30887"}],"curies":[{"name":"wp","href":"https:\/\/api.w.org\/{rel}","templated":true}]}}