{"id":30856,"date":"2024-04-22T10:11:45","date_gmt":"2024-04-22T09:11:45","guid":{"rendered":"https:\/\/www.cinc.com\/?p=30856"},"modified":"2025-07-09T14:01:01","modified_gmt":"2025-07-09T13:01:01","slug":"les-demandeurs-dasile-ne-pourront-plus-obtenir-la-residence-en-espagne-pour-les-racines-de-lemploi","status":"publish","type":"post","link":"https:\/\/www.cinc.com\/fr\/les-demandeurs-dasile-ne-pourront-plus-obtenir-la-residence-en-espagne-pour-les-racines-de-lemploi\/","title":{"rendered":"Les demandeurs d&rsquo;asile ne pourront plus obtenir la r\u00e9sidence en Espagne pour les racines de l&#8217;emploi"},"content":{"rendered":"\n<p>Les personnes qui ont demand\u00e9 l&rsquo;asile en Espagne pour les racines de l&#8217;emploi ne pourront plus le faire pour obtenir la r\u00e9sidence dans le pays. Selon une disposition interne du Secr\u00e9tariat g\u00e9n\u00e9ral aux migrations, le Tribunal supr\u00eame a proc\u00e9d\u00e9 \u00e0 un changement de crit\u00e8re. Dans un arr\u00eat rendu le 24 janvier, le Tribunal supr\u00eame a d\u00e9fini que les demandeurs d&rsquo;asile se trouvent en Espagne dans une situation de \u00ab simple tol\u00e9rance \u00bb au moment o\u00f9 leur demande est examin\u00e9e.<\/p>\n\n\n\n<p>La Cour supr\u00eame affirme dans son arr\u00eat qu&rsquo;\u00e9tant donn\u00e9 qu&rsquo;ils ne se trouvent pas dans une situation de \u00ab r\u00e9sidence \u00bb ou de \u00ab s\u00e9jour \u00bb, comme le pr\u00e9voit le r\u00e8glement sur les \u00e9trangers, il n&rsquo;est pas possible d&rsquo;appliquer ce chiffre. Ce changement de crit\u00e8re affecte des milliers de demandeurs d&rsquo;asile qui avaient pr\u00e9vu de demander un \u00abracines de l&#8217;emploi\u00bb comme moyen le plus s\u00fbr d&rsquo;obtenir un permis de s\u00e9jour.<\/p>\n\n\n\n<p>Actuellement, les demandeurs d&rsquo;asile ont le droit de vivre et de travailler en Espagne \u00e0 titre provisoire pendant que leur demande est \u00e9tudi\u00e9e, jusqu&rsquo;\u00e0 ce qu&rsquo;elle soit accept\u00e9e ou rejet\u00e9e. Pour demander le statut de travailleur, ils doivent justifier de deux ans de r\u00e9sidence en Espagne et d&rsquo;une relation de travail d&rsquo;au moins six mois et 30 heures par semaine.<\/p>\n\n\n\n<p>Si vous souhaitez obtenir plus d&rsquo;informations sur cette nouveaut\u00e9 et sur la mani\u00e8re d&rsquo;obtenir votre r\u00e9sidence en Espagne, n&rsquo;h\u00e9sitez pas \u00e0 <a href=\"https:\/\/www.cinc.com\/fr\/contact\/\">contacter<\/a> le <a href=\"https:\/\/www.cinc.com\/fr\/conseil-en-entreprise-et-gestion\/immigration\/\">d\u00e9partement d&rsquo;immigration<\/a> de CINC Conseil.<\/p>\n\n\n\n<p><\/p>\n","protected":false},"excerpt":{"rendered":"<p>Les personnes ayant demand\u00e9 l&rsquo;asile en Espagne par le biais de l\u2019enracinement professionnel ne pourront plus le faire pour obtenir leur titre de s\u00e9jour dans le pays.<\/p>\n","protected":false},"author":424,"featured_media":25155,"comment_status":"closed","ping_status":"closed","sticky":false,"template":"","format":"standard","meta":{"_acf_changed":false,"_uag_custom_page_level_css":"","_jetpack_memberships_contains_paid_content":false,"footnotes":""},"categories":[222],"tags":[],"class_list":["post-30856","post","type-post","status-publish","format-standard","has-post-thumbnail","hentry","category-conseil-en-entreprise"],"acf":[],"jetpack_featured_media_url":"https:\/\/www.cinc.com\/wp-content\/uploads\/2024\/04\/Asilo-arraigo-laboral.webp","uagb_featured_image_src":{"full":["https:\/\/www.cinc.com\/wp-content\/uploads\/2024\/04\/Asilo-arraigo-laboral.webp",1920,1080,false],"thumbnail":["https:\/\/www.cinc.com\/wp-content\/uploads\/2024\/04\/Asilo-arraigo-laboral-150x150.webp",150,150,true],"medium":["https:\/\/www.cinc.com\/wp-content\/uploads\/2024\/04\/Asilo-arraigo-laboral-300x169.webp",300,169,true],"medium_large":["https:\/\/www.cinc.com\/wp-content\/uploads\/2024\/04\/Asilo-arraigo-laboral-768x432.webp",768,432,true],"large":["https:\/\/www.cinc.com\/wp-content\/uploads\/2024\/04\/Asilo-arraigo-laboral-1024x576.webp",960,540,true],"1536x1536":["https:\/\/www.cinc.com\/wp-content\/uploads\/2024\/04\/Asilo-arraigo-laboral-1536x864.webp",1536,864,true],"2048x2048":["https:\/\/www.cinc.com\/wp-content\/uploads\/2024\/04\/Asilo-arraigo-laboral.webp",1920,1080,false],"gform-image-choice-sm":["https:\/\/www.cinc.com\/wp-content\/uploads\/2024\/04\/Asilo-arraigo-laboral.webp",300,169,false],"gform-image-choice-md":["https:\/\/www.cinc.com\/wp-content\/uploads\/2024\/04\/Asilo-arraigo-laboral.webp",400,225,false],"gform-image-choice-lg":["https:\/\/www.cinc.com\/wp-content\/uploads\/2024\/04\/Asilo-arraigo-laboral.webp",600,338,false]},"uagb_author_info":{"display_name":"Recepci\u00f3 BCN","author_link":"https:\/\/www.cinc.com\/fr\/author\/recepcio\/"},"uagb_comment_info":0,"uagb_excerpt":"Les personnes ayant demand\u00e9 l'asile en Espagne par le biais de l\u2019enracinement professionnel ne pourront plus le faire pour obtenir leur titre de s\u00e9jour dans le pays.","jetpack_sharing_enabled":true,"_links":{"self":[{"href":"https:\/\/www.cinc.com\/fr\/wp-json\/wp\/v2\/posts\/30856","targetHints":{"allow":["GET"]}}],"collection":[{"href":"https:\/\/www.cinc.com\/fr\/wp-json\/wp\/v2\/posts"}],"about":[{"href":"https:\/\/www.cinc.com\/fr\/wp-json\/wp\/v2\/types\/post"}],"author":[{"embeddable":true,"href":"https:\/\/www.cinc.com\/fr\/wp-json\/wp\/v2\/users\/424"}],"replies":[{"embeddable":true,"href":"https:\/\/www.cinc.com\/fr\/wp-json\/wp\/v2\/comments?post=30856"}],"version-history":[{"count":1,"href":"https:\/\/www.cinc.com\/fr\/wp-json\/wp\/v2\/posts\/30856\/revisions"}],"predecessor-version":[{"id":30857,"href":"https:\/\/www.cinc.com\/fr\/wp-json\/wp\/v2\/posts\/30856\/revisions\/30857"}],"wp:featuredmedia":[{"embeddable":true,"href":"https:\/\/www.cinc.com\/fr\/wp-json\/wp\/v2\/media\/25155"}],"wp:attachment":[{"href":"https:\/\/www.cinc.com\/fr\/wp-json\/wp\/v2\/media?parent=30856"}],"wp:term":[{"taxonomy":"category","embeddable":true,"href":"https:\/\/www.cinc.com\/fr\/wp-json\/wp\/v2\/categories?post=30856"},{"taxonomy":"post_tag","embeddable":true,"href":"https:\/\/www.cinc.com\/fr\/wp-json\/wp\/v2\/tags?post=30856"}],"curies":[{"name":"wp","href":"https:\/\/api.w.org\/{rel}","templated":true}]}}