{"id":30839,"date":"2024-06-10T11:15:50","date_gmt":"2024-06-10T10:15:50","guid":{"rendered":"https:\/\/www.cinc.com\/?p=30839"},"modified":"2025-07-09T13:27:17","modified_gmt":"2025-07-09T12:27:17","slug":"lenracinement-pour-la-formation-en-2024-quest-ce-que-cest-et-quelles-sont-les-exigences","status":"publish","type":"post","link":"https:\/\/www.cinc.com\/fr\/lenracinement-pour-la-formation-en-2024-quest-ce-que-cest-et-quelles-sont-les-exigences\/","title":{"rendered":"L&rsquo;enracinement pour la formation en 2024: qu&rsquo;est-ce que c&rsquo;est et quelles sont les exigences?"},"content":{"rendered":"\n<p>L&rsquo;enracinement pour la formation est un permis de s\u00e9jour temporaire pour circonstances exceptionnelles qui peut \u00eatre accord\u00e9 aux citoyens \u00e9trangers qui se trouvent en Espagne et y ont s\u00e9journ\u00e9 de <strong>mani\u00e8re continue pendant deux ans<\/strong>, leur permettant d&rsquo;obtenir une autorisation pour <strong>effectuer une formation<\/strong>, sous r\u00e9serve de l&rsquo;obtention du permis de s\u00e9jour et de travail \u00e0 l&rsquo;issue de la formation et de la pr\u00e9sentation d&rsquo;un contrat de travail.<\/p>\n\n\n\n<p>L&rsquo;autorisation accord\u00e9e ne peut \u00eatre prolong\u00e9e qu&rsquo;une seule fois pour une nouvelle p\u00e9riode de 12 mois dans les cas o\u00f9 la formation dure plus d&rsquo;un an ou d\u00e9passe la dur\u00e9e de la premi\u00e8re autorisation accord\u00e9e.<\/p>\n\n\n\n<p><\/p>\n\n\n\n<div class=\"wp-block-uagb-advanced-heading uagb-block-dddb517a\"><h2 class=\"uagb-heading-text\">Exigences de l&rsquo;enracinement pour la formation<\/h2><\/div>\n\n\n\n<ul class=\"wp-block-list\">\n<li>Ne pas \u00eatre citoyen d&rsquo;un \u00c9tat de l&rsquo;Union europ\u00e9enne, de l&rsquo;Espace \u00e9conomique europ\u00e9en ou de la Suisse, ni membre de la famille d&rsquo;un citoyen de ces pays auquel s&rsquo;applique le r\u00e9gime du citoyen de l&rsquo;Union.<\/li>\n\n\n\n<li>Ne pas avoir de casier judiciaire en Espagne et dans son pays d&rsquo;origine ou dans le ou les pays o\u00f9 il a r\u00e9sid\u00e9 au cours des cinq derni\u00e8res ann\u00e9es.<\/li>\n\n\n\n<li>Ne pas faire l&rsquo;objet d&rsquo;une interdiction d&rsquo;entr\u00e9e en Espagne ni d&rsquo;un refus d&rsquo;entr\u00e9e dans l&rsquo;espace territorial des pays avec lesquels l&rsquo;Espagne a sign\u00e9 un accord \u00e0 cet effet.<\/li>\n\n\n\n<li>Ne pas se trouver, le cas \u00e9ch\u00e9ant, dans la p\u00e9riode d&rsquo;engagement de non-retour en Espagne que l&rsquo;\u00e9tranger a assum\u00e9e en retournant volontairement dans son pays d&rsquo;origine.<\/li>\n\n\n\n<li>Avoir s\u00e9journ\u00e9 de mani\u00e8re continue en Espagne pendant une p\u00e9riode minimale de deux ans avant la demande d&rsquo;autorisation. On entend par s\u00e9jour continu le fait que les absences n&rsquo;ont pas d\u00e9pass\u00e9 90 jours au cours des deux derni\u00e8res ann\u00e9es.<\/li>\n\n\n\n<li>S&rsquo;engager \u00e0 suivre une formation :\n<ul class=\"wp-block-list\">\n<li>R\u00e9glement\u00e9e en vue d&rsquo;un emploi ou de l&rsquo;obtention d&rsquo;un certificat de professionnalisme, ou d&rsquo;une formation conduisant \u00e0 l&rsquo;obtention d&rsquo;un certificat d&rsquo;aptitude technique ou d&rsquo;une qualification professionnelle n\u00e9cessaire \u00e0 l&rsquo;exercice d&rsquo;une profession sp\u00e9cifique ou promue par les services publics de l&#8217;emploi et visant \u00e0 l&rsquo;exercice des professions figurant dans le catalogue vis\u00e9 \u00e0 l&rsquo;article 65.1.<\/li>\n\n\n\n<li>Ou, dans le cadre de la formation continue des universit\u00e9s, s&rsquo;engager \u00e0 suivre des cours d&rsquo;approfondissement ou d&rsquo;actualisation de la formation ou des comp\u00e9tences et aptitudes professionnelles, ainsi que d&rsquo;autres cours de formation continue.<\/li>\n\n\n\n<li>\u00c0 cette fin, l&rsquo;inscription doit avoir \u00e9t\u00e9 effectu\u00e9e dans les trois mois suivant la notification de la d\u00e9cision d&rsquo;octroi du permis de s\u00e9jour.<\/li>\n<\/ul>\n<\/li>\n\n\n\n<li>La taxe correspondante pour le traitement de la proc\u00e9dure doit avoir \u00e9t\u00e9 pay\u00e9e.<\/li>\n<\/ul>\n\n\n\n<p><\/p>\n\n\n\n<div class=\"wp-block-uagb-advanced-heading uagb-block-069f9be7\"><h2 class=\"uagb-heading-text\">Des nouvelles avec cette r\u00e9forme du r\u00e8glement sur les \u00e9trangers<\/h2><\/div>\n\n\n\n<p>Jusqu&rsquo;\u00e0 pr\u00e9sent, ce permis ne permettait pas de travailler pendant les \u00e9tudes. Toutefois, conform\u00e9ment \u00e0 ce qui a \u00e9t\u00e9 annonc\u00e9 dans le cadre de la nouvelle r\u00e9forme du <strong>r\u00e8glement sur les \u00e9trangers<\/strong>, l&rsquo;incorporation du permis de travail \u00e0 ce type de permis de s\u00e9jour est \u00e0 l&rsquo;\u00e9tude. <\/p>\n\n\n\n<p>Si vous remplissez les conditions requises pour ce type de r\u00e9sidence ou si vous avez des doutes sur la mani\u00e8re de mener \u00e0 bien les proc\u00e9dures d&rsquo;immigration, veuillez contacter le d\u00e9partement d&rsquo;immigration de CINC Conseil et nous vous aiderons \u00e0 r\u00e9gler votre situation juridique dans le pays.<\/p>\n\n\n\n<p><\/p>\n\n\n\n<div class=\"wp-block-buttons is-content-justification-center is-layout-flex wp-container-core-buttons-is-layout-a89b3969 wp-block-buttons-is-layout-flex\">\n<div class=\"wp-block-button\"><a class=\"wp-block-button__link wp-element-button\" href=\"https:\/\/www.cinc.com\/fr\/contact\/\"><strong>Consultez-nous<\/strong><\/a><\/div>\n<\/div>\n\n\n\n<p><\/p>\n","protected":false},"excerpt":{"rendered":"<p>D\u00e9couvrez les conditions requises pour l&rsquo;enracinement par la formation et obtenez l&rsquo;autorisation de r\u00e9sidence temporaire pour circonstances exceptionnelles.<\/p>\n","protected":false},"author":424,"featured_media":25561,"comment_status":"closed","ping_status":"closed","sticky":false,"template":"","format":"standard","meta":{"_acf_changed":false,"_uag_custom_page_level_css":"","_jetpack_memberships_contains_paid_content":false,"footnotes":""},"categories":[223],"tags":[],"class_list":["post-30839","post","type-post","status-publish","format-standard","has-post-thumbnail","hentry","category-general-fr"],"acf":[],"jetpack_featured_media_url":"https:\/\/www.cinc.com\/wp-content\/uploads\/2024\/06\/Fotos-Blog-CINC-WordPress-50.webp","uagb_featured_image_src":{"full":["https:\/\/www.cinc.com\/wp-content\/uploads\/2024\/06\/Fotos-Blog-CINC-WordPress-50.webp",1920,1080,false],"thumbnail":["https:\/\/www.cinc.com\/wp-content\/uploads\/2024\/06\/Fotos-Blog-CINC-WordPress-50-150x150.webp",150,150,true],"medium":["https:\/\/www.cinc.com\/wp-content\/uploads\/2024\/06\/Fotos-Blog-CINC-WordPress-50-300x169.webp",300,169,true],"medium_large":["https:\/\/www.cinc.com\/wp-content\/uploads\/2024\/06\/Fotos-Blog-CINC-WordPress-50-768x432.webp",768,432,true],"large":["https:\/\/www.cinc.com\/wp-content\/uploads\/2024\/06\/Fotos-Blog-CINC-WordPress-50-1024x576.webp",960,540,true],"1536x1536":["https:\/\/www.cinc.com\/wp-content\/uploads\/2024\/06\/Fotos-Blog-CINC-WordPress-50-1536x864.webp",1536,864,true],"2048x2048":["https:\/\/www.cinc.com\/wp-content\/uploads\/2024\/06\/Fotos-Blog-CINC-WordPress-50.webp",1920,1080,false],"gform-image-choice-sm":["https:\/\/www.cinc.com\/wp-content\/uploads\/2024\/06\/Fotos-Blog-CINC-WordPress-50.webp",300,169,false],"gform-image-choice-md":["https:\/\/www.cinc.com\/wp-content\/uploads\/2024\/06\/Fotos-Blog-CINC-WordPress-50.webp",400,225,false],"gform-image-choice-lg":["https:\/\/www.cinc.com\/wp-content\/uploads\/2024\/06\/Fotos-Blog-CINC-WordPress-50.webp",600,338,false]},"uagb_author_info":{"display_name":"Recepci\u00f3 BCN","author_link":"https:\/\/www.cinc.com\/fr\/author\/recepcio\/"},"uagb_comment_info":0,"uagb_excerpt":"D\u00e9couvrez les conditions requises pour l'enracinement par la formation et obtenez l'autorisation de r\u00e9sidence temporaire pour circonstances exceptionnelles.","jetpack_sharing_enabled":true,"_links":{"self":[{"href":"https:\/\/www.cinc.com\/fr\/wp-json\/wp\/v2\/posts\/30839","targetHints":{"allow":["GET"]}}],"collection":[{"href":"https:\/\/www.cinc.com\/fr\/wp-json\/wp\/v2\/posts"}],"about":[{"href":"https:\/\/www.cinc.com\/fr\/wp-json\/wp\/v2\/types\/post"}],"author":[{"embeddable":true,"href":"https:\/\/www.cinc.com\/fr\/wp-json\/wp\/v2\/users\/424"}],"replies":[{"embeddable":true,"href":"https:\/\/www.cinc.com\/fr\/wp-json\/wp\/v2\/comments?post=30839"}],"version-history":[{"count":2,"href":"https:\/\/www.cinc.com\/fr\/wp-json\/wp\/v2\/posts\/30839\/revisions"}],"predecessor-version":[{"id":30848,"href":"https:\/\/www.cinc.com\/fr\/wp-json\/wp\/v2\/posts\/30839\/revisions\/30848"}],"wp:featuredmedia":[{"embeddable":true,"href":"https:\/\/www.cinc.com\/fr\/wp-json\/wp\/v2\/media\/25561"}],"wp:attachment":[{"href":"https:\/\/www.cinc.com\/fr\/wp-json\/wp\/v2\/media?parent=30839"}],"wp:term":[{"taxonomy":"category","embeddable":true,"href":"https:\/\/www.cinc.com\/fr\/wp-json\/wp\/v2\/categories?post=30839"},{"taxonomy":"post_tag","embeddable":true,"href":"https:\/\/www.cinc.com\/fr\/wp-json\/wp\/v2\/tags?post=30839"}],"curies":[{"name":"wp","href":"https:\/\/api.w.org\/{rel}","templated":true}]}}