{"id":28703,"date":"2025-01-07T09:50:55","date_gmt":"2025-01-07T08:50:55","guid":{"rendered":"https:\/\/www.cinc.com\/les-salles-de-formation-comme-outil-strategique-de-croissance-des-entreprises\/"},"modified":"2025-01-20T11:40:14","modified_gmt":"2025-01-20T10:40:14","slug":"les-salles-de-formation-comme-outil-strategique-de-croissance-des-entreprises","status":"publish","type":"post","link":"https:\/\/www.cinc.com\/fr\/les-salles-de-formation-comme-outil-strategique-de-croissance-des-entreprises\/","title":{"rendered":"Les salles de formation comme outil strat\u00e9gique de croissance des entreprises"},"content":{"rendered":"\n<p>Saviez-vous que l&rsquo;environnement dans lequel une formation est dispens\u00e9e peut faire la diff\u00e9rence entre une \u00e9quipe inspir\u00e9e et une \u00e9quipe d\u00e9motiv\u00e9e ? Bien que nous ayons tendance \u00e0 concentrer notre attention sur le contenu des formations, l&rsquo;espace dans lequel elles se d\u00e9roulent a un impact direct sur la productivit\u00e9 et la r\u00e9tention des connaissances. Selon une \u00e9tude r\u00e9cente de The Learning Spaces Project, la conception de l&rsquo;environnement peut influencer jusqu&rsquo;\u00e0 30 % de l&rsquo;efficacit\u00e9 de l&rsquo;apprentissage. Mais qu&rsquo;est-ce qui fait qu&rsquo;une salle de formation cesse d&rsquo;\u00eatre un simple espace pour devenir un outil strat\u00e9gique?   <\/p>\n\n<h2 class=\"wp-block-heading\">Le pouvoir de l&rsquo;espace dans l&rsquo;apprentissage et la collaboration<\/h2>\n\n<p>Les salles de formation \u00e9quip\u00e9es ne sont pas seulement un lieu o\u00f9 rassembler des personnes : ce sont des environnements soigneusement con\u00e7us pour favoriser l&rsquo;apprentissage, la cr\u00e9ativit\u00e9 et l&rsquo;interaction. De l&rsquo;\u00e9clairage et de l&rsquo;acoustique au mobilier et \u00e0 la technologie disponible, chaque \u00e9l\u00e9ment est pens\u00e9 pour cr\u00e9er une ambiance propice \u00e0 la concentration et \u00e0 l&rsquo;\u00e9change d&rsquo;id\u00e9es. <\/p>\n\n<p>Par exemple, un espace bien \u00e9clair\u00e9 avec un acc\u00e8s \u00e0 des technologies avanc\u00e9es, comme des projecteurs de derni\u00e8re g\u00e9n\u00e9ration ou des \u00e9crans interactifs, favorise une exp\u00e9rience immersive qui aide les participants \u00e0 rester engag\u00e9s. De plus, la disposition modulaire du mobilier permet de cr\u00e9er des dynamiques de groupe efficaces, s&rsquo;adaptant aux besoins sp\u00e9cifiques de chaque formation. <\/p>\n\n<h2 class=\"wp-block-heading\">Un investissement avec un retour sur investissement pour l&rsquo;entreprise<\/h2>\n\n<p>Il ne s&rsquo;agit pas seulement de confort : investir dans des salles de formation professionnelles a un impact tangible sur la performance de l&rsquo;entreprise. Et des \u00e9tudes comme celle de Harvard Business Review le d\u00e9montrent, soulignant que les entreprises qui investissent dans la formation de leurs employ\u00e9s dans des environnements ad\u00e9quats connaissent une augmentation de 20 % de la r\u00e9tention des talents et une hausse de 15 % de la productivit\u00e9. De plus, les espaces bien \u00e9quip\u00e9s facilitent l&rsquo;apprentissage pratique, am\u00e9liorant la mise en \u0153uvre des comp\u00e9tences acquises dans le quotidien professionnel.  <\/p>\n\n<p>D&rsquo;autre part, un environnement professionnel bien pr\u00e9sent\u00e9 refl\u00e8te \u00e9galement l&rsquo;image de l&rsquo;entreprise aupr\u00e8s des clients, partenaires et collaborateurs, renfor\u00e7ant ainsi sa r\u00e9putation et son engagement envers l&rsquo;excellence.<\/p>\n\n<h2 class=\"wp-block-heading\">Espacios que impulsan el crecimiento<\/h2>\n\n<p>Des ateliers intensifs aux pr\u00e9sentations d&rsquo;entreprise, les salles de formation sont devenues des centres d&rsquo;innovation et de d\u00e9veloppement strat\u00e9gique pour les entreprises de toutes tailles. Ce sont des espaces flexibles, \u00e9quip\u00e9s de technologies de pointe et con\u00e7us pour favoriser la collaboration, permettant aux \u00e9quipes de travailler de mani\u00e8re plus efficace et cr\u00e9ative. <\/p>\n\n<p>Les entreprises leaders ont transform\u00e9 leur approche de la formation en privil\u00e9giant des salles professionnelles, obtenant non seulement de meilleurs r\u00e9sultats en mati\u00e8re de formation, mais aussi un impact positif sur le climat de travail et la coh\u00e9sion de leurs \u00e9quipes.<\/p>\n\n<p><\/p>\n\n<h4 class=\"wp-block-heading\">Salles de formation chez CINC : des espaces qui font la diff\u00e9rence<\/h4>\n\n<p>Chez CINC, nous comprenons que le bon environnement est essentiel pour le succ\u00e8s de toute formation. C&rsquo;est pourquoi nos salles sont con\u00e7ues pour r\u00e9pondre aux besoins les plus exigeants: <\/p>\n\n<ul class=\"wp-block-list\">\n<li>Emplacement privil\u00e9gi\u00e9 au c\u0153ur de Barcelone, G\u00e9rone et Figueras.<\/li>\n\n\n\n<li>\u00c9quipement technologique de derni\u00e8re g\u00e9n\u00e9ration, des \u00e9crans \u00e0 la connexion Wi-Fi haut d\u00e9bit.<\/li>\n\n\n\n<li>Espaces polyvalents qui s&rsquo;adaptent \u00e0 tout format de r\u00e9union, de formation ou d&rsquo;\u00e9v\u00e9nement d&rsquo;entreprise.<\/li>\n\n\n\n<li>Personnel de soutien d\u00e9di\u00e9 pour garantir que tout fonctionne \u00e0 la perfection.<\/li>\n<\/ul>\n\n<p>Que vous ayez besoin d&rsquo;un espace pour une r\u00e9union strat\u00e9gique, un atelier intensif ou une formation sp\u00e9cialis\u00e9e, chez CINC, vous trouverez l&rsquo;environnement parfait pour que vos formations d&rsquo;entreprise se d\u00e9roulent \u00e0 la perfection. <\/p>\n\n<p><a href=\"https:\/\/www.cinc.com\/fr\/contact\/\">Contactez-<\/a>nous et d\u00e9couvrez comment nos salles de formation peuvent devenir l&rsquo;alli\u00e9 strat\u00e9gique dont votre entreprise a besoin. Nous sommes l\u00e0 pour vous aider \u00e0 grandir ! <\/p>\n\n<p><\/p>\n","protected":false},"excerpt":{"rendered":"<p>D\u00e9couvrez comment les salles de formation peuvent stimuler la croissance de votre entreprise. Un espace bien con\u00e7u am\u00e9liore la productivit\u00e9, la r\u00e9tention des connaissances et l&rsquo;image de l&rsquo;entreprise. <\/p>\n","protected":false},"author":8,"featured_media":28537,"comment_status":"open","ping_status":"open","sticky":false,"template":"","format":"standard","meta":{"_acf_changed":false,"_uag_custom_page_level_css":"","_jetpack_memberships_contains_paid_content":false,"footnotes":""},"categories":[224],"tags":[225],"class_list":["post-28703","post","type-post","status-publish","format-standard","has-post-thumbnail","hentry","category-business-hub-fr","tag-groupe-cinc"],"acf":[],"jetpack_featured_media_url":"https:\/\/www.cinc.com\/wp-content\/uploads\/Salas-de-formacion-1000-x-800-px-9-1.webp","uagb_featured_image_src":{"full":["https:\/\/www.cinc.com\/wp-content\/uploads\/Salas-de-formacion-1000-x-800-px-9-1.webp",1000,800,false],"thumbnail":["https:\/\/www.cinc.com\/wp-content\/uploads\/Salas-de-formacion-1000-x-800-px-9-1-150x150.webp",150,150,true],"medium":["https:\/\/www.cinc.com\/wp-content\/uploads\/Salas-de-formacion-1000-x-800-px-9-1-300x240.webp",300,240,true],"medium_large":["https:\/\/www.cinc.com\/wp-content\/uploads\/Salas-de-formacion-1000-x-800-px-9-1-768x614.webp",768,614,true],"large":["https:\/\/www.cinc.com\/wp-content\/uploads\/Salas-de-formacion-1000-x-800-px-9-1.webp",960,768,false],"1536x1536":["https:\/\/www.cinc.com\/wp-content\/uploads\/Salas-de-formacion-1000-x-800-px-9-1.webp",1000,800,false],"2048x2048":["https:\/\/www.cinc.com\/wp-content\/uploads\/Salas-de-formacion-1000-x-800-px-9-1.webp",1000,800,false],"gform-image-choice-sm":["https:\/\/www.cinc.com\/wp-content\/uploads\/Salas-de-formacion-1000-x-800-px-9-1-300x300.webp",300,300,true],"gform-image-choice-md":["https:\/\/www.cinc.com\/wp-content\/uploads\/Salas-de-formacion-1000-x-800-px-9-1-400x400.webp",400,400,true],"gform-image-choice-lg":["https:\/\/www.cinc.com\/wp-content\/uploads\/Salas-de-formacion-1000-x-800-px-9-1-600x600.webp",600,600,true]},"uagb_author_info":{"display_name":"F\u00e0tima Duran","author_link":"https:\/\/www.cinc.com\/fr\/author\/fatima\/"},"uagb_comment_info":0,"uagb_excerpt":"D\u00e9couvrez comment les salles de formation peuvent stimuler la croissance de votre entreprise. Un espace bien con\u00e7u am\u00e9liore la productivit\u00e9, la r\u00e9tention des connaissances et l'image de l'entreprise.","jetpack_sharing_enabled":true,"_links":{"self":[{"href":"https:\/\/www.cinc.com\/fr\/wp-json\/wp\/v2\/posts\/28703","targetHints":{"allow":["GET"]}}],"collection":[{"href":"https:\/\/www.cinc.com\/fr\/wp-json\/wp\/v2\/posts"}],"about":[{"href":"https:\/\/www.cinc.com\/fr\/wp-json\/wp\/v2\/types\/post"}],"author":[{"embeddable":true,"href":"https:\/\/www.cinc.com\/fr\/wp-json\/wp\/v2\/users\/8"}],"replies":[{"embeddable":true,"href":"https:\/\/www.cinc.com\/fr\/wp-json\/wp\/v2\/comments?post=28703"}],"version-history":[{"count":1,"href":"https:\/\/www.cinc.com\/fr\/wp-json\/wp\/v2\/posts\/28703\/revisions"}],"predecessor-version":[{"id":28704,"href":"https:\/\/www.cinc.com\/fr\/wp-json\/wp\/v2\/posts\/28703\/revisions\/28704"}],"wp:featuredmedia":[{"embeddable":true,"href":"https:\/\/www.cinc.com\/fr\/wp-json\/wp\/v2\/media\/28537"}],"wp:attachment":[{"href":"https:\/\/www.cinc.com\/fr\/wp-json\/wp\/v2\/media?parent=28703"}],"wp:term":[{"taxonomy":"category","embeddable":true,"href":"https:\/\/www.cinc.com\/fr\/wp-json\/wp\/v2\/categories?post=28703"},{"taxonomy":"post_tag","embeddable":true,"href":"https:\/\/www.cinc.com\/fr\/wp-json\/wp\/v2\/tags?post=28703"}],"curies":[{"name":"wp","href":"https:\/\/api.w.org\/{rel}","templated":true}]}}