{"id":23463,"date":"2024-02-14T16:42:43","date_gmt":"2024-02-14T15:42:43","guid":{"rendered":"https:\/\/www.cinc.com\/?p=23463"},"modified":"2024-02-14T16:42:45","modified_gmt":"2024-02-14T15:42:45","slug":"presentation-du-modele-720-declaration-de-biens-et-droits-a-letranger","status":"publish","type":"post","link":"https:\/\/www.cinc.com\/fr\/presentation-du-modele-720-declaration-de-biens-et-droits-a-letranger\/","title":{"rendered":"Pr\u00e9sentation du mod\u00e8le 720: d\u00e9claration de biens et droits \u00e0 l&rsquo;\u00e9tranger"},"content":{"rendered":"\n<p><\/p>\n\n\n\n<p>Le 1er avril 2024 marque la fin du d\u00e9lai pour soumettre \u00e0 l&rsquo;Agence fiscale la d\u00e9claration annuelle d&rsquo;informations sur les biens et droits situ\u00e9s en dehors du territoire espagnol, \u00e0 travers le mod\u00e8le 720.<\/p>\n\n\n\n<p><\/p>\n\n\n\n<h3 class=\"wp-block-heading\">Qui est tenu de faire cette d\u00e9claration?<\/h3>\n\n\n\n<p>Toutes les personnes physiques et morales r\u00e9sidant en territoire espagnol qui, au 31 d\u00e9cembre 2023 (ou \u00e0 tout moment de cette ann\u00e9e-l\u00e0), se trouvent dans l&rsquo;une des situations suivantes:<\/p>\n\n\n\n<ul class=\"wp-block-list\">\n<li>Ont \u00e9t\u00e9 titulaires, repr\u00e9sentants, autoris\u00e9es, b\u00e9n\u00e9ficiaires ou ont eu le pouvoir de disposition sur des comptes courants dans des entit\u00e9s financi\u00e8res situ\u00e9es \u00e0 l&rsquo;\u00e9tranger.<\/li>\n<\/ul>\n\n\n\n<ul class=\"wp-block-list\">\n<li>Ont \u00e9t\u00e9 titulaires de valeurs, droits, assurances et rentes viag\u00e8res ou temporaires d\u00e9pos\u00e9s, g\u00e9r\u00e9s ou obtenus \u00e0 l&rsquo;\u00e9tranger.<\/li>\n<\/ul>\n\n\n\n<ul class=\"wp-block-list\">\n<li>Ont \u00e9t\u00e9 titulaires de biens immobiliers ou de droits r\u00e9els sur ceux-ci situ\u00e9s \u00e0 l&rsquo;\u00e9tranger.<\/li>\n<\/ul>\n\n\n\n<p>Il est important de respecter ce d\u00e9lai afin d&rsquo;\u00e9viter des sanctions et de rester en conformit\u00e9 avec la l\u00e9gislation fiscale. Il est recommand\u00e9 de consulter des professionnels pour garantir une pr\u00e9sentation correcte et compl\u00e8te du mod\u00e8le 720.<\/p>\n\n\n\n<p><\/p>\n\n\n\n<h3 class=\"wp-block-heading\">Qui est oblig\u00e9 de pr\u00e9senter cette d\u00e9claration?<\/h3>\n\n\n\n<p>Bloc 1: Comptes courants ou d\u00e9p\u00f4ts dans des entit\u00e9s financi\u00e8res situ\u00e9es en dehors du territoire espagnol, lorsque les soldes au 31\/12\/2023 ou les soldes moyens du dernier trimestre de 2023 d\u00e9passent ensemble les 50.000 euros.<\/p>\n\n\n\n<p>Bloc 2: Valeurs (obligations, actions et participations dans des entit\u00e9s ou fonds d&rsquo;investissement), droits, assurances-vie ou invalidit\u00e9 et rentes (viag\u00e8res ou temporaires), d\u00e9pos\u00e9s, g\u00e9r\u00e9s ou obtenus \u00e0 l&rsquo;\u00e9tranger, lorsque leur valeur au 31\/12\/2023 est, ensemble, sup\u00e9rieure \u00e0 50.000 euros.<\/p>\n\n\n\n<p>Bloc 3: Biens immobiliers et droits r\u00e9els sur ceux-ci situ\u00e9s \u00e0 l&rsquo;\u00e9tranger, d&rsquo;une valeur sup\u00e9rieure \u00e0 50.000 euros.<\/p>\n\n\n\n<p><\/p>\n\n\n\n<h3 class=\"wp-block-heading\">Quand doit-on pr\u00e9senter la d\u00e9claration?<\/h3>\n\n\n\n<p>La date limite pour soumettre la d\u00e9claration est le 1er avril 2024.<\/p>\n\n\n\n<p><\/p>\n\n\n\n<h3 class=\"wp-block-heading\">Si j&rsquo;ai fait la d\u00e9claration les ann\u00e9es pr\u00e9c\u00e9dentes, dois-je la refaire avec le Mod\u00e8le 720?<\/h3>\n\n\n\n<p>Il sera obligatoire de refaire la d\u00e9claration pour l&rsquo;ann\u00e9e 2023 lorsque les soldes ou valeurs des biens et droits d\u00e9clar\u00e9s dans la derni\u00e8re d\u00e9claration auront augment\u00e9 de plus de 20.000 euros.<\/p>\n\n\n\n<p>De m\u00eame, la d\u00e9claration devra \u00eatre effectu\u00e9e si, au cours de l&rsquo;ann\u00e9e 2023, la condition de titulaire, autoris\u00e9, repr\u00e9sentant ou b\u00e9n\u00e9ficiaire des comptes, valeurs ou biens immobiliers d\u00e9clar\u00e9s dans la d\u00e9claration pr\u00e9c\u00e9dente a \u00e9t\u00e9 perdue.<\/p>\n\n\n\n<p>Pour toute question ou clarification, n&rsquo;h\u00e9sitez pas \u00e0 contacter le D\u00e9partement Fiscal du Service de de conseil CINC.<\/p>\n","protected":false},"excerpt":{"rendered":"<p>Le 1er avril 2024 prochain est la date limite pour soumettre la d\u00e9claration informative annuelle \u00e0 l&rsquo;Agence fiscale sur les biens et droits situ\u00e9s en dehors du territoire espagnol via le formulaire 720.<\/p>\n","protected":false},"author":8,"featured_media":22313,"comment_status":"open","ping_status":"open","sticky":false,"template":"","format":"standard","meta":{"_acf_changed":false,"_uag_custom_page_level_css":"","_jetpack_memberships_contains_paid_content":false,"footnotes":""},"categories":[39],"tags":[],"class_list":["post-23463","post","type-post","status-publish","format-standard","has-post-thumbnail","hentry","category-conseil"],"acf":[],"jetpack_featured_media_url":"https:\/\/www.cinc.com\/wp-content\/uploads\/2024\/01\/Fotos-Blog-CINC-WordPress-_7__1-1.webp","uagb_featured_image_src":{"full":["https:\/\/www.cinc.com\/wp-content\/uploads\/2024\/01\/Fotos-Blog-CINC-WordPress-_7__1-1.webp",1920,1080,false],"thumbnail":["https:\/\/www.cinc.com\/wp-content\/uploads\/2024\/01\/Fotos-Blog-CINC-WordPress-_7__1-1-150x150.webp",150,150,true],"medium":["https:\/\/www.cinc.com\/wp-content\/uploads\/2024\/01\/Fotos-Blog-CINC-WordPress-_7__1-1-300x169.webp",300,169,true],"medium_large":["https:\/\/www.cinc.com\/wp-content\/uploads\/2024\/01\/Fotos-Blog-CINC-WordPress-_7__1-1-768x432.webp",768,432,true],"large":["https:\/\/www.cinc.com\/wp-content\/uploads\/2024\/01\/Fotos-Blog-CINC-WordPress-_7__1-1-1024x576.webp",960,540,true],"1536x1536":["https:\/\/www.cinc.com\/wp-content\/uploads\/2024\/01\/Fotos-Blog-CINC-WordPress-_7__1-1-1536x864.webp",1536,864,true],"2048x2048":["https:\/\/www.cinc.com\/wp-content\/uploads\/2024\/01\/Fotos-Blog-CINC-WordPress-_7__1-1.webp",1920,1080,false],"gform-image-choice-sm":["https:\/\/www.cinc.com\/wp-content\/uploads\/2024\/01\/Fotos-Blog-CINC-WordPress-_7__1-1.webp",300,169,false],"gform-image-choice-md":["https:\/\/www.cinc.com\/wp-content\/uploads\/2024\/01\/Fotos-Blog-CINC-WordPress-_7__1-1.webp",400,225,false],"gform-image-choice-lg":["https:\/\/www.cinc.com\/wp-content\/uploads\/2024\/01\/Fotos-Blog-CINC-WordPress-_7__1-1.webp",600,338,false]},"uagb_author_info":{"display_name":"F\u00e0tima Duran","author_link":"https:\/\/www.cinc.com\/fr\/author\/fatima\/"},"uagb_comment_info":0,"uagb_excerpt":"Le 1er avril 2024 prochain est la date limite pour soumettre la d\u00e9claration informative annuelle \u00e0 l'Agence fiscale sur les biens et droits situ\u00e9s en dehors du territoire espagnol via le formulaire 720.","jetpack_sharing_enabled":true,"_links":{"self":[{"href":"https:\/\/www.cinc.com\/fr\/wp-json\/wp\/v2\/posts\/23463","targetHints":{"allow":["GET"]}}],"collection":[{"href":"https:\/\/www.cinc.com\/fr\/wp-json\/wp\/v2\/posts"}],"about":[{"href":"https:\/\/www.cinc.com\/fr\/wp-json\/wp\/v2\/types\/post"}],"author":[{"embeddable":true,"href":"https:\/\/www.cinc.com\/fr\/wp-json\/wp\/v2\/users\/8"}],"replies":[{"embeddable":true,"href":"https:\/\/www.cinc.com\/fr\/wp-json\/wp\/v2\/comments?post=23463"}],"version-history":[{"count":1,"href":"https:\/\/www.cinc.com\/fr\/wp-json\/wp\/v2\/posts\/23463\/revisions"}],"predecessor-version":[{"id":23464,"href":"https:\/\/www.cinc.com\/fr\/wp-json\/wp\/v2\/posts\/23463\/revisions\/23464"}],"wp:featuredmedia":[{"embeddable":true,"href":"https:\/\/www.cinc.com\/fr\/wp-json\/wp\/v2\/media\/22313"}],"wp:attachment":[{"href":"https:\/\/www.cinc.com\/fr\/wp-json\/wp\/v2\/media?parent=23463"}],"wp:term":[{"taxonomy":"category","embeddable":true,"href":"https:\/\/www.cinc.com\/fr\/wp-json\/wp\/v2\/categories?post=23463"},{"taxonomy":"post_tag","embeddable":true,"href":"https:\/\/www.cinc.com\/fr\/wp-json\/wp\/v2\/tags?post=23463"}],"curies":[{"name":"wp","href":"https:\/\/api.w.org\/{rel}","templated":true}]}}