{"id":23459,"date":"2024-02-14T16:31:51","date_gmt":"2024-02-14T15:31:51","guid":{"rendered":"https:\/\/www.cinc.com\/?p=23459"},"modified":"2024-02-14T16:31:52","modified_gmt":"2024-02-14T15:31:52","slug":"nouvelles-mesures-fiscales-entrant-en-vigueur-en-2024","status":"publish","type":"post","link":"https:\/\/www.cinc.com\/fr\/nouvelles-mesures-fiscales-entrant-en-vigueur-en-2024\/","title":{"rendered":"Nouvelles mesures fiscales entrant en vigueur en 2024"},"content":{"rendered":"\n<p><\/p>\n\n\n\n<p>Cette ann\u00e9e commence avec des nouveaut\u00e9s en mati\u00e8re fiscale qui touchent les entreprises, les travailleurs ind\u00e9pendants et les particuliers. Nous \u00e9num\u00e9rons ci-dessous les changements les plus marquants:<\/p>\n\n\n\n<ul class=\"wp-block-list\">\n<li>Les limites quantitatives exclusives de l&rsquo;application de la m\u00e9thode d&rsquo;estimation objective de l&rsquo;IRPF sont prolong\u00e9es pour l&rsquo;exercice fiscal 2024, \u00e0 l&rsquo;exception des activit\u00e9s agricoles, d&rsquo;\u00e9levage et foresti\u00e8res, qui ont leur propre limite quantitative en fonction du volume des revenus. Les limites pour l&rsquo;application du r\u00e9gime simplifi\u00e9 et du r\u00e9gime sp\u00e9cial de l&rsquo;agriculture, de l&rsquo;\u00e9levage et de la p\u00eache, en mati\u00e8re de TVA, sont \u00e9galement prolong\u00e9es pour l&rsquo;exercice fiscal 2024. La p\u00e9riode de renonciations et de r\u00e9vocations de la m\u00e9thode s&rsquo;\u00e9tend jusqu&rsquo;au 31 janvier 2024.<\/li>\n\n\n\n<li>La p\u00e9riode d&rsquo;application de la d\u00e9duction pour les travaux d&rsquo;am\u00e9lioration de l&rsquo;efficacit\u00e9 \u00e9nerg\u00e9tique des logements dans l&rsquo;IRPF est prolong\u00e9e d&rsquo;une ann\u00e9e suppl\u00e9mentaire, avec effet au 1er janvier 2024.<\/li>\n\n\n\n<li>Il est l\u00e9galement pr\u00e9vu que l&rsquo;obligation de pr\u00e9senter la d\u00e9claration de l&rsquo;IRPF par voie \u00e9lectronique puisse \u00eatre \u00e9tablie, \u00e0 condition que l&rsquo;administration fiscale assure une assistance personnalis\u00e9e aux contribuables ayant besoin d&rsquo;aide pour remplir la d\u00e9claration par ces moyens. \u00c0 la fin de la premi\u00e8re campagne de d\u00e9claration apr\u00e8s l&rsquo;entr\u00e9e en vigueur de cette modification (29\/12\/2023), l&rsquo;Agence nationale de l&rsquo;administration fiscale \u00e9valuera l&rsquo;efficacit\u00e9 des mesures d&rsquo;assistance.<\/li>\n\n\n\n<li>L&rsquo;application de l&rsquo;Imp\u00f4t temporaire de solidarit\u00e9 sur les grandes fortunes, approuv\u00e9 par la loi 38\/2022, est prolong\u00e9e jusqu&rsquo;\u00e0 la r\u00e9vision de la taxation du patrimoine dans le cadre de la r\u00e9forme du syst\u00e8me de financement autonome. De plus, le seuil d&rsquo;exon\u00e9ration minimum de 700.000 euros est \u00e9tendu \u00e0 tous les contribuables de l&rsquo;imp\u00f4t, qu&rsquo;ils r\u00e9sident ou non en Espagne, avec effet \u00e0 compter de l&rsquo;entr\u00e9e en vigueur de la loi 38\/2022. La pr\u00e9sentation \u00e9lectronique de la d\u00e9claration est \u00e9galement rendue obligatoire.<\/li>\n\n\n\n<li>Il est l\u00e9galement pr\u00e9vu que l&rsquo;obligation de pr\u00e9senter la d\u00e9claration de l&rsquo;Imp\u00f4t sur la fortune par voie \u00e9lectronique puisse \u00eatre \u00e9tablie.<\/li>\n\n\n\n<li>Imp\u00f4t sur les soci\u00e9t\u00e9s. Libert\u00e9 d&rsquo;amortissement pour les investissements utilisant de l&rsquo;\u00e9nergie provenant de sources renouvelables. La mesure initialement pr\u00e9vue pour les investissements r\u00e9alis\u00e9s en 2023 est prolong\u00e9e d&rsquo;une ann\u00e9e suppl\u00e9mentaire. Ainsi, les contribuables peuvent amortir librement les investissements effectu\u00e9s dans des installations destin\u00e9es \u00e0 l&rsquo;autoconsommation d&rsquo;\u00e9lectricit\u00e9, ainsi que dans des installations \u00e0 usage thermique \u00e0 usage propre, \u00e0 condition qu&rsquo;elles utilisent de l&rsquo;\u00e9nergie provenant de sources renouvelables et remplacent des installations utilisant de l&rsquo;\u00e9nergie provenant de sources non renouvelables fossiles mises en service en 2023, sous r\u00e9serve du respect d&rsquo;une exigence de maintien des effectifs. Avec cette modification, la libert\u00e9 d&rsquo;amortissement pr\u00e9vue dans la dite disposition additionnelle est prolong\u00e9e d&rsquo;une ann\u00e9e suppl\u00e9mentaire, permettant la mise en service des investissements mentionn\u00e9s en 2024.<\/li>\n\n\n\n<li>Les montants des coefficients maximaux pour la d\u00e9termination de la base imposable de l&rsquo;Imp\u00f4t sur l&rsquo;augmentation de la valeur des terrains urbains sont mis \u00e0 jour, avec effet au 1er janvier 2024.<\/li>\n\n\n\n<li>L&rsquo;application du taux d&rsquo;imposition de 0% sur la TVA applicable aux produits alimentaires de base, ainsi que du taux de 5% appliqu\u00e9 aux huiles d&rsquo;olive et de graines et aux p\u00e2tes alimentaires, est prolong\u00e9e pour contribuer \u00e0 la r\u00e9duction du prix final de ces aliments au cours du premier semestre de 2024.<\/li>\n<\/ul>\n\n\n\n<p>Jusqu&rsquo;au 30 juin 2024, le taux de TVA de 5 % sera appliqu\u00e9 aux livraisons, importations et acquisitions intracommunautaires des produits suivants:<\/p>\n\n\n\n<p>a) Les huiles d&rsquo;olive et de graines.<\/p>\n\n\n\n<p>b) Les p\u00e2tes alimentaires.<\/p>\n\n\n\n<p>Le taux de la taxe sur les op\u00e9rations de recouvrement \u00e9quivalent applicable \u00e0 ces op\u00e9rations sera de 0,62 %.<\/p>\n\n\n\n<p>Jusqu&rsquo;au 30 juin 2024, le taux de TVA de 0 % sera appliqu\u00e9 aux livraisons, importations et acquisitions intracommunautaires des produits suivants:<\/p>\n\n\n\n<ul class=\"wp-block-list\">\n<li>Le pain commun, ainsi que la p\u00e2te \u00e0 pain commune congel\u00e9e et le pain commun congel\u00e9 destin\u00e9s exclusivement \u00e0 la fabrication du pain commun.<\/li>\n\n\n\n<li>Les farines panifiables.<\/li>\n\n\n\n<li>Les types de lait suivants produits par n&rsquo;importe quelle esp\u00e8ce animale: naturel, certifi\u00e9, pasteuris\u00e9, concentr\u00e9, \u00e9cr\u00e9m\u00e9, st\u00e9rilis\u00e9, UHT, \u00e9vapor\u00e9 et en poudre.<\/li>\n\n\n\n<li>Les fromages.<\/li>\n\n\n\n<li>Les \u0153ufs.<\/li>\n\n\n\n<li> Les fruits, l\u00e9gumes, l\u00e9gumes, tubercules et c\u00e9r\u00e9ales ayant la qualit\u00e9 de produits naturels conform\u00e9ment au Code alimentaire et aux dispositions \u00e9mises pour leur d\u00e9veloppement.<\/li>\n<\/ul>\n\n\n\n<p>Le taux de la taxe sur les op\u00e9rations de recouvrement \u00e9quivalent applicable \u00e0 ces op\u00e9rations sera de 0 %.<\/p>\n\n\n\n<ul class=\"wp-block-list\">\n<li>Du 1er janvier au 31 d\u00e9cembre 2024, le taux r\u00e9duit de 10 % de TVA sera appliqu\u00e9 aux livraisons, importations et acquisitions intracommunautaires d&rsquo;\u00e9lectricit\u00e9 en faveur de contrats de fourniture de basse puissance ou de b\u00e9n\u00e9ficiaires du tarif social de l&rsquo;\u00e9lectricit\u00e9 et ayant la qualit\u00e9 de consommateurs vuln\u00e9rables, au lieu du taux de 5 % applicable jusqu&rsquo;au 31 d\u00e9cembre 2023. Le taux r\u00e9duit de 10 % de TVA sera \u00e9galement appliqu\u00e9 aux livraisons de gaz naturel du 1er janvier au 31 mars 2024. La prolongation de la r\u00e9duction fiscale s&rsquo;appliquera \u00e9galement aux briquettes et \u00ab\u00a0pellets\u00a0\u00bb issus de la biomasse et au bois de chauffage, qui seront soumis au taux r\u00e9duit de 10 % du 1er janvier au 30 juin 2024.<\/li>\n\n\n\n<li>Le taux d&rsquo;imposition de l&rsquo;Imp\u00f4t sp\u00e9cial sur l&rsquo;\u00e9lectricit\u00e9 est fix\u00e9 \u00e0 2,5 % au cours du premier trimestre de 2024 et \u00e0 3,8 % au cours du deuxi\u00e8me trimestre.<\/li>\n\n\n\n<li>La suspension de l&rsquo;Imp\u00f4t sur la valeur de la production d&rsquo;\u00e9lectricit\u00e9 a \u00e9t\u00e9 prolong\u00e9e jusqu&rsquo;au 31 d\u00e9cembre 2023. Il est jug\u00e9 n\u00e9cessaire d&rsquo;att\u00e9nuer cette mesure exceptionnelle adopt\u00e9e par le biais du d\u00e9cret-loi 12\/2021, en modifiant la base imposable et le montant des paiements fractionn\u00e9s pendant l&rsquo;exercice 2024.<\/li>\n\n\n\n<li>La prolongation de l&rsquo;application des imp\u00f4ts temporaires sur l&rsquo;\u00e9nergie et sur les entit\u00e9s de cr\u00e9dit et les \u00e9tablissements financiers de cr\u00e9dit approuv\u00e9s par la loi 38\/2022 est pr\u00e9vue jusqu&rsquo;en 2024, sans pr\u00e9judice de l&rsquo;\u00e9tablissement dans la loi des budgets g\u00e9n\u00e9raux de l&rsquo;\u00c9tat pour l&rsquo;ann\u00e9e 2024 d&rsquo;une incitation qui sera applicable dans le secteur de l&rsquo;\u00e9nergie pour les investissements strat\u00e9giques r\u00e9alis\u00e9s \u00e0 partir du 1er janvier 2024 et de la r\u00e9vision de la configuration des deux imp\u00f4ts en vue de leur int\u00e9gration dans le syst\u00e8me fiscal au cours de l&rsquo;exercice fiscal 2024. Des accords seront conclus ou des conventions seront conclues, respectivement, avec la Communaut\u00e9 autonome du Pays basque et la Communaut\u00e9 forale de Navarre.<\/li>\n<\/ul>\n\n\n\n<p>Pour plus d&rsquo;informations, n&rsquo;h\u00e9sitez pas \u00e0 contacter notre D\u00e9partement fiscal.<\/p>\n","protected":false},"excerpt":{"rendered":"<p>Cette ann\u00e9e commence avec de nouvelles questions fiscales qui touchent les entreprises, les ind\u00e9pendants et les particuliers. Ci-dessous, nous listons les changements les plus notables.<\/p>\n","protected":false},"author":8,"featured_media":23169,"comment_status":"open","ping_status":"open","sticky":false,"template":"","format":"standard","meta":{"_acf_changed":false,"_uag_custom_page_level_css":"","_jetpack_memberships_contains_paid_content":false,"footnotes":""},"categories":[39],"tags":[],"class_list":["post-23459","post","type-post","status-publish","format-standard","has-post-thumbnail","hentry","category-conseil"],"acf":[],"jetpack_featured_media_url":"https:\/\/www.cinc.com\/wp-content\/uploads\/2024\/02\/Fotos-Blog-CINC-WordPress-7.webp","uagb_featured_image_src":{"full":["https:\/\/www.cinc.com\/wp-content\/uploads\/2024\/02\/Fotos-Blog-CINC-WordPress-7.webp",1920,1080,false],"thumbnail":["https:\/\/www.cinc.com\/wp-content\/uploads\/2024\/02\/Fotos-Blog-CINC-WordPress-7-150x150.webp",150,150,true],"medium":["https:\/\/www.cinc.com\/wp-content\/uploads\/2024\/02\/Fotos-Blog-CINC-WordPress-7-300x169.webp",300,169,true],"medium_large":["https:\/\/www.cinc.com\/wp-content\/uploads\/2024\/02\/Fotos-Blog-CINC-WordPress-7-768x432.webp",768,432,true],"large":["https:\/\/www.cinc.com\/wp-content\/uploads\/2024\/02\/Fotos-Blog-CINC-WordPress-7-1024x576.webp",960,540,true],"1536x1536":["https:\/\/www.cinc.com\/wp-content\/uploads\/2024\/02\/Fotos-Blog-CINC-WordPress-7-1536x864.webp",1536,864,true],"2048x2048":["https:\/\/www.cinc.com\/wp-content\/uploads\/2024\/02\/Fotos-Blog-CINC-WordPress-7.webp",1920,1080,false],"gform-image-choice-sm":["https:\/\/www.cinc.com\/wp-content\/uploads\/2024\/02\/Fotos-Blog-CINC-WordPress-7.webp",300,169,false],"gform-image-choice-md":["https:\/\/www.cinc.com\/wp-content\/uploads\/2024\/02\/Fotos-Blog-CINC-WordPress-7.webp",400,225,false],"gform-image-choice-lg":["https:\/\/www.cinc.com\/wp-content\/uploads\/2024\/02\/Fotos-Blog-CINC-WordPress-7.webp",600,338,false]},"uagb_author_info":{"display_name":"F\u00e0tima Duran","author_link":"https:\/\/www.cinc.com\/fr\/author\/fatima\/"},"uagb_comment_info":0,"uagb_excerpt":"Cette ann\u00e9e commence avec de nouvelles questions fiscales qui touchent les entreprises, les ind\u00e9pendants et les particuliers. Ci-dessous, nous listons les changements les plus notables.","jetpack_sharing_enabled":true,"_links":{"self":[{"href":"https:\/\/www.cinc.com\/fr\/wp-json\/wp\/v2\/posts\/23459","targetHints":{"allow":["GET"]}}],"collection":[{"href":"https:\/\/www.cinc.com\/fr\/wp-json\/wp\/v2\/posts"}],"about":[{"href":"https:\/\/www.cinc.com\/fr\/wp-json\/wp\/v2\/types\/post"}],"author":[{"embeddable":true,"href":"https:\/\/www.cinc.com\/fr\/wp-json\/wp\/v2\/users\/8"}],"replies":[{"embeddable":true,"href":"https:\/\/www.cinc.com\/fr\/wp-json\/wp\/v2\/comments?post=23459"}],"version-history":[{"count":1,"href":"https:\/\/www.cinc.com\/fr\/wp-json\/wp\/v2\/posts\/23459\/revisions"}],"predecessor-version":[{"id":23460,"href":"https:\/\/www.cinc.com\/fr\/wp-json\/wp\/v2\/posts\/23459\/revisions\/23460"}],"wp:featuredmedia":[{"embeddable":true,"href":"https:\/\/www.cinc.com\/fr\/wp-json\/wp\/v2\/media\/23169"}],"wp:attachment":[{"href":"https:\/\/www.cinc.com\/fr\/wp-json\/wp\/v2\/media?parent=23459"}],"wp:term":[{"taxonomy":"category","embeddable":true,"href":"https:\/\/www.cinc.com\/fr\/wp-json\/wp\/v2\/categories?post=23459"},{"taxonomy":"post_tag","embeddable":true,"href":"https:\/\/www.cinc.com\/fr\/wp-json\/wp\/v2\/tags?post=23459"}],"curies":[{"name":"wp","href":"https:\/\/api.w.org\/{rel}","templated":true}]}}