{"id":10810,"date":"2022-07-28T00:00:00","date_gmt":"2022-07-28T00:00:00","guid":{"rendered":"https:\/\/www.cinc.com\/nouvelle-reforme-de-la-reglementation-sur-les-etrangers-nous-expliquons-les-principales-nouveautes\/"},"modified":"2022-07-28T00:00:00","modified_gmt":"2022-07-28T00:00:00","slug":"nouvelle-reforme-de-la-reglementation-sur-les-etrangers-nous-expliquons-les-principales-nouveautes","status":"publish","type":"post","link":"https:\/\/www.cinc.com\/fr\/nouvelle-reforme-de-la-reglementation-sur-les-etrangers-nous-expliquons-les-principales-nouveautes\/","title":{"rendered":"Nouvelle r\u00e9forme de la r\u00e9glementation sur les \u00e9trangers: nous expliquons les principales nouveaut\u00e9s"},"content":{"rendered":"<div style=\"text-align: justify;\">\n\tLe Conseil des ministres a approuv&eacute; un d&eacute;cret royal qui r&eacute;forme les dispositions de la loi sur l&#39;immigration dans le but d&#39;am&eacute;liorer le mod&egrave;le migratoire espagnol. De cette mani&egrave;re, l&#39;objectif est de favoriser l&#39;incorporation au march&eacute; du travail des personnes qui se trouvent en Espagne, de renforcer les voies de migration r&eacute;guli&egrave;re et d&#39;am&eacute;liorer le syst&egrave;me de gestion, en rem&eacute;diant aux incoh&eacute;rences du mod&egrave;le actuel par rapport au reste des pays de l&#39;Union europ&eacute;enne.<\/div>\n<div style=\"text-align: justify;\">\n\t&nbsp;<\/div>\n<div style=\"text-align: justify;\">\n\tEn bref, l&#39;objectif est de faciliter l&#39;incorporation au march&eacute; du travail des personnes qui se trouvent d&eacute;j&agrave; en Espagne et qui remplissent certaines conditions :<\/div>\n<ul>\n<li style=\"text-align: justify;\">\n\t\tFaciliter la permanence des &eacute;tudiants et leur possibilit&eacute; de travailler.<\/li>\n<li style=\"text-align: justify;\">\n\t\tRationaliser et actualiser les chiffres de l&#39;&quot;arraigo&quot; et du regroupement familial.<\/li>\n<li style=\"text-align: justify;\">\n\t\tNouveau concept d&#39;&quot;arraigo&quot; &agrave; des fins de formation.<\/li>\n<\/ul>\n<div style=\"text-align: justify;\">\n\t&nbsp;<\/div>\n<div style=\"text-align: justify;\">\n\tD&#39;autre part, l&#39;objectif est &eacute;galement de renforcer les canaux de migration r&eacute;guli&egrave;re de la main-d&#39;&oelig;uvre :<\/div>\n<ul>\n<li style=\"text-align: justify;\">\n\t\tAssouplir les exigences pour les ind&eacute;pendants, en int&eacute;grant la possibilit&eacute; de travailler &agrave; son compte.<\/li>\n<li style=\"text-align: justify;\">\n\t\tProposez des moyens flexibles d&#39;embaucher des travailleurs &agrave; l&#39;&eacute;tranger.<\/li>\n<li style=\"text-align: justify;\">\n\t\tCr&eacute;er un nouveau mod&egrave;le de migration circulaire pluriannuel qui offre une stabilit&eacute; aux entreprises et aux travailleurs.<\/li>\n<\/ul>\n<div style=\"text-align: center;\">\n<h2 class='h2Noticia'>Quels sont les changements importants apport&eacute;s par ce nouveau r&egrave;glement ?<\/h2>\n<hr\/>\n<\/div>\n<ul>\n<li style=\"text-align: justify;\">\n\t\tLes principaux changements sont les suivants: Une rationalisation des exigences pour les travailleurs ind&eacute;pendants des pays tiers.<\/li>\n<li style=\"text-align: justify;\">\n\t\tUne am&eacute;lioration des proc&eacute;dures de recrutement &agrave; la source par le biais du Catalogue des professions difficiles &agrave; pourvoir pour les professions appartenant aux secteurs &eacute;conomiques d&eacute;termin&eacute;s par accord de la Commission d&eacute;l&eacute;gu&eacute;e aux affaires &eacute;conomiques.<\/li>\n<li style=\"text-align: justify;\">\n\t\tLe r&egrave;glement am&eacute;liore &eacute;galement le mod&egrave;le de migration circulaire, en offrant une plus grande stabilit&eacute; aux travailleurs et aux entreprises et en r&eacute;duisant les charges administratives.<\/li>\n<li style=\"text-align: justify;\">\n\t\tEn outre, des am&eacute;liorations dans la gestion administrative sont &eacute;galement int&eacute;gr&eacute;es par la r&eacute;duction des charges et la cr&eacute;ation de l&#39;Unit&eacute; de traitement des dossiers des affaires &eacute;trang&egrave;res (UTEX), afin d&#39;acc&eacute;l&eacute;rer les proc&eacute;dures.<\/li>\n<\/ul>\n<p style=\"text-align: justify;\">\n\tAttirer les jeunes talents internationaux en facilitant leur entr&eacute;e sur le march&eacute; du travail<\/p>\n<ul>\n<li style=\"text-align: justify;\">\n\t\tAvec la r&eacute;forme, les &eacute;tudiants sont autoris&eacute;s &agrave; combiner travail et formation, pour autant qu&#39;ils soient compatibles avec leurs &eacute;tudes et ne d&eacute;passent pas 30 heures par semaine.<\/li>\n<li style=\"text-align: justify;\">\n\t\tDans le cas de l&#39;enseignement sup&eacute;rieur et de la formation &agrave; l&#39;emploi, l&#39;autorisation de travail est automatique et ne n&eacute;cessite pas de formalit&eacute;s suppl&eacute;mentaires.<\/li>\n<li style=\"text-align: justify;\">\n\t\tLes restrictions impos&eacute;es aux &eacute;tudiants qui entrent sur le march&eacute; du travail apr&egrave;s avoir termin&eacute; leurs &eacute;tudes sont supprim&eacute;es.<\/li>\n<\/ul>\n<div style=\"text-align: center;\">\n<h2 class='h2Noticia'>Les chiffres de l&#39;arraigo, qui deviendront moins pertinents en faveur de la migration &agrave; l&#39;origine, sont adapt&eacute;s<\/h2>\n<hr\/>\n<\/div>\n<div style=\"text-align: center;\">\n\t&nbsp;<\/div>\n<div style=\"text-align: justify;\">\n\t<strong>Arraigo laboral:<\/strong><\/div>\n<ul>\n<li style=\"text-align: justify;\">\n\t\tLe chiffre des racines professionnelles pr&eacute;existantes est limit&eacute; pour les personnes qui sont en situation irr&eacute;guli&egrave;re, mais qui ont exerc&eacute; une activit&eacute; professionnelle en situation r&eacute;guli&egrave;re au cours des deux derni&egrave;res ann&eacute;es.<\/li>\n<li style=\"text-align: justify;\">\n\t\tUn nouveau type d&#39;autorisation est cr&eacute;&eacute; pour la collaboration avec l&#39;autorit&eacute; du travail, qui promeut la figure du confident et lutte contre l&#39;&eacute;conomie souterraine: elle n&#39;exige pas de p&eacute;riode de r&eacute;sidence ant&eacute;rieure, mais seulement la preuve de 6 mois de travail irr&eacute;gulier, et favorise la d&eacute;nonciation de tiers.<\/li>\n<\/ul>\n<div style=\"text-align: justify;\">\n\t<strong>Arraigo social:<\/strong><\/div>\n<ul>\n<li style=\"text-align: justify;\">\n\t\tLe contrat &agrave; pr&eacute;senter n&#39;est plus &eacute;valu&eacute; par sa dur&eacute;e (avec la r&eacute;forme du travail, il est pr&eacute;sum&eacute; &ecirc;tre &agrave; dur&eacute;e ind&eacute;termin&eacute;e) mais par son adaptation au SMI.<\/li>\n<li style=\"text-align: justify;\">\n\t\tLe contrat peut &ecirc;tre inf&eacute;rieur &agrave; un minimum de 20 heures dans les cas o&ugrave; les mineurs sont accr&eacute;dit&eacute;s comme personnes &agrave; charge, et la possibilit&eacute; de pr&eacute;senter plusieurs contrats est assouplie.<\/li>\n<\/ul>\n<div style=\"text-align: justify;\">\n\t<strong>Arraigo et regroupement familial:<\/strong><\/div>\n<ul>\n<li style=\"text-align: justify;\">\n\t\tUn r&eacute;gime sp&eacute;cifique est cr&eacute;&eacute; pour les membres de la famille de citoyens espagnols qui souhaitent conserver leur unit&eacute; familiale en Espagne.<\/li>\n<li style=\"text-align: justify;\">\n\t\tLes conditions du regroupement familial sont assouplies lorsqu&#39;elles concernent des mineurs &eacute;trangers, des personnes handicap&eacute;es ou en situation de vuln&eacute;rabilit&eacute;.<\/li>\n<li style=\"text-align: justify;\">\n\t\tLes circonstances sp&eacute;cifiques des personnes handicap&eacute;es sont prises en compte.<\/li>\n<\/ul>\n<div style=\"text-align: justify;\">\n\tLa r&eacute;forme r&eacute;duit &eacute;galement l&#39;irr&eacute;gularit&eacute; des personnes qui travaillaient et &eacute;taient en situation irr&eacute;guli&egrave;re, en assouplissant les renouvellements et en augmentant leur dur&eacute;e.<\/div>\n<div style=\"text-align: justify;\">\n\t&nbsp;<\/div>\n<div style=\"text-align: center;\">\n<h2 class='h2Noticia'>Un nouveau concept d&#39;&quot;arraigo&quot; pour la formation est introduit.<\/h2>\n<hr\/>\n<\/div>\n<div style=\"text-align: center;\">\n\t&nbsp;<\/div>\n<div style=\"text-align: justify;\">\n\tUn nouveau concept d&#39;&quot;arraigo&quot; est cr&eacute;&eacute;, qui accorde un permis de s&eacute;jour pour une p&eacute;riode de 12 mois aux &eacute;trangers qui ont s&eacute;journ&eacute; en Espagne de mani&egrave;re continue pendant une p&eacute;riode minimale de deux ans.<\/div>\n<ul>\n<li style=\"text-align: justify;\">\n\t\tIls doivent s&#39;engager &agrave; suivre une formation formelle en vue d&#39;un emploi.<\/li>\n<li style=\"text-align: justify;\">\n\t\tElle ne peut &ecirc;tre prolong&eacute;e qu&#39;une seule fois pour une nouvelle p&eacute;riode de 12 mois.<\/li>\n<li style=\"text-align: justify;\">\n\t\tLe contrat, comme dans le cas des racines sociales, est adapt&eacute; avec le projet &agrave; la r&eacute;forme du travail.<\/li>\n<\/ul>\n<div style=\"text-align: center;\">\n<h2 class='h2Noticia'>R&eacute;formes visant &agrave; faciliter l&#39;entr&eacute;e des ind&eacute;pendants et &agrave; pourvoir les postes vacants<\/h2>\n<hr\/>\n<\/div>\n<ul>\n<li style=\"text-align: justify;\">\n\t\tLes exigences relatives aux travailleurs ind&eacute;pendants sont simplifi&eacute;es et le travail ind&eacute;pendant est encourag&eacute;.<\/li>\n<li style=\"text-align: justify;\">\n\t\tLes exigences pour justifier les &eacute;l&eacute;ments &eacute;conomiques du projet de migration sont simplifi&eacute;es, au lieu d&#39;exiger des plans d&#39;investissement complexes.<\/li>\n<li style=\"text-align: justify;\">\n\t\tLe travail ind&eacute;pendant est inclus dans l&#39;accr&eacute;ditation de la cr&eacute;ation d&#39;emplois.<\/li>\n<li style=\"text-align: justify;\">\n\t\tLa possibilit&eacute; de travailler en tant que salari&eacute; ou ind&eacute;pendant est combin&eacute;e dans une seule accr&eacute;ditation.<\/li>\n<\/ul>\n<div style=\"text-align: justify;\">\n\t<strong>Et aussi:<\/strong><\/div>\n<ul>\n<li style=\"text-align: justify;\">\n\t\tIl facilite le pourvoi rapide des postes vacants difficiles &agrave; pourvoir, conform&eacute;ment &agrave; la pratique courante en Europe.<\/li>\n<li style=\"text-align: justify;\">\n\t\tUne plus grande stabilit&eacute; est accord&eacute;e aux travailleurs dans le mod&egrave;le de migration circulaire pluriannuelle adapt&eacute; &agrave; la r&eacute;forme du travail.<\/li>\n<li style=\"text-align: justify;\">\n\t\tChangement du mod&egrave;le de gestion des &eacute;trangers et r&eacute;duction des charges administratives.<\/li>\n<\/ul>\n<div style=\"text-align: justify;\">\n\tSi vous avez des questions, veuillez contacter le <a href=\"https:\/\/www.cinc.com\/fr\/assessoria\/estrangeria\" target=\"_blank\" rel=\"noopener\">d&eacute;partement d&#39;immigration<\/a> de CINC Asesor&iacute;a.<\/div>\n<div style=\"text-align: justify;\">\n\t&nbsp;<\/div>\n<div>\n\t&nbsp;<\/div>\n","protected":false},"excerpt":{"rendered":"<p style=\"text-align: justify;\">\n\t<span style=\"text-align: justify;\">Le Conseil des ministres a approuv&eacute; un d&eacute;cret royal qui r&eacute;forme les dispositions de la loi sur l&#39;immigration dans le but d&#39;am&eacute;liorer le mod&egrave;le migratoire espagnol.<\/span><\/p>\n","protected":false},"author":2,"featured_media":10811,"comment_status":"open","ping_status":"open","sticky":false,"template":"","format":"standard","meta":{"_acf_changed":false,"_uag_custom_page_level_css":"","_jetpack_memberships_contains_paid_content":false,"footnotes":""},"categories":[39],"tags":[],"class_list":["post-10810","post","type-post","status-publish","format-standard","has-post-thumbnail","hentry","category-conseil"],"acf":[],"jetpack_featured_media_url":"https:\/\/www.cinc.com\/wp-content\/uploads\/2023\/03\/241-2.jpg","uagb_featured_image_src":{"full":["https:\/\/www.cinc.com\/wp-content\/uploads\/2023\/03\/241-2.jpg",1113,361,false],"thumbnail":["https:\/\/www.cinc.com\/wp-content\/uploads\/2023\/03\/241-2.jpg",150,49,false],"medium":["https:\/\/www.cinc.com\/wp-content\/uploads\/2023\/03\/241-2.jpg",300,97,false],"medium_large":["https:\/\/www.cinc.com\/wp-content\/uploads\/2023\/03\/241-2.jpg",768,249,false],"large":["https:\/\/www.cinc.com\/wp-content\/uploads\/2023\/03\/241-2.jpg",960,311,false],"1536x1536":["https:\/\/www.cinc.com\/wp-content\/uploads\/2023\/03\/241-2.jpg",1113,361,false],"2048x2048":["https:\/\/www.cinc.com\/wp-content\/uploads\/2023\/03\/241-2.jpg",1113,361,false],"gform-image-choice-sm":["https:\/\/www.cinc.com\/wp-content\/uploads\/2023\/03\/241-2.jpg",300,97,false],"gform-image-choice-md":["https:\/\/www.cinc.com\/wp-content\/uploads\/2023\/03\/241-2.jpg",400,130,false],"gform-image-choice-lg":["https:\/\/www.cinc.com\/wp-content\/uploads\/2023\/03\/241-2.jpg",600,195,false]},"uagb_author_info":{"display_name":"Utrans","author_link":"https:\/\/www.cinc.com\/fr\/author\/utrans\/"},"uagb_comment_info":0,"uagb_excerpt":"Le Conseil des ministres a approuv&eacute; un d&eacute;cret royal qui r&eacute;forme les dispositions de la loi sur l&#39;immigration dans le but d&#39;am&eacute;liorer le mod&egrave;le migratoire espagnol.","jetpack_sharing_enabled":true,"_links":{"self":[{"href":"https:\/\/www.cinc.com\/fr\/wp-json\/wp\/v2\/posts\/10810","targetHints":{"allow":["GET"]}}],"collection":[{"href":"https:\/\/www.cinc.com\/fr\/wp-json\/wp\/v2\/posts"}],"about":[{"href":"https:\/\/www.cinc.com\/fr\/wp-json\/wp\/v2\/types\/post"}],"author":[{"embeddable":true,"href":"https:\/\/www.cinc.com\/fr\/wp-json\/wp\/v2\/users\/2"}],"replies":[{"embeddable":true,"href":"https:\/\/www.cinc.com\/fr\/wp-json\/wp\/v2\/comments?post=10810"}],"version-history":[{"count":0,"href":"https:\/\/www.cinc.com\/fr\/wp-json\/wp\/v2\/posts\/10810\/revisions"}],"wp:featuredmedia":[{"embeddable":true,"href":"https:\/\/www.cinc.com\/fr\/wp-json\/wp\/v2\/media\/10811"}],"wp:attachment":[{"href":"https:\/\/www.cinc.com\/fr\/wp-json\/wp\/v2\/media?parent=10810"}],"wp:term":[{"taxonomy":"category","embeddable":true,"href":"https:\/\/www.cinc.com\/fr\/wp-json\/wp\/v2\/categories?post=10810"},{"taxonomy":"post_tag","embeddable":true,"href":"https:\/\/www.cinc.com\/fr\/wp-json\/wp\/v2\/tags?post=10810"}],"curies":[{"name":"wp","href":"https:\/\/api.w.org\/{rel}","templated":true}]}}