{"id":10805,"date":"2022-07-30T00:00:00","date_gmt":"2022-07-30T00:00:00","guid":{"rendered":"https:\/\/www.cinc.com\/bourses-pour-travailleurs-independants-de-barcelona-activa-3000-euros-pour-les-depenses-de-la-premiere-annee\/"},"modified":"2022-07-30T00:00:00","modified_gmt":"2022-07-30T00:00:00","slug":"bourses-pour-travailleurs-independants-de-barcelona-activa-3000-euros-pour-les-depenses-de-la-premiere-annee","status":"publish","type":"post","link":"https:\/\/www.cinc.com\/fr\/bourses-pour-travailleurs-independants-de-barcelona-activa-3000-euros-pour-les-depenses-de-la-premiere-annee\/","title":{"rendered":"Bourses pour travailleurs ind\u00e9pendants de Barcelona Activa : 3000 euros pour les d\u00e9penses de la premi\u00e8re ann\u00e9e"},"content":{"rendered":"<div style=\"text-align: justify;\">\n<div>\n\t\tLe conseil municipal de Barcelone, par le biais de Barcelona Activa, offre des subventions aux travailleurs ind&eacute;pendants afin de les soulager des d&eacute;penses g&eacute;n&eacute;r&eacute;es au cours de la premi&egrave;re ann&eacute;e d&#39;activit&eacute;.<\/div>\n<div>\n\t\t&nbsp;<\/div>\n<div>\n\t\tLe montant de la subvention sera calcul&eacute; en fonction des d&eacute;penses justifi&eacute;es au moment de la demande, jusqu&#39;&agrave; un maximum de 3000 &euro;.<\/div>\n<div>\n\t\t&nbsp;<\/div>\n<div>\n<h2 class=\"h2Noticia\">\n\t\t\tQuelles d&eacute;penses peuvent &ecirc;tre d&eacute;duites avec ces subventions?<\/h2>\n<hr \/><\/div>\n<ul>\n<li>\n\t\t\tCotisations de s&eacute;curit&eacute; sociale<\/li>\n<li>\n\t\t\tImp&ocirc;ts li&eacute;s au d&eacute;marrage de l&#39;activit&eacute; &eacute;conomique et au premier &eacute;tablissement<\/li>\n<li>\n\t\t\tFrais d&#39;administration et de conseil<\/li>\n<li>\n\t\t\tLocations de locaux ou de bureaux li&eacute;s fiscalement &agrave; l&#39;activit&eacute;<\/li>\n<li>\n\t\t\tLocation d&#39;espaces de coworking et\/ou de services fournis par ces &eacute;tablissements en relation avec l&#39;activit&eacute; professionnelle.<\/li>\n<li>\n\t\t\tLes d&eacute;penses li&eacute;es &agrave; la consommation d&#39;&eacute;nergie (&eacute;lectricit&eacute;, gaz et carburant) jusqu&#39;&agrave; un maximum de 500&euro;.<\/li>\n<\/ul>\n<div>\n\t\t&nbsp;<\/div>\n<div>\n<h2 class=\"h2Noticia\">\n\t\t\t&Agrave; qui s&#39;adresse cette subvention ?<\/h2>\n<hr \/><\/div>\n<div>\n\t\tToutes les personnes enregistr&eacute;es &agrave; Barcelone qui ont d&eacute;marr&eacute; une nouvelle activit&eacute; &eacute;conomique, par exemple :<\/div>\n<ul>\n<li>\n\t\t\tTravailleurs ind&eacute;pendants (entrepreneurs individuels).<\/li>\n<li>\n\t\t\tLes nouveaux membres des coop&eacute;ratives de travail associ&eacute;.<\/li>\n<\/ul>\n<div>\n<h2 class=\"h2Noticia\">\n\t\t\tQuelles sont les exigences &agrave; remplir ?<\/h2>\n<hr \/><\/div>\n<ul>\n<li>\n\t\t\tAvoir commenc&eacute; une activit&eacute; &eacute;conomique &agrave; partir du 14 mars 2020.<\/li>\n<li>\n\t\t\tInscription fiscale dans la ville de Barcelone avant le 14 mars 2020.<\/li>\n<li>\n\t\t\tVous devez &ecirc;tre enregistr&eacute; en tant que r&eacute;sident de la ville de Barcelone avant l&#39;enregistrement de la taxe.<\/li>\n<li>\n\t\t\t&Ecirc;tre au ch&ocirc;mage avant le d&eacute;but de l&#39;activit&eacute;.<\/li>\n<li>\n\t\t\tNe pas avoir &eacute;t&eacute; enregistr&eacute; dans le RETA pour la m&ecirc;me activit&eacute; au cours de l&#39;ann&eacute;e pr&eacute;c&eacute;dant la date d&#39;enregistrement.<\/li>\n<li>\n\t\t\tSoyez &agrave; jour avec vos obligations fiscales.<\/li>\n<\/ul>\n<div>\n\t\t&nbsp;<\/div>\n<div>\n\t\tPour plus d&#39;informations sur la gestion et le traitement de cette aide, n&#39;h&eacute;sitez pas &agrave; <a href=\"mailto:cinc@cinc.com\">nous contacter<\/a>.<\/div>\n<\/div>\n<p>\n\t&nbsp;<\/p>\n","protected":false},"excerpt":{"rendered":"<div style=\"text-align: justify;\">\n\tLe conseil municipal de Barcelone, par le biais de Barcelona Activa, offre des subventions aux travailleurs ind&eacute;pendants afin de les soulager des d&eacute;penses g&eacute;n&eacute;r&eacute;es au cours de la premi&egrave;re ann&eacute;e d&#39;activit&eacute;.<\/div>\n<p>\n\t&nbsp;<\/p>\n","protected":false},"author":2,"featured_media":10806,"comment_status":"open","ping_status":"open","sticky":false,"template":"","format":"standard","meta":{"_acf_changed":false,"_uag_custom_page_level_css":"","_jetpack_memberships_contains_paid_content":false,"footnotes":""},"categories":[39],"tags":[],"class_list":["post-10805","post","type-post","status-publish","format-standard","has-post-thumbnail","hentry","category-conseil"],"acf":[],"jetpack_featured_media_url":"https:\/\/www.cinc.com\/wp-content\/uploads\/2023\/03\/240-2.jpg","uagb_featured_image_src":{"full":["https:\/\/www.cinc.com\/wp-content\/uploads\/2023\/03\/240-2.jpg",1113,361,false],"thumbnail":["https:\/\/www.cinc.com\/wp-content\/uploads\/2023\/03\/240-2.jpg",150,49,false],"medium":["https:\/\/www.cinc.com\/wp-content\/uploads\/2023\/03\/240-2.jpg",300,97,false],"medium_large":["https:\/\/www.cinc.com\/wp-content\/uploads\/2023\/03\/240-2.jpg",768,249,false],"large":["https:\/\/www.cinc.com\/wp-content\/uploads\/2023\/03\/240-2.jpg",960,311,false],"1536x1536":["https:\/\/www.cinc.com\/wp-content\/uploads\/2023\/03\/240-2.jpg",1113,361,false],"2048x2048":["https:\/\/www.cinc.com\/wp-content\/uploads\/2023\/03\/240-2.jpg",1113,361,false],"gform-image-choice-sm":["https:\/\/www.cinc.com\/wp-content\/uploads\/2023\/03\/240-2.jpg",300,97,false],"gform-image-choice-md":["https:\/\/www.cinc.com\/wp-content\/uploads\/2023\/03\/240-2.jpg",400,130,false],"gform-image-choice-lg":["https:\/\/www.cinc.com\/wp-content\/uploads\/2023\/03\/240-2.jpg",600,195,false]},"uagb_author_info":{"display_name":"Utrans","author_link":"https:\/\/www.cinc.com\/fr\/author\/utrans\/"},"uagb_comment_info":0,"uagb_excerpt":"Le conseil municipal de Barcelone, par le biais de Barcelona Activa, offre des subventions aux travailleurs ind&eacute;pendants afin de les soulager des d&eacute;penses g&eacute;n&eacute;r&eacute;es au cours de la premi&egrave;re ann&eacute;e d&#39;activit&eacute;. &nbsp;","jetpack_sharing_enabled":true,"_links":{"self":[{"href":"https:\/\/www.cinc.com\/fr\/wp-json\/wp\/v2\/posts\/10805","targetHints":{"allow":["GET"]}}],"collection":[{"href":"https:\/\/www.cinc.com\/fr\/wp-json\/wp\/v2\/posts"}],"about":[{"href":"https:\/\/www.cinc.com\/fr\/wp-json\/wp\/v2\/types\/post"}],"author":[{"embeddable":true,"href":"https:\/\/www.cinc.com\/fr\/wp-json\/wp\/v2\/users\/2"}],"replies":[{"embeddable":true,"href":"https:\/\/www.cinc.com\/fr\/wp-json\/wp\/v2\/comments?post=10805"}],"version-history":[{"count":0,"href":"https:\/\/www.cinc.com\/fr\/wp-json\/wp\/v2\/posts\/10805\/revisions"}],"wp:featuredmedia":[{"embeddable":true,"href":"https:\/\/www.cinc.com\/fr\/wp-json\/wp\/v2\/media\/10806"}],"wp:attachment":[{"href":"https:\/\/www.cinc.com\/fr\/wp-json\/wp\/v2\/media?parent=10805"}],"wp:term":[{"taxonomy":"category","embeddable":true,"href":"https:\/\/www.cinc.com\/fr\/wp-json\/wp\/v2\/categories?post=10805"},{"taxonomy":"post_tag","embeddable":true,"href":"https:\/\/www.cinc.com\/fr\/wp-json\/wp\/v2\/tags?post=10805"}],"curies":[{"name":"wp","href":"https:\/\/api.w.org\/{rel}","templated":true}]}}