{"id":10794,"date":"2022-07-26T00:00:00","date_gmt":"2022-07-26T00:00:00","guid":{"rendered":"https:\/\/www.cinc.com\/nouveau-systeme-de-cotisations-pour-les-independants-un-nouveau-systeme-base-sur-le-revenu-reel-approuve\/"},"modified":"2022-07-26T00:00:00","modified_gmt":"2022-07-26T00:00:00","slug":"nouveau-systeme-de-cotisations-pour-les-independants-un-nouveau-systeme-base-sur-le-revenu-reel-approuve","status":"publish","type":"post","link":"https:\/\/www.cinc.com\/fr\/nouveau-systeme-de-cotisations-pour-les-independants-un-nouveau-systeme-base-sur-le-revenu-reel-approuve\/","title":{"rendered":"Nouveau syst\u00e8me de cotisations pour les ind\u00e9pendants : un nouveau syst\u00e8me bas\u00e9 sur le revenu r\u00e9el approuv\u00e9"},"content":{"rendered":"<div style=\"text-align: justify;\">\n<div>\n<div>\n<div>\n<div>\n\t\t\t\t\tLe Conseil des ministres a approuv&eacute; le d&eacute;cret-loi 13\/2022, du 26 juillet, qui &eacute;tablit un nouveau syst&egrave;me de cotisation pour les travailleurs ind&eacute;pendants avec une p&eacute;riode d&#39;application transitoire de 2023 &agrave; 2025. Ainsi, la r&eacute;forme du RETA (travailleurs ind&eacute;pendants) &eacute;tablira un syst&egrave;me de cotisation bas&eacute; sur le revenu r&eacute;el.<\/div>\n<div>\n\t\t\t\t\t&nbsp;<\/div>\n<div>\n\t\t\t\t\tLe nouveau syst&egrave;me, qui commencera &agrave; fonctionner &agrave; partir de janvier prochain, consiste en un changement progressif entre 2023 et 2025, gr&acirc;ce auquel les ind&eacute;pendants commenceront &agrave; payer des cotisations en fonction de ce qu&#39;ils gagnent, comme les salari&eacute;s, avec une cotisation minimale qui sera progressivement r&eacute;duite (230 &euro; en 2023, 225 &euro; en 2024 et 200 &euro; en 2025).<\/div>\n<div>\n\t\t\t\t\t&nbsp;<\/div>\n<div>\n\t\t\t\t\tEn ce qui concerne la cotisation la plus &eacute;lev&eacute;e pour 2023, elle est fix&eacute;e &agrave; 500 &euro; par mois, ce qui correspondra aux travailleurs ind&eacute;pendants dont le revenu mensuel net est sup&eacute;rieur &agrave; 6 000 &euro;. Pour 2024, ce montant sera de 530 &euro;, et pour 2025, de 590 &euro;.<\/div>\n<div>\n\t\t\t\t\t&nbsp;<\/div>\n<div>\n\t\t\t\t\tVous trouverez ci-dessous un r&eacute;sum&eacute; de ce que seront les cotisations des ind&eacute;pendants par an et par tranche de cotisation :<\/div>\n<div>\n\t\t\t\t\t&nbsp;<\/div>\n<div>\n\t\t\t\t\t<img decoding=\"async\" alt=\"\" src=\"https:\/\/www.cinc.com\/pubDocs\/Nuevas%20cotizaciones%20aut%c3%b3nomos%202023-2025.jpg\" style=\"width: 750px; height: 1173px;\" \/><\/div>\n<\/p><\/div>\n<\/p><\/div>\n<\/p><\/div>\n<\/div>\n<p>\n\t&nbsp;<\/p>\n<p>\n\t&nbsp;<\/p>\n<h2 class=\"h2Noticia\" style=\"text-align: justify;\">\n\tQuelles sont les cl&eacute;s du nouveau syst&egrave;me de cotisation du RETA ?<\/h2>\n<hr \/>\n<p style=\"text-align: justify;\">\n\t&nbsp;<\/p>\n<ul>\n<li style=\"text-align: justify;\">\n\t\tEntre la cotisation minimale et la cotisation maximale, il y aura un total de 15 tranches, selon le revenu net.<\/li>\n<li style=\"text-align: justify;\">\n\t\tLes ind&eacute;pendants pourront changer leur base de cotisation tous les deux mois, au lieu de tous les quatre mois, comme jusqu&rsquo;&agrave; pr&eacute;sent.<\/li>\n<li style=\"text-align: justify;\">\n\t\tUne cotisation r&eacute;duite est &eacute;galement maintenue pour tous les ind&eacute;pendants (80&euro;) qui d&eacute;marrent une activit&eacute; ind&eacute;pendante pendant un an, extensible &agrave; 12 mois, plus s&rsquo;il est constat&eacute; que les revenus ont &eacute;t&eacute; inf&eacute;rieurs au salaire minimum interprofessionnel.<\/li>\n<li style=\"text-align: justify;\">\n\t\tLe plafond des cotisations pour les plus de 47 ans dispara&icirc;t. &Agrave; partir de 2023, la limite de cotisations pour les travailleurs de plus de 47 ans dispara&icirc;t, car avec le nouveau syst&egrave;me la condition qui r&eacute;gira sera que les revenus avalisent qu&rsquo;il se trouve dans la tranche correcte de cotisation.<\/li>\n<li style=\"text-align: justify;\">\n\t\tLa S&eacute;curit&eacute; Sociale ne sera pas exempt&eacute;e de la nouvelle r&eacute;forme, mais sera, en outre, avec les cotisations, en r&eacute;alisant des surveillances avec l&rsquo;&eacute;volution des paiements et des cotisations.<\/li>\n<li style=\"text-align: justify;\">\n\t\tCette nouvelle proc&eacute;dure de r&eacute;gularisation sera effectu&eacute;e par ann&eacute;e &eacute;coul&eacute;e, de sorte qu&rsquo;il est pr&eacute;vu que la S&eacute;curit&eacute; Sociale et l&rsquo;Administration Fiscale soient communiqu&eacute;es en donn&eacute;es pour pouvoir conna&icirc;tre les revenus r&eacute;els des travailleurs\/euses ind&eacute;pendants et r&eacute;gulariser les cotisations.<\/li>\n<li style=\"text-align: justify;\">\n\t\tLa figure d&rsquo;ind&eacute;pendant &agrave; temps partiel est supprim&eacute;e : avec la cr&eacute;ation du nouveau syst&egrave;me de cotisation pour revenus r&eacute;els, l&rsquo;ind&eacute;pendant &agrave; temps partiel dispara&icirc;t.<\/li>\n<li style=\"text-align: justify;\">\n\t\tNouvelle prestation pour cessation d&rsquo;activit&eacute; partielle : une prestation de quatre mois &agrave; deux ans pourra &ecirc;tre per&ccedil;ue, sans qu&rsquo;il soit n&eacute;cessaire de se d&eacute;sinscrire du RETA et sans qu&rsquo;une fermeture soit n&eacute;cessaire. L&rsquo;organe de gestion prend en charge la cotisation pendant la perception des prestations &eacute;conomiques de cessation d&rsquo;activit&eacute;. La prestation sera de 50% de la base de calcul compatible avec une autre activit&eacute;. Pour y acc&eacute;der, il faudra avoir une r&eacute;duction de 75% du niveau des ventes ou des revenus lorsque l&rsquo;on n&rsquo;a pas de travailleurs, ou cette m&ecirc;me condition pendant deux trimestres, revenus n&rsquo;exc&eacute;dant pas le salaire minimum interprofessionnel et r&eacute;duction de la journ&eacute;e ou suspension des contrats de 60 % de l&rsquo;effectif, s&rsquo;il y a des travailleurs &agrave; charge.<\/li>\n<\/ul>\n<p>\n\t&nbsp;<\/p>\n","protected":false},"excerpt":{"rendered":"<div style=\"text-align: justify;\">\n\tLe Conseil des ministres a approuv&eacute; le d&eacute;cret-loi 13\/2022, du 26 juillet, qui &eacute;tablit un nouveau syst&egrave;me de cotisation pour les travailleurs ind&eacute;pendants avec une p&eacute;riode d&#39;application transitoire de 2023 &agrave; 2025. Ainsi, la r&eacute;forme du RETA (travailleurs ind&eacute;pendants) &eacute;tablira un syst&egrave;me de cotisation bas&eacute; sur le revenu r&eacute;el.<\/div>\n","protected":false},"author":2,"featured_media":10795,"comment_status":"open","ping_status":"open","sticky":false,"template":"","format":"standard","meta":{"_acf_changed":false,"_uag_custom_page_level_css":"","_jetpack_memberships_contains_paid_content":false,"footnotes":""},"categories":[39],"tags":[],"class_list":["post-10794","post","type-post","status-publish","format-standard","has-post-thumbnail","hentry","category-conseil"],"acf":[],"jetpack_featured_media_url":"https:\/\/www.cinc.com\/wp-content\/uploads\/2023\/03\/237-1.jpg","uagb_featured_image_src":{"full":["https:\/\/www.cinc.com\/wp-content\/uploads\/2023\/03\/237-1.jpg",1113,361,false],"thumbnail":["https:\/\/www.cinc.com\/wp-content\/uploads\/2023\/03\/237-1.jpg",150,49,false],"medium":["https:\/\/www.cinc.com\/wp-content\/uploads\/2023\/03\/237-1.jpg",300,97,false],"medium_large":["https:\/\/www.cinc.com\/wp-content\/uploads\/2023\/03\/237-1.jpg",768,249,false],"large":["https:\/\/www.cinc.com\/wp-content\/uploads\/2023\/03\/237-1.jpg",960,311,false],"1536x1536":["https:\/\/www.cinc.com\/wp-content\/uploads\/2023\/03\/237-1.jpg",1113,361,false],"2048x2048":["https:\/\/www.cinc.com\/wp-content\/uploads\/2023\/03\/237-1.jpg",1113,361,false],"gform-image-choice-sm":["https:\/\/www.cinc.com\/wp-content\/uploads\/2023\/03\/237-1.jpg",300,97,false],"gform-image-choice-md":["https:\/\/www.cinc.com\/wp-content\/uploads\/2023\/03\/237-1.jpg",400,130,false],"gform-image-choice-lg":["https:\/\/www.cinc.com\/wp-content\/uploads\/2023\/03\/237-1.jpg",600,195,false]},"uagb_author_info":{"display_name":"Utrans","author_link":"https:\/\/www.cinc.com\/fr\/author\/utrans\/"},"uagb_comment_info":0,"uagb_excerpt":"Le Conseil des ministres a approuv&eacute; le d&eacute;cret-loi 13\/2022, du 26 juillet, qui &eacute;tablit un nouveau syst&egrave;me de cotisation pour les travailleurs ind&eacute;pendants avec une p&eacute;riode d&#39;application transitoire de 2023 &agrave; 2025. Ainsi, la r&eacute;forme du RETA (travailleurs ind&eacute;pendants) &eacute;tablira un syst&egrave;me de cotisation bas&eacute; sur le revenu r&eacute;el.","jetpack_sharing_enabled":true,"_links":{"self":[{"href":"https:\/\/www.cinc.com\/fr\/wp-json\/wp\/v2\/posts\/10794","targetHints":{"allow":["GET"]}}],"collection":[{"href":"https:\/\/www.cinc.com\/fr\/wp-json\/wp\/v2\/posts"}],"about":[{"href":"https:\/\/www.cinc.com\/fr\/wp-json\/wp\/v2\/types\/post"}],"author":[{"embeddable":true,"href":"https:\/\/www.cinc.com\/fr\/wp-json\/wp\/v2\/users\/2"}],"replies":[{"embeddable":true,"href":"https:\/\/www.cinc.com\/fr\/wp-json\/wp\/v2\/comments?post=10794"}],"version-history":[{"count":0,"href":"https:\/\/www.cinc.com\/fr\/wp-json\/wp\/v2\/posts\/10794\/revisions"}],"wp:featuredmedia":[{"embeddable":true,"href":"https:\/\/www.cinc.com\/fr\/wp-json\/wp\/v2\/media\/10795"}],"wp:attachment":[{"href":"https:\/\/www.cinc.com\/fr\/wp-json\/wp\/v2\/media?parent=10794"}],"wp:term":[{"taxonomy":"category","embeddable":true,"href":"https:\/\/www.cinc.com\/fr\/wp-json\/wp\/v2\/categories?post=10794"},{"taxonomy":"post_tag","embeddable":true,"href":"https:\/\/www.cinc.com\/fr\/wp-json\/wp\/v2\/tags?post=10794"}],"curies":[{"name":"wp","href":"https:\/\/api.w.org\/{rel}","templated":true}]}}