{"id":10779,"date":"2022-09-29T00:00:00","date_gmt":"2022-09-29T00:00:00","guid":{"rendered":"https:\/\/www.cinc.com\/la-cour-supreme-autorise-les-entreprises-a-deduire-leurs-charges-financieres\/"},"modified":"2022-09-29T00:00:00","modified_gmt":"2022-09-29T00:00:00","slug":"la-cour-supreme-autorise-les-entreprises-a-deduire-leurs-charges-financieres","status":"publish","type":"post","link":"https:\/\/www.cinc.com\/fr\/la-cour-supreme-autorise-les-entreprises-a-deduire-leurs-charges-financieres\/","title":{"rendered":"La Cour supr\u00eame autorise les entreprises \u00e0 d\u00e9duire leurs charges financi\u00e8res"},"content":{"rendered":"<div style=\"text-align: justify;\">\n<div>\n<div>\n\t\t\tL&#39;arr&ecirc;t du Tribunal Supr&ecirc;me du 26 juillet 2022 a affirm&eacute; que les charges financi&egrave;res accumul&eacute;es pour un pr&ecirc;t en relation directe et imm&eacute;diate avec l&#39;exercice de l&#39;activit&eacute; de l&#39;entreprise ne constituent pas une donation ou une lib&eacute;ralit&eacute;.&nbsp;<\/div>\n<div>\n\t\t\t&nbsp;<\/div>\n<div>\n\t\t\tLe CS indique que ces d&eacute;penses sont d&eacute;ductibles fiscalement, &agrave; condition qu&#39;elles remplissent les conditions g&eacute;n&eacute;rales de d&eacute;ductibilit&eacute; de la d&eacute;pense :<\/div>\n<div>\n\t\t\t&nbsp;<\/div>\n<div>\n\t\t\t&#8211; Enregistrement comptable<\/div>\n<div>\n\t\t\t&#8211; Allocation sur la base de la comptabilit&eacute; d&#39;exercice<\/div>\n<div>\n\t\t\t&#8211; Justification documentaire<\/div>\n<div>\n\t\t\t&nbsp;<\/div>\n<div>\n\t\t\tL&#39;arr&ecirc;t ent&eacute;rine cet avantage fiscal, m&ecirc;me si l&#39;entreprise dispose de ressources propres et n&#39;a pas besoin d&#39;avoir un cr&eacute;dit.&nbsp;<\/div>\n<div>\n\t\t\t&nbsp;<\/div>\n<div>\n\t\t\tL&#39;arr&ecirc;t du CS indique que &quot;l&#39;interpr&eacute;tation de la notion de dons et de cadeaux ne permet pas d&#39;y inclure des frais financiers qui, comme dans le cas pr&eacute;sent, sont document&eacute;s, inclus dans la comptabilit&eacute; et ont clairement une cause on&eacute;reuse et non gratuite&quot;.&nbsp;<\/div>\n<div>\n\t\t\t&nbsp;<\/div>\n<div>\n\t\t\tElle pr&eacute;cise que &quot;ces d&eacute;penses ne peuvent pas &ecirc;tre class&eacute;es comme des dons ou des cadeaux non d&eacute;ductibles, ni &ecirc;tre consid&eacute;r&eacute;es comme une r&eacute;mun&eacute;ration des capitaux propres qui devrait &ecirc;tre exclue du statut des d&eacute;penses d&eacute;ductibles&quot;.&nbsp;<\/div>\n<div>\n\t\t\t&nbsp;<\/div>\n<div>\n\t\t\tEn bref, les frais financiers sont d&eacute;ductibles aux fins de l&#39;imp&ocirc;t sur les soci&eacute;t&eacute;s, m&ecirc;me si les pr&ecirc;ts ne sont pas li&eacute;s &agrave; un revenu ou &agrave; une transaction sp&eacute;cifique. Il suffit qu&#39;ils soient li&eacute;s &agrave; l&#39;activit&eacute; professionnelle.&nbsp;<\/div>\n<div>\n\t\t\t&nbsp;<\/div>\n<\/p><\/div>\n<\/div>\n<p>\n\t&nbsp;<\/p>\n","protected":false},"excerpt":{"rendered":"<p style=\"text-align: justify;\">\n\tL&#39;arr&ecirc;t du Tribunal Supr&ecirc;me du 26 juillet 2022 a affirm&eacute; que les charges financi&egrave;res accumul&eacute;es pour un pr&ecirc;t en relation directe et imm&eacute;diate avec l&#39;exercice de l&#39;activit&eacute; de l&#39;entreprise ne constituent pas une donation ou une lib&eacute;ralit&eacute;.&nbsp;<\/p>\n","protected":false},"author":2,"featured_media":10780,"comment_status":"open","ping_status":"open","sticky":false,"template":"","format":"standard","meta":{"_acf_changed":false,"_uag_custom_page_level_css":"","_jetpack_memberships_contains_paid_content":false,"footnotes":""},"categories":[39],"tags":[],"class_list":["post-10779","post","type-post","status-publish","format-standard","has-post-thumbnail","hentry","category-conseil"],"acf":[],"jetpack_featured_media_url":"https:\/\/www.cinc.com\/wp-content\/uploads\/2023\/03\/234-1.jpg","uagb_featured_image_src":{"full":["https:\/\/www.cinc.com\/wp-content\/uploads\/2023\/03\/234-1.jpg",1113,361,false],"thumbnail":["https:\/\/www.cinc.com\/wp-content\/uploads\/2023\/03\/234-1.jpg",150,49,false],"medium":["https:\/\/www.cinc.com\/wp-content\/uploads\/2023\/03\/234-1.jpg",300,97,false],"medium_large":["https:\/\/www.cinc.com\/wp-content\/uploads\/2023\/03\/234-1.jpg",768,249,false],"large":["https:\/\/www.cinc.com\/wp-content\/uploads\/2023\/03\/234-1.jpg",960,311,false],"1536x1536":["https:\/\/www.cinc.com\/wp-content\/uploads\/2023\/03\/234-1.jpg",1113,361,false],"2048x2048":["https:\/\/www.cinc.com\/wp-content\/uploads\/2023\/03\/234-1.jpg",1113,361,false],"gform-image-choice-sm":["https:\/\/www.cinc.com\/wp-content\/uploads\/2023\/03\/234-1.jpg",300,97,false],"gform-image-choice-md":["https:\/\/www.cinc.com\/wp-content\/uploads\/2023\/03\/234-1.jpg",400,130,false],"gform-image-choice-lg":["https:\/\/www.cinc.com\/wp-content\/uploads\/2023\/03\/234-1.jpg",600,195,false]},"uagb_author_info":{"display_name":"Utrans","author_link":"https:\/\/www.cinc.com\/fr\/author\/utrans\/"},"uagb_comment_info":0,"uagb_excerpt":"L&#39;arr&ecirc;t du Tribunal Supr&ecirc;me du 26 juillet 2022 a affirm&eacute; que les charges financi&egrave;res accumul&eacute;es pour un pr&ecirc;t en relation directe et imm&eacute;diate avec l&#39;exercice de l&#39;activit&eacute; de l&#39;entreprise ne constituent pas une donation ou une lib&eacute;ralit&eacute;.&nbsp;","jetpack_sharing_enabled":true,"_links":{"self":[{"href":"https:\/\/www.cinc.com\/fr\/wp-json\/wp\/v2\/posts\/10779","targetHints":{"allow":["GET"]}}],"collection":[{"href":"https:\/\/www.cinc.com\/fr\/wp-json\/wp\/v2\/posts"}],"about":[{"href":"https:\/\/www.cinc.com\/fr\/wp-json\/wp\/v2\/types\/post"}],"author":[{"embeddable":true,"href":"https:\/\/www.cinc.com\/fr\/wp-json\/wp\/v2\/users\/2"}],"replies":[{"embeddable":true,"href":"https:\/\/www.cinc.com\/fr\/wp-json\/wp\/v2\/comments?post=10779"}],"version-history":[{"count":0,"href":"https:\/\/www.cinc.com\/fr\/wp-json\/wp\/v2\/posts\/10779\/revisions"}],"wp:featuredmedia":[{"embeddable":true,"href":"https:\/\/www.cinc.com\/fr\/wp-json\/wp\/v2\/media\/10780"}],"wp:attachment":[{"href":"https:\/\/www.cinc.com\/fr\/wp-json\/wp\/v2\/media?parent=10779"}],"wp:term":[{"taxonomy":"category","embeddable":true,"href":"https:\/\/www.cinc.com\/fr\/wp-json\/wp\/v2\/categories?post=10779"},{"taxonomy":"post_tag","embeddable":true,"href":"https:\/\/www.cinc.com\/fr\/wp-json\/wp\/v2\/tags?post=10779"}],"curies":[{"name":"wp","href":"https:\/\/api.w.org\/{rel}","templated":true}]}}