{"id":10754,"date":"2022-05-12T00:00:00","date_gmt":"2022-05-12T00:00:00","guid":{"rendered":"https:\/\/www.cinc.com\/teletravail-a-letranger-nous-repondons-a-vos-questions\/"},"modified":"2022-05-12T00:00:00","modified_gmt":"2022-05-12T00:00:00","slug":"teletravail-a-letranger-nous-repondons-a-vos-questions","status":"publish","type":"post","link":"https:\/\/www.cinc.com\/fr\/teletravail-a-letranger-nous-repondons-a-vos-questions\/","title":{"rendered":"T\u00e9l\u00e9travail \u00e0 l&rsquo;\u00e9tranger: nous r\u00e9pondons \u00e0 vos questions"},"content":{"rendered":"<div style=\"text-align: justify;\">\n<div>\n\t\tLe t&eacute;l&eacute;travail ou le t&eacute;l&eacute;pendulaire a fait irruption dans nos vies de mani&egrave;re inattendue et imm&eacute;diate en r&eacute;ponse aux mesures de confinement de la pand&eacute;mie de Covid-19. Dans le sillage de ce ph&eacute;nom&egrave;ne, le t&eacute;l&eacute;travail international, une option de travail qui permet d&#39;effectuer un travail n&#39;importe o&ugrave; dans le monde, est devenu populaire. Toutefois, bien qu&#39;il s&#39;agisse d&#39;une option g&eacute;n&eacute;ratrice de possibilit&eacute;s, la possibilit&eacute; de travailler &agrave; l&#39;&eacute;tranger n&#39;est pas simple sur le plan juridique, car il s&#39;agit actuellement d&#39;une r&eacute;alit&eacute; non r&eacute;glement&eacute;e.<\/div>\n<div>\n\t\t&nbsp;<\/div>\n<div>\n\t\tEn ce sens, la s&eacute;curit&eacute; sociale espagnole &eacute;tablit le principe de territorialit&eacute; : cela signifie que le travailleur doit travailler dans les limites territoriales du pays dans lequel il cotise. Un changement du lieu de travail physique du salari&eacute; a un impact direct sur les obligations de s&eacute;curit&eacute; sociale qui en d&eacute;coulent pour l&#39;entreprise. Toutefois, les accords bilat&eacute;raux sign&eacute;s entre diff&eacute;rents pays et les r&egrave;glements de l&#39;UE, en fonction du pays d&#39;emploi, permettent des exceptions &agrave; cette r&egrave;gle g&eacute;n&eacute;rale.<\/div>\n<div>\n\t\t&nbsp;<\/div>\n<div style=\"text-align: center;\">\n<h2 class=\"h2Noticia\">\n\t\t\tComment cela affecte-t-il le travailleur ?<\/h2>\n<hr \/><\/div>\n<div>\n\t\t&nbsp;<\/div>\n<div>\n\t\tBien qu&#39;un pays puisse avoir des accords bilat&eacute;raux en mati&egrave;re de s&eacute;curit&eacute; sociale, il est possible que le travailleur ne soit pas prot&eacute;g&eacute; &agrave; 100 %, notamment en termes de couverture sant&eacute;. C&#39;est pourquoi il est important de se renseigner sur la couverture pr&eacute;vue par l&#39;accord sign&eacute; entre l&#39;Espagne et le pays de destination. Il est &eacute;galement conseill&eacute; au travailleur de s&#39;informer de la l&eacute;galit&eacute; du pays o&ugrave; il va travailler pour &eacute;viter de perdre ses droits &agrave; la retraite, au ch&ocirc;mage ou autres.<\/div>\n<div>\n\t\t&nbsp;<\/div>\n<div>\n\t\tPar ailleurs, il convient de pr&eacute;ciser que, lorsque l&#39;on parle de t&eacute;l&eacute;travail, on ne fait pas r&eacute;f&eacute;rence au d&eacute;tachement. Il s&#39;agit de deux sc&eacute;narios diff&eacute;rents, d&#39;une nature juridique diff&eacute;rente et, par cons&eacute;quent, avec des effets juridiques diff&eacute;rents. Compte tenu de la complexit&eacute; et de l&#39;absence de r&eacute;glementation actuelle, il est n&eacute;cessaire d&#39;&eacute;tudier chaque cas de t&eacute;l&eacute;travail &agrave; l&#39;&eacute;tranger en particulier : le lieu de paiement des cotisations de s&eacute;curit&eacute; sociale, les &eacute;ventuelles implications fiscales, les exigences en mati&egrave;re d&#39;enregistrement aux fins de la s&eacute;curit&eacute; sociale, ainsi que l&#39;obtention du certificat de couverture dans les pays qui l&#39;ont l&eacute;galement pr&eacute;vu.<\/div>\n<div>\n\t\t&nbsp;<\/div>\n<div>\n\t\tLe d&eacute;partement du travail de CINC Asesor&iacute;a est &agrave; votre disposition pour &eacute;tudier chaque cas et vous proposer la meilleure option possible.<\/div>\n<div>\n\t\t&nbsp;<\/div>\n<\/div>\n<p>\n\t&nbsp;<\/p>\n","protected":false},"excerpt":{"rendered":"<p style=\"text-align: justify;\">\n\tLe t&eacute;l&eacute;travail ou le t&eacute;l&eacute;pendulaire a fait irruption dans nos vies de mani&egrave;re inattendue et imm&eacute;diate en r&eacute;ponse aux mesures de confinement de la pand&eacute;mie de Covid-19.&nbsp;<\/p>\n","protected":false},"author":2,"featured_media":10755,"comment_status":"open","ping_status":"open","sticky":false,"template":"","format":"standard","meta":{"_acf_changed":false,"_uag_custom_page_level_css":"","_jetpack_memberships_contains_paid_content":false,"footnotes":""},"categories":[39],"tags":[],"class_list":["post-10754","post","type-post","status-publish","format-standard","has-post-thumbnail","hentry","category-conseil"],"acf":[],"jetpack_featured_media_url":"https:\/\/www.cinc.com\/wp-content\/uploads\/2023\/03\/228-2.jpg","uagb_featured_image_src":{"full":["https:\/\/www.cinc.com\/wp-content\/uploads\/2023\/03\/228-2.jpg",1113,361,false],"thumbnail":["https:\/\/www.cinc.com\/wp-content\/uploads\/2023\/03\/228-2.jpg",150,49,false],"medium":["https:\/\/www.cinc.com\/wp-content\/uploads\/2023\/03\/228-2.jpg",300,97,false],"medium_large":["https:\/\/www.cinc.com\/wp-content\/uploads\/2023\/03\/228-2.jpg",768,249,false],"large":["https:\/\/www.cinc.com\/wp-content\/uploads\/2023\/03\/228-2.jpg",960,311,false],"1536x1536":["https:\/\/www.cinc.com\/wp-content\/uploads\/2023\/03\/228-2.jpg",1113,361,false],"2048x2048":["https:\/\/www.cinc.com\/wp-content\/uploads\/2023\/03\/228-2.jpg",1113,361,false],"gform-image-choice-sm":["https:\/\/www.cinc.com\/wp-content\/uploads\/2023\/03\/228-2.jpg",300,97,false],"gform-image-choice-md":["https:\/\/www.cinc.com\/wp-content\/uploads\/2023\/03\/228-2.jpg",400,130,false],"gform-image-choice-lg":["https:\/\/www.cinc.com\/wp-content\/uploads\/2023\/03\/228-2.jpg",600,195,false]},"uagb_author_info":{"display_name":"Utrans","author_link":"https:\/\/www.cinc.com\/fr\/author\/utrans\/"},"uagb_comment_info":0,"uagb_excerpt":"Le t&eacute;l&eacute;travail ou le t&eacute;l&eacute;pendulaire a fait irruption dans nos vies de mani&egrave;re inattendue et imm&eacute;diate en r&eacute;ponse aux mesures de confinement de la pand&eacute;mie de Covid-19.&nbsp;","jetpack_sharing_enabled":true,"_links":{"self":[{"href":"https:\/\/www.cinc.com\/fr\/wp-json\/wp\/v2\/posts\/10754","targetHints":{"allow":["GET"]}}],"collection":[{"href":"https:\/\/www.cinc.com\/fr\/wp-json\/wp\/v2\/posts"}],"about":[{"href":"https:\/\/www.cinc.com\/fr\/wp-json\/wp\/v2\/types\/post"}],"author":[{"embeddable":true,"href":"https:\/\/www.cinc.com\/fr\/wp-json\/wp\/v2\/users\/2"}],"replies":[{"embeddable":true,"href":"https:\/\/www.cinc.com\/fr\/wp-json\/wp\/v2\/comments?post=10754"}],"version-history":[{"count":0,"href":"https:\/\/www.cinc.com\/fr\/wp-json\/wp\/v2\/posts\/10754\/revisions"}],"wp:featuredmedia":[{"embeddable":true,"href":"https:\/\/www.cinc.com\/fr\/wp-json\/wp\/v2\/media\/10755"}],"wp:attachment":[{"href":"https:\/\/www.cinc.com\/fr\/wp-json\/wp\/v2\/media?parent=10754"}],"wp:term":[{"taxonomy":"category","embeddable":true,"href":"https:\/\/www.cinc.com\/fr\/wp-json\/wp\/v2\/categories?post=10754"},{"taxonomy":"post_tag","embeddable":true,"href":"https:\/\/www.cinc.com\/fr\/wp-json\/wp\/v2\/tags?post=10754"}],"curies":[{"name":"wp","href":"https:\/\/api.w.org\/{rel}","templated":true}]}}