{"id":10728,"date":"2022-03-17T00:00:00","date_gmt":"2022-03-17T00:00:00","guid":{"rendered":"https:\/\/www.cinc.com\/le-retour-definitif-au-bureau-est-la-ce-que-le-retour-a-la-normale-va-apporter\/"},"modified":"2022-03-17T00:00:00","modified_gmt":"2022-03-17T00:00:00","slug":"le-retour-definitif-au-bureau-est-la-ce-que-le-retour-a-la-normale-va-apporter","status":"publish","type":"post","link":"https:\/\/www.cinc.com\/fr\/le-retour-definitif-au-bureau-est-la-ce-que-le-retour-a-la-normale-va-apporter\/","title":{"rendered":"Le retour d\u00e9finitif au bureau est l\u00e0: ce que le retour \u00e0 la normale va apporter"},"content":{"rendered":"<div style=\"text-align: justify;\">\n<div>\n\t\tLa fin du retour au bureau est arriv&eacute;e. Deux ans se sont &eacute;coul&eacute;s depuis le d&eacute;but de la pand&eacute;mie, et il semble que, petit &agrave; petit, nous revenions &agrave; la normalit&eacute; d&#39;avant : les mesures restrictives commencent &agrave; &ecirc;tre assouplies (la suppression des masques &agrave; l&#39;int&eacute;rieur est attendue pour bient&ocirc;t) et la pr&eacute;sence occupe &agrave; nouveau une place tr&egrave;s importante dans tous les domaines. Nous pouvons donc enfin dire que le retour &agrave; la normale est une r&eacute;alit&eacute;.<\/div>\n<div>\n\t\t&nbsp;<\/div>\n<div>\n\t\tLes grandes entreprises technologiques, qui avaient pr&eacute;vu un retour massif au bureau en septembre, sont en train de le faire : les travailleurs de Microsoft ont repris le chemin du bureau le 28 f&eacute;vrier, et ceux d&#39;Apple le 1er avril. Le retour de Google est &eacute;galement pr&eacute;vu pour le 4 avril, et nous pouvons constater que la formule flexible s&#39;av&egrave;re &ecirc;tre la solution d&eacute;finitive au retour, et qu&#39;elle nous accompagnera encore pendant un certain temps.&nbsp;<\/div>\n<div>\n\t\t&nbsp;<\/div>\n<div>\n\t\tL&#39;organisation d&#39;&eacute;v&eacute;nements est &eacute;galement un bon signe de retour &agrave; la normale. L&#39;un des &eacute;v&eacute;nements cl&eacute;s du d&eacute;but de l&#39;ann&eacute;e 2022 &agrave; Barcelone a sans aucun doute &eacute;t&eacute; le Mobile World Congress, qui a &eacute;t&eacute; touch&eacute; par la pand&eacute;mie l&#39;ann&eacute;e derni&egrave;re, et qui s&#39;est tenu cette ann&eacute;e avec plus de 60 000 participants de pr&egrave;s de 200 pays, o&ugrave; les mesures de s&eacute;curit&eacute; pr&eacute;ventives n&#39;ont pas manqu&eacute;.&nbsp;<\/div>\n<div>\n\t\t&nbsp;<\/div>\n<div>\n\t\tChez CINC, nous avons &eacute;galement remarqu&eacute; que les entreprises travaillant avec des mod&egrave;les hybrides sont de plus en plus encourag&eacute;es &agrave; organiser des r&eacute;unions et des rencontres d&#39;entreprise. Et on voit qu&#39;ils ont rat&eacute; le coche : il ne fait aucun doute qu&#39;ils facilitent la communication entre les membres de l&#39;entreprise et am&eacute;liorent le lien et le sentiment d&#39;appartenance &agrave; l&#39;entreprise, ce qui est difficile &agrave; maintenir avec le t&eacute;l&eacute;travail.&nbsp;<\/div>\n<div>\n\t\t&nbsp;<\/div>\n<div>\n\t\tQu&#39;avons-nous gagn&eacute; &agrave; revenir &agrave; la normalit&eacute; ? Ce sont l&agrave; quelques-uns des avantages du retour au bureau en personne et de l&#39;organisation d&#39;&eacute;v&eacute;nements et de r&eacute;unions d&#39;entreprise.<\/div>\n<div>\n\t\t&nbsp;<\/div>\n<div style=\"text-align: center;\">\n<h2 class='h2Noticia'>Une communication interpersonnelle beaucoup plus directe et efficace<\/h2>\n<hr\/>\n<\/div>\n<div style=\"text-align: center;\">\n\t\t&nbsp;<\/div>\n<div>\n\t\tSaviez-vous qu&#39;au moins deux tiers de la communication est non verbale ? Imaginez la quantit&eacute; d&#39;informations qui nous &eacute;chappent par le biais des appels t&eacute;l&eacute;phoniques, des courriels et m&ecirc;me des messages audio Whatsapp. Sans compter que les appels vid&eacute;o peuvent &ecirc;tre &eacute;puisants en raison de la pression psychologique li&eacute;e &agrave; la communication &agrave; distance. La communication en face &agrave; face nous permet de communiquer beaucoup plus clairement, librement et efficacement, car les gestes et les expressions v&eacute;hiculent beaucoup plus de sens et garantissent que les messages ne sont pas mal interpr&eacute;t&eacute;s.&nbsp;<\/div>\n<div>\n\t\t&nbsp;<\/div>\n<div style=\"text-align: center;\">\n<h2 class='h2Noticia'>Les liens avec l&#39;entreprise sont renforc&eacute;s<\/h2>\n<hr\/>\n<\/div>\n<div style=\"text-align: center;\">\n\t\t&nbsp;<\/div>\n<div>\n\t\tSelon une enqu&ecirc;te du magazine Forbes, 84 % des cadres pr&eacute;f&egrave;rent les relations en personne en raison de leur capacit&eacute; &agrave; &eacute;tablir des relations sociales plus fortes et plus significatives. Cela rev&ecirc;t une grande importance pour les entreprises qui, depuis si longtemps, font travailler leurs employ&eacute;s &agrave; distance. Le retour au bureau est une p&eacute;riode de retrouvailles, un retour aux anciennes (et nouvelles) routines, et il nous rappelle certainement pourquoi il est si appr&eacute;ci&eacute; : il renforce les relations sociales, l&#39;un des facteurs les plus importants du bien-&ecirc;tre des personnes au travail.<\/div>\n<div>\n\t\t&nbsp;<\/div>\n<div style=\"text-align: center;\">\n<h2 class='h2Noticia'> La motivation et la productivit&eacute; sont renforc&eacute;es<\/h2>\n<hr\/>\n<\/div>\n<div>\n\t\t&nbsp;<\/div>\n<div>\n\t\tEn cons&eacute;quence de tout ce qui pr&eacute;c&egrave;de, la productivit&eacute; est &eacute;galement am&eacute;lior&eacute;e, en termes de motivation et d&#39;am&eacute;lioration de la communication et du travail d&#39;&eacute;quipe. Il est beaucoup plus facile de communiquer avec vos coll&egrave;gues et de prendre des d&eacute;cisions que vous deviez auparavant prendre par t&eacute;l&eacute;phone ou par Whatsapp. En outre, le fait de disposer d&#39;un mobilier professionnel et d&#39;&eacute;quipements technologiques (grands bureaux, &eacute;crans d&#39;ordinateur, photocopieur, etc.) contribue &eacute;galement &agrave; un plus grand confort et &agrave; une plus grande efficacit&eacute; dans le travail quotidien. Il est vrai que beaucoup d&#39;entre nous continueront &agrave; travailler quelques jours par semaine depuis leur domicile, mais lorsqu&#39;on s&#39;habitue aux avantages du travail au bureau, on comprend qu&#39;en fin de compte, il s&#39;agit de trouver un &eacute;quilibre, et que le confort des espaces professionnels va au-del&agrave; du travail &agrave; domicile en pantoufles.&nbsp;<\/div>\n<div>\n\t\t&nbsp;<\/div>\n<div>\n\t\tA CINC, nous avons tout pr&eacute;par&eacute; pour que vous puissiez retourner au bureau. Nous pr&eacute;parons des espaces de travail sur mesure depuis plus d&#39;une d&eacute;cennie et nous comprenons les besoins de nos clients, en proposant des solutions adapt&eacute;es &agrave; chaque rythme et en personnalisant au maximum leurs espaces.&nbsp;<\/div>\n<div>\n\t\t&nbsp;<\/div>\n<div>\n\t\tEn outre, nous disposons &eacute;galement de salles de r&eacute;union et de formation &eacute;quip&eacute;es technologiquement afin que vous puissiez organiser toutes vos r&eacute;unions d&#39;entreprise, notamment si votre soci&eacute;t&eacute; travaille selon un mod&egrave;le hybride et que vous souhaitez impliquer davantage les employ&eacute;s de votre entreprise. Vous pouvez les r&eacute;server en ligne <a href=\"https:\/\/www.cinc.com\/fr\/centre-negocis\/lloguer-de-sales\" target=\"_blank\" rel=\"noopener\">ici<\/a>.<\/div>\n<div>\n\t\t&nbsp;<\/div>\n<\/div>\n<p>\n\t&nbsp;<\/p>\n","protected":false},"excerpt":{"rendered":"<p style=\"text-align: justify;\">\n\tLa fin du retour au bureau est arriv&eacute;e. Deux ans se sont &eacute;coul&eacute;s depuis le d&eacute;but de la pand&eacute;mie, et il semble que, petit &agrave; petit, nous revenions &agrave; la normalit&eacute; d&#39;avant : les mesures restrictives commencent &agrave; &ecirc;tre assouplies (la suppression des masques &agrave; l&#39;int&eacute;rieur est attendue pour bient&ocirc;t) et la pr&eacute;sence occupe &agrave; nouveau une place tr&egrave;s importante dans tous les domaines. Nous pouvons donc enfin dire que le retour &agrave; la normale est une r&eacute;alit&eacute;.<\/p>\n","protected":false},"author":2,"featured_media":10729,"comment_status":"open","ping_status":"open","sticky":false,"template":"","format":"standard","meta":{"_acf_changed":false,"_uag_custom_page_level_css":"","_jetpack_memberships_contains_paid_content":false,"footnotes":""},"categories":[39],"tags":[],"class_list":["post-10728","post","type-post","status-publish","format-standard","has-post-thumbnail","hentry","category-conseil"],"acf":[],"jetpack_featured_media_url":"https:\/\/www.cinc.com\/wp-content\/uploads\/2023\/03\/222-2.jpg","uagb_featured_image_src":{"full":["https:\/\/www.cinc.com\/wp-content\/uploads\/2023\/03\/222-2.jpg",1113,361,false],"thumbnail":["https:\/\/www.cinc.com\/wp-content\/uploads\/2023\/03\/222-2.jpg",150,49,false],"medium":["https:\/\/www.cinc.com\/wp-content\/uploads\/2023\/03\/222-2.jpg",300,97,false],"medium_large":["https:\/\/www.cinc.com\/wp-content\/uploads\/2023\/03\/222-2.jpg",768,249,false],"large":["https:\/\/www.cinc.com\/wp-content\/uploads\/2023\/03\/222-2.jpg",960,311,false],"1536x1536":["https:\/\/www.cinc.com\/wp-content\/uploads\/2023\/03\/222-2.jpg",1113,361,false],"2048x2048":["https:\/\/www.cinc.com\/wp-content\/uploads\/2023\/03\/222-2.jpg",1113,361,false],"gform-image-choice-sm":["https:\/\/www.cinc.com\/wp-content\/uploads\/2023\/03\/222-2.jpg",300,97,false],"gform-image-choice-md":["https:\/\/www.cinc.com\/wp-content\/uploads\/2023\/03\/222-2.jpg",400,130,false],"gform-image-choice-lg":["https:\/\/www.cinc.com\/wp-content\/uploads\/2023\/03\/222-2.jpg",600,195,false]},"uagb_author_info":{"display_name":"Utrans","author_link":"https:\/\/www.cinc.com\/fr\/author\/utrans\/"},"uagb_comment_info":0,"uagb_excerpt":"La fin du retour au bureau est arriv&eacute;e. Deux ans se sont &eacute;coul&eacute;s depuis le d&eacute;but de la pand&eacute;mie, et il semble que, petit &agrave; petit, nous revenions &agrave; la normalit&eacute; d&#39;avant : les mesures restrictives commencent &agrave; &ecirc;tre assouplies (la suppression des masques &agrave; l&#39;int&eacute;rieur est attendue pour bient&ocirc;t) et la pr&eacute;sence occupe &agrave;\u2026","jetpack_sharing_enabled":true,"_links":{"self":[{"href":"https:\/\/www.cinc.com\/fr\/wp-json\/wp\/v2\/posts\/10728","targetHints":{"allow":["GET"]}}],"collection":[{"href":"https:\/\/www.cinc.com\/fr\/wp-json\/wp\/v2\/posts"}],"about":[{"href":"https:\/\/www.cinc.com\/fr\/wp-json\/wp\/v2\/types\/post"}],"author":[{"embeddable":true,"href":"https:\/\/www.cinc.com\/fr\/wp-json\/wp\/v2\/users\/2"}],"replies":[{"embeddable":true,"href":"https:\/\/www.cinc.com\/fr\/wp-json\/wp\/v2\/comments?post=10728"}],"version-history":[{"count":0,"href":"https:\/\/www.cinc.com\/fr\/wp-json\/wp\/v2\/posts\/10728\/revisions"}],"wp:featuredmedia":[{"embeddable":true,"href":"https:\/\/www.cinc.com\/fr\/wp-json\/wp\/v2\/media\/10729"}],"wp:attachment":[{"href":"https:\/\/www.cinc.com\/fr\/wp-json\/wp\/v2\/media?parent=10728"}],"wp:term":[{"taxonomy":"category","embeddable":true,"href":"https:\/\/www.cinc.com\/fr\/wp-json\/wp\/v2\/categories?post=10728"},{"taxonomy":"post_tag","embeddable":true,"href":"https:\/\/www.cinc.com\/fr\/wp-json\/wp\/v2\/tags?post=10728"}],"curies":[{"name":"wp","href":"https:\/\/api.w.org\/{rel}","templated":true}]}}