{"id":10703,"date":"2022-01-04T00:00:00","date_gmt":"2022-01-04T00:00:00","guid":{"rendered":"https:\/\/www.cinc.com\/les-cles-de-la-nouvelle-reforme-du-marche-du-travail\/"},"modified":"2022-01-04T00:00:00","modified_gmt":"2022-01-04T00:00:00","slug":"les-cles-de-la-nouvelle-reforme-du-marche-du-travail","status":"publish","type":"post","link":"https:\/\/www.cinc.com\/fr\/les-cles-de-la-nouvelle-reforme-du-marche-du-travail\/","title":{"rendered":"Les cl\u00e9s de la nouvelle r\u00e9forme du march\u00e9 du travail"},"content":{"rendered":"<div style=\"text-align: justify;\">\n<div>\n\t\tLe BOE du 30\/12\/2021 a publi&eacute; le d&eacute;cret-loi royal 32\/2021, du 28 d&eacute;cembre, qui comprend une compilation de mesures urgentes pour la r&eacute;forme du travail, la garantie de la stabilit&eacute; de l&#39;emploi et la transformation du march&eacute; du travail.<\/div>\n<div>\n\t\t&nbsp;<\/div>\n<div>\n\t\t&nbsp;Parmi les mesures relatives au travail, on peut citer les suivantes:<\/div>\n<div>\n\t\t&nbsp;<\/div>\n<div>\n\t\t1. les modalit&eacute;s de contractualisation sont r&eacute;duites. Le contrat de travail ou de service dispara&icirc;t, et de nouvelles mesures sur la concat&eacute;nation des contrats temporaires sont appliqu&eacute;es. Les co&ucirc;ts de contribution pour les contrats temporaires sont augment&eacute;s.<\/div>\n<div>\n\t\t2. Contrat de formation avec deux modalit&eacute;s.<\/div>\n<div>\n\t\t3. modification du contrat &agrave; dur&eacute;e d&eacute;termin&eacute;e.<\/div>\n<div>\n\t\t4. Mesures visant &agrave; moderniser les n&eacute;gociations collectives. Les conventions collectives.<\/div>\n<div>\n\t\t5. Rouge-Nouveaux m&eacute;canismes ERTE. Mesures de flexibilit&eacute; interne.<\/div>\n<div>\n\t\t&nbsp;<\/div>\n<div style=\"text-align: center;\">\n<h2 class=\"h2Noticia\">\n\t\t\t1. Contrats temporaires:<\/h2>\n<hr \/><\/div>\n<div style=\"text-align: center;\">\n\t\t&nbsp;<\/div>\n<div>\n\t\tL&#39;objectif principal de la r&eacute;forme actuelle est de r&eacute;duire la rotation du personnel et le taux d&#39;emploi temporaire ; c&#39;est pourquoi les modalit&eacute;s des contrats d&#39;emploi sont simplifi&eacute;es et r&eacute;organis&eacute;es, en donnant plus d&#39;importance aux contrats permanents et en remaniant les contrats temporaires.<\/div>\n<div>\n\t\t&nbsp;<\/div>\n<ul>\n<li>\n\t\t\tLe contrat de travail ordinaire est &agrave; dur&eacute;e ind&eacute;termin&eacute;e et les contrats temporaires ne peuvent &ecirc;tre conclus que pour des raisons tr&egrave;s sp&eacute;cifiques et justifi&eacute;es.<\/li>\n<li>\n\t\t\tLa possibilit&eacute; de conclure des contrats pour des travaux ou des services sp&eacute;cifiques dispara&icirc;t.<\/li>\n<li>\n\t\t\tLe contrat de travail &agrave; dur&eacute;e d&eacute;termin&eacute;e ne peut &ecirc;tre conclu qu&#39;en raison de circonstances de production, &agrave; condition qu&#39;il existe une cause justifiant le caract&egrave;re temporaire du contrat, raison pour laquelle les circonstances sp&eacute;cifiques et leur dur&eacute;e doivent &ecirc;tre pr&eacute;cis&eacute;ment identifi&eacute;es et sp&eacute;cifi&eacute;es dans le contrat, &agrave; l&#39;exclusion des circonstances qui constituent l&#39;activit&eacute; habituelle et ordinaire de l&#39;entreprise.<\/li>\n<\/ul>\n<div>\n\t\tLes contrats temporaires peuvent &ecirc;tre ex&eacute;cut&eacute;s dans les situations suivantes:<\/div>\n<div>\n\t\t&nbsp;<\/div>\n<div>\n\t\t1. Des augmentations occasionnelles et impr&eacute;visibles, ainsi que des oscillations qui g&eacute;n&egrave;rent une inad&eacute;quation temporaire de l&#39;occupation disponible. Dans ces cas, le contrat ne peut pas d&eacute;passer 6 mois, 12 si la convention collective le permet.<\/div>\n<div>\n\t\t&nbsp;<\/div>\n<div>\n\t\t2. Pour faire face &agrave; des situations occasionnelles, pr&eacute;visibles, de courte dur&eacute;e et limit&eacute;es dans le temps. Ce contrat peut &ecirc;tre utilis&eacute; pour un maximum de 90 jours par an. Ces 90 jours ne peuvent &ecirc;tre utilis&eacute;s de mani&egrave;re continue.<\/div>\n<div>\n\t\t&nbsp;<\/div>\n<div>\n\t\t3. Remplacement de travailleurs avec droit de r&eacute;serve, r&eacute;duction de la journ&eacute;e de travail d&#39;un travailleur, processus de s&eacute;lection, vacances&#8230; L&#39;ex&eacute;cution de travaux dans le cadre de contrats, de sous-contrats ou de concessions administratives qui constituent l&#39;activit&eacute; habituelle ou ordinaire de l&#39;entreprise ne peut &ecirc;tre invoqu&eacute;e comme motif de cette contractualisation, sauf en cas de circonstances r&eacute;elles de production.<\/div>\n<div>\n\t\t&nbsp;<\/div>\n<div>\n\t\tLes travailleurs qui ont &eacute;t&eacute; contract&eacute;s, avec ou sans interruption, pendant plus de 18 mois au cours d&#39;une p&eacute;riode de 24 mois, acquerront le statut de travailleurs permanents. Comme grande nouveaut&eacute;, l&#39;amendement modifie qu&#39;ils auront le statut de travailleurs permanents s&#39;ils couvrent un emploi qui a d&eacute;j&agrave; &eacute;t&eacute; occup&eacute;, m&ecirc;me si c&#39;est par un autre travailleur, y compris les contrats de mise &agrave; disposition de travail temporaire effectu&eacute;s par des agences de travail temporaire.<\/div>\n<div>\n\t\t&nbsp;<\/div>\n<div>\n\t\tLe r&egrave;glement entrera en vigueur trois mois apr&egrave;s sa publication, ce qui signifie que les entreprises auront jusqu&#39;au 30 mars pour s&#39;adapter.<\/div>\n<div>\n\t\t&nbsp;<\/div>\n<div>\n\t\tLes contrats de travail ou de service, ainsi que les contrats temporaires dus &agrave; des circonstances de production, conclus du 31 d&eacute;cembre 2021 au 30 mars 2022, seront r&eacute;gis par la r&egrave;gle l&eacute;gale ou conventionnelle en vigueur &agrave; la date de leur conclusion, et leur dur&eacute;e ne pourra pas d&eacute;passer 6 mois.<\/div>\n<div>\n\t\t&nbsp;<\/div>\n<ul>\n<li>\n\t\t\tUne cotisation suppl&eacute;mentaire &agrave; la charge de l&#39;employeur pour les contrats &agrave; dur&eacute;e d&eacute;termin&eacute;e de moins de 30 jours sera calcul&eacute;e en multipliant par 3 la cotisation r&eacute;sultant de l&#39;application de la base journali&egrave;re minimale du groupe 8 du r&eacute;gime g&eacute;n&eacute;ral de la s&eacute;curit&eacute; sociale. Ce surco&ucirc;t ne sera pas appliqu&eacute; aux travailleurs agricoles salari&eacute;s, ni aux salari&eacute;s\/employ&eacute;s &agrave; domicile, ni aux contrats de substitution.<\/li>\n<li>\n\t\t\tLe contrat int&eacute;rimaire est maintenu, pour le remplacement d&#39;un travailleur avec droit de r&eacute;serve, pour autant que le nom de la personne remplac&eacute;e et le motif du remplacement soient pr&eacute;cis&eacute;s dans le contrat. Dans les cas o&ugrave; ce type de contrat est conclu pour couvrir un poste pendant le processus de s&eacute;lection ou de promotion, la dur&eacute;e maximale ne peut exc&eacute;der 3 mois (90 jours).<\/li>\n<\/ul>\n<div>\n\t\tLes travailleurs du secteur de la construction auront &eacute;galement un contrat &agrave; dur&eacute;e ind&eacute;termin&eacute;e et, lorsque le travail o&ugrave; ils sont employ&eacute;s prendra fin, l&#39;entreprise devra remplacer le travailleur.<\/div>\n<div style=\"text-align: center;\">\n<h2 class=\"h2Noticia\">\n\t\t\t2. Contrats de formation<\/h2>\n<hr \/><\/div>\n<div>\n\t\tIl y aura deux types de contrats de formation :<\/div>\n<div>\n\t\t&nbsp;<\/div>\n<div>\n\t\t1.Formation en alternance avec un travail r&eacute;mun&eacute;r&eacute;. Le contrat de formation est limit&eacute; aux jeunes de moins de 30 ans. La dur&eacute;e minimale sera comprise entre 3 mois et 2 ans (nouvel article 11.2 du TE). Le temps de travail ne doit pas d&eacute;passer 65 % la premi&egrave;re ann&eacute;e et 85 % la deuxi&egrave;me ann&eacute;e et aucune heure suppl&eacute;mentaire, aucun travail post&eacute; ou de nuit n&#39;est autoris&eacute;. Limit&eacute;e pour une p&eacute;riode comprise entre 3 et 24 mois (nouvel art. 11.2 TE). Jamais moins que le salaire minimum interprofessionnel.<\/div>\n<div>\n\t\t&nbsp;<\/div>\n<div>\n\t\t2. Formation en alternance pour obtenir une pratique professionnelle. Le contrat de formation en alternance vise &agrave; r&eacute;pondre &agrave; l&#39;acquisition de la comp&eacute;tence professionnelle correspondant &agrave; un certain niveau d&#39;&eacute;tudes. Elle est limit&eacute;e &agrave; une p&eacute;riode comprise entre 6 et 12 mois et ne peut &ecirc;tre utilis&eacute;e que pendant les 3 ann&eacute;es qui suivent la fin des &eacute;tudes (nouvel art. 11.3 TE), sauf pour les personnes handicap&eacute;es.<\/div>\n<div>\n\t\t&nbsp;<\/div>\n<div>\n\t\t3. Dans les 6 mois suivant la publication de cet arr&ecirc;t&eacute; royal, le statut du boursier sera r&eacute;dig&eacute;.<\/div>\n<div style=\"text-align: center;\">\n<h2 class=\"h2Noticia\">\n\t\t\t3. la modification des contrats &agrave; dur&eacute;e d&eacute;termin&eacute;e<\/h2>\n<hr \/><\/div>\n<div>\n\t\tCette modalit&eacute; contractuelle est renforc&eacute;e en indiquant qu&#39;elle peut &ecirc;tre utilis&eacute;e pour tous ces besoins ind&eacute;finis mais intermittents, que ce soit pour l&#39;ex&eacute;cution de travaux dont la dur&eacute;e d&#39;ex&eacute;cution est certaine, d&eacute;termin&eacute;e ou ind&eacute;termin&eacute;e.<\/div>\n<div>\n\t\t&nbsp;<\/div>\n<div>\n\t\tLe contrat &agrave; dur&eacute;e ind&eacute;termin&eacute;e peut &ecirc;tre sign&eacute; dans le cadre de contrats commerciaux ou administratifs qui, bien que pr&eacute;visibles, font partie de l&#39;activit&eacute; normale et ordinaire de l&#39;entreprise.<\/div>\n<div>\n\t\t&nbsp;<\/div>\n<div>\n\t\tDans ce type de contrat, la dur&eacute;e de la p&eacute;riode d&#39;activit&eacute;, la journ&eacute;e de travail et la r&eacute;partition des heures de travail doivent &ecirc;tre d&eacute;finies, m&ecirc;me s&#39;il s&#39;agit d&#39;une dur&eacute;e estim&eacute;e au moment de l&#39;appel.<\/div>\n<div>\n\t\t&nbsp;<\/div>\n<div>\n\t\tLorsque l&#39;embauche permanente-discontinue est justifi&eacute;e pour la conclusion de contrats, de sous-contrats ou &agrave; l&#39;occasion de concessions administratives, les p&eacute;riodes d&#39;activit&eacute; ne peuvent intervenir qu&#39;en tant que p&eacute;riode d&#39;attente pour la r&eacute;installation entre les sous-contrats, c&#39;est-&agrave;-dire que les conventions peuvent d&eacute;terminer une p&eacute;riode maximale d&#39;inactivit&eacute; entre les sous-contrats.<\/div>\n<div>\n\t\t&nbsp;<\/div>\n<div>\n\t\tLeur anciennet&eacute; sera calcul&eacute;e en tenant compte de toute la dur&eacute;e de la relation de travail, et pas seulement du travail effectif comme actuellement.<\/div>\n<div>\n\t\t&nbsp;&nbsp;<\/div>\n<div style=\"text-align: center;\">\n<h2 class=\"h2Noticia\">\n\t\t\t4. Modernisation des n&eacute;gociations collectives. Les conventions collectives<\/h2>\n<hr \/><\/div>\n<ul>\n<li>\n\t\t\tL&#39;accord d&#39;entreprise pr&eacute;vaut sur l&#39;accord sectoriel, repris dans le r&egrave;glement des salaires et de leurs suppl&eacute;ments (article 84ET). Il ne sera plus possible pour un accord d&#39;entreprise d&#39;avoir un salaire inf&eacute;rieur &agrave; celui de l&#39;accord sectoriel.<\/li>\n<li>\n\t\t\tLe &quot;despenjament salarial&quot; continuera d&#39;exister, ce qui signifie que les salaires ne peuvent &ecirc;tre inf&eacute;rieurs &agrave; ceux de l&#39;accord sectoriel.<\/li>\n<li>\n\t\t\tLes conventions collectives retrouveront leur ultra-activit&eacute; ind&eacute;finie, ce qui signifie que lorsqu&#39;une convention collective a &eacute;t&eacute; d&eacute;nonc&eacute;e et qu&#39;une ann&eacute;e s&#39;est &eacute;coul&eacute;e, elle ne perdra pas sa validit&eacute;.<\/li>\n<\/ul>\n<div style=\"text-align: center;\">\n<h2 class=\"h2Noticia\">\n\t\t\t5. M&eacute;canismes de r&eacute;seau &#8211; Nouveaux ERTE<\/h2>\n<hr \/><\/div>\n<div>\n\t\t&nbsp;<\/div>\n<ul>\n<li>\n\t\t\tLes nouveaux mod&egrave;les ERTE constituent l&#39;un des aspects les plus marquants de la r&eacute;forme du travail. De nouveaux m&eacute;canismes de flexibilit&eacute; interne sont introduits, avec des exon&eacute;rations de cotisations de s&eacute;curit&eacute; sociale et des incitations &agrave; la formation, comme alternative &agrave; l&#39;emploi temporaire et pour r&eacute;duire les licenciements en p&eacute;riode de crise ou de reconversion, suivant le mod&egrave;le utilis&eacute; pendant la pand&eacute;mie.<\/li>\n<li>\n\t\t\tLes ERTE sont renforc&eacute;s par des exon&eacute;rations de 90% pour tous les cas de force majeure et de 20% pour les ERTE dits ETOP, ceux li&eacute;s &agrave; des causes &eacute;conomiques, techniques, organisationnelles et de production, qui seront li&eacute;s &agrave; la formation (D:A : 25&deg; de l&#39;ET).<\/li>\n<li>\n\t\t\tAvec cette nouvelle loi sur le travail, les licenciements temporaires seront renforc&eacute;s afin d&#39;&eacute;viter les licenciements collectifs. Ce nouveau mod&egrave;le d&#39;ERTE, appel&eacute; &quot;Mecanismo RED&quot;, sera d&eacute;compos&eacute; selon deux modalit&eacute;s :<\/li>\n<\/ul>\n<div>\n\t\t<strong>1.- Cyclique:<\/strong> lorsque l&#39;application de mesures de stabilisation suppl&eacute;mentaires est souhaitable en raison de probl&egrave;mes cycliques et macro&eacute;conomiques, avec une dur&eacute;e maximale d&#39;un an.<\/div>\n<div>\n\t\t<strong>2.- Sectorielle:<\/strong> Lorsque des changements permanents sont observ&eacute;s dans un ou plusieurs secteurs d&#39;activit&eacute; sp&eacute;cifiques qui g&eacute;n&egrave;rent des besoins et des processus de requalification professionnelle des travailleurs. Il est &eacute;tabli comme une cause structurelle et diff&eacute;renci&eacute;e de l&#39;ERTE due &agrave; la force majeure les limitations du d&eacute;veloppement normal de l&#39;activit&eacute; par d&eacute;cision de l&#39;autorit&eacute; comp&eacute;tente. Il aura une dur&eacute;e maximale d&#39;un an et la possibilit&eacute; de 2 prolongations de 6 mois chacune.<\/div>\n<div>\n\t\t&nbsp;<\/div>\n<div style=\"text-align: center;\">\n<h2 class=\"h2Noticia\">\n\t\t\t6. Maintien de l&#39;occupation.<\/h2>\n<hr \/><\/div>\n<div>\n\t\t&nbsp;<\/div>\n<div>\n\t\tSi les entreprises ne respectent pas l&#39;obligation de maintenir l&#39;emploi, elles seront oblig&eacute;es de restituer toutes les exon&eacute;rations de chaque travailleur dont le contrat a &eacute;t&eacute; r&eacute;sili&eacute;.<\/div>\n<div>\n\t\t&nbsp;<\/div>\n<\/div>\n<p>\n\t&nbsp;<\/p>\n","protected":false},"excerpt":{"rendered":"<p style=\"text-align: justify;\">\n\tLe BOE du 30\/12\/2021 a publi&eacute; le d&eacute;cret-loi royal 32\/2021, du 28 d&eacute;cembre, qui comprend une compilation de mesures urgentes pour la r&eacute;forme du travail, la garantie de la stabilit&eacute; de l&#39;emploi et la transformation du march&eacute; du travail.<\/p>\n","protected":false},"author":2,"featured_media":10704,"comment_status":"open","ping_status":"open","sticky":false,"template":"","format":"standard","meta":{"_acf_changed":false,"_uag_custom_page_level_css":"","_jetpack_memberships_contains_paid_content":false,"footnotes":""},"categories":[39],"tags":[],"class_list":["post-10703","post","type-post","status-publish","format-standard","has-post-thumbnail","hentry","category-conseil"],"acf":[],"jetpack_featured_media_url":"https:\/\/www.cinc.com\/wp-content\/uploads\/2023\/03\/217-2.jpg","uagb_featured_image_src":{"full":["https:\/\/www.cinc.com\/wp-content\/uploads\/2023\/03\/217-2.jpg",1113,361,false],"thumbnail":["https:\/\/www.cinc.com\/wp-content\/uploads\/2023\/03\/217-2.jpg",150,49,false],"medium":["https:\/\/www.cinc.com\/wp-content\/uploads\/2023\/03\/217-2.jpg",300,97,false],"medium_large":["https:\/\/www.cinc.com\/wp-content\/uploads\/2023\/03\/217-2.jpg",768,249,false],"large":["https:\/\/www.cinc.com\/wp-content\/uploads\/2023\/03\/217-2.jpg",960,311,false],"1536x1536":["https:\/\/www.cinc.com\/wp-content\/uploads\/2023\/03\/217-2.jpg",1113,361,false],"2048x2048":["https:\/\/www.cinc.com\/wp-content\/uploads\/2023\/03\/217-2.jpg",1113,361,false],"gform-image-choice-sm":["https:\/\/www.cinc.com\/wp-content\/uploads\/2023\/03\/217-2.jpg",300,97,false],"gform-image-choice-md":["https:\/\/www.cinc.com\/wp-content\/uploads\/2023\/03\/217-2.jpg",400,130,false],"gform-image-choice-lg":["https:\/\/www.cinc.com\/wp-content\/uploads\/2023\/03\/217-2.jpg",600,195,false]},"uagb_author_info":{"display_name":"Utrans","author_link":"https:\/\/www.cinc.com\/fr\/author\/utrans\/"},"uagb_comment_info":0,"uagb_excerpt":"Le BOE du 30\/12\/2021 a publi&eacute; le d&eacute;cret-loi royal 32\/2021, du 28 d&eacute;cembre, qui comprend une compilation de mesures urgentes pour la r&eacute;forme du travail, la garantie de la stabilit&eacute; de l&#39;emploi et la transformation du march&eacute; du travail.","jetpack_sharing_enabled":true,"_links":{"self":[{"href":"https:\/\/www.cinc.com\/fr\/wp-json\/wp\/v2\/posts\/10703","targetHints":{"allow":["GET"]}}],"collection":[{"href":"https:\/\/www.cinc.com\/fr\/wp-json\/wp\/v2\/posts"}],"about":[{"href":"https:\/\/www.cinc.com\/fr\/wp-json\/wp\/v2\/types\/post"}],"author":[{"embeddable":true,"href":"https:\/\/www.cinc.com\/fr\/wp-json\/wp\/v2\/users\/2"}],"replies":[{"embeddable":true,"href":"https:\/\/www.cinc.com\/fr\/wp-json\/wp\/v2\/comments?post=10703"}],"version-history":[{"count":0,"href":"https:\/\/www.cinc.com\/fr\/wp-json\/wp\/v2\/posts\/10703\/revisions"}],"wp:featuredmedia":[{"embeddable":true,"href":"https:\/\/www.cinc.com\/fr\/wp-json\/wp\/v2\/media\/10704"}],"wp:attachment":[{"href":"https:\/\/www.cinc.com\/fr\/wp-json\/wp\/v2\/media?parent=10703"}],"wp:term":[{"taxonomy":"category","embeddable":true,"href":"https:\/\/www.cinc.com\/fr\/wp-json\/wp\/v2\/categories?post=10703"},{"taxonomy":"post_tag","embeddable":true,"href":"https:\/\/www.cinc.com\/fr\/wp-json\/wp\/v2\/tags?post=10703"}],"curies":[{"name":"wp","href":"https:\/\/api.w.org\/{rel}","templated":true}]}}