{"id":10688,"date":"2022-01-21T00:00:00","date_gmt":"2022-01-21T00:00:00","guid":{"rendered":"https:\/\/www.cinc.com\/loi-de-finances-generale-de-letat-2022-resume-des-principales-mesures-fiscales\/"},"modified":"2022-01-21T00:00:00","modified_gmt":"2022-01-21T00:00:00","slug":"loi-de-finances-generale-de-letat-2022-resume-des-principales-mesures-fiscales","status":"publish","type":"post","link":"https:\/\/www.cinc.com\/fr\/loi-de-finances-generale-de-letat-2022-resume-des-principales-mesures-fiscales\/","title":{"rendered":"Loi de finances g\u00e9n\u00e9rale de l&rsquo;\u00c9tat 2022: r\u00e9sum\u00e9 des principales mesures fiscales"},"content":{"rendered":"<div style=\"text-align: justify;\">\n<div>\n\t\tLe 1er janvier, les nouvelles mesures fiscales approuv&eacute;es dans la loi de budget g&eacute;n&eacute;ral de l&#39;&Eacute;tat pour 2022, publi&eacute;e au Journal officiel de l&#39;&Eacute;tat le 29 d&eacute;cembre, sont entr&eacute;es en vigueur.<\/div>\n<div>\n\t\t&nbsp;<\/div>\n<div>\n\t\t<span style=\"text-align: center;\">Vous trouverez ci-dessous un r&eacute;sum&eacute; des mesures fiscales les plus importantes:&nbsp;<\/span><\/div>\n<div>\n\t\t&nbsp;<\/div>\n<div style=\"text-align: center;\">\n<h2 class='h2Noticia'>Mesures affectant l&#39;imp&ocirc;t sur le revenu des personnes physiques<\/h2>\n<hr\/>\n<\/div>\n<div style=\"text-align: center;\">\n\t\t&nbsp;<\/div>\n<div style=\"text-align: center;\">\n<div style=\"text-align: justify;\">\n\t\t\tDe nouvelles limites sont appliqu&eacute;es aux r&eacute;ductions de l&#39;imp&ocirc;t sur le revenu des personnes physiques pour les contributions aux syst&egrave;mes de protection sociale:<\/div>\n<div>\n\t\t\t&nbsp;<\/div>\n<div style=\"text-align: justify;\">\n\t\t\t<strong>Les diff&eacute;rentes limites par rapport aux syst&egrave;mes de protection sociale sont abaiss&eacute;es.<\/strong><\/div>\n<div>\n\t\t\t&nbsp;<\/div>\n<div style=\"text-align: justify;\">\n\t\t\tD&#39;une part, dans le cas de polices d&#39;assurance priv&eacute;es qui ne couvrent que le risque de d&eacute;pendance grave ou de d&eacute;pendance majeure, les r&eacute;ductions combin&eacute;es effectu&eacute;es par toutes les personnes payant des primes en faveur du m&ecirc;me contribuable, y compris celles du contribuable lui-m&ecirc;me, ne peuvent pas d&eacute;passer 1 500 euros par an (auparavant, la limite &eacute;tait de 2 000 euros par an).<\/div>\n<div>\n\t\t\t&nbsp;<\/div>\n<div style=\"text-align: justify;\">\n\t\t\tEn revanche, le plafond commun des contributions aux syst&egrave;mes de protection sociale sera le plus petit des montants suivants:<\/div>\n<div style=\"text-align: justify;\">\n\t\t\t&nbsp;<\/div>\n<ol>\n<li style=\"text-align: justify;\">\n\t\t\t\t30% de la somme des revenus nets du travail et des activit&eacute;s &eacute;conomiques per&ccedil;us individuellement au cours de l&#39;exercice.<\/li>\n<li style=\"text-align: justify;\">\n\t\t\t\t1 500 euros par an (auparavant, la limite &eacute;tait de 2 000 euros).<\/li>\n<\/ol>\n<div style=\"text-align: justify;\">\n\t\t\t&Agrave; partir du 1er janvier 2022, cette limite sera augment&eacute;e de 8 500 euros, &agrave; condition qu&#39;elle provienne des cotisations de l&#39;entreprise ou des cotisations du travailleur au m&ecirc;me instrument de protection sociale (m&ecirc;me plan de retraite, plan de protection sociale de l&#39;entreprise, mutuelle de protection sociale, etc.) auquel les cotisations de l&#39;entreprise ont &eacute;t&eacute; vers&eacute;es, pour un montant &eacute;gal ou inf&eacute;rieur &agrave; la cotisation respective de l&#39;entreprise (auparavant, la limite &eacute;tait de 8 000 euros et l&#39;augmentation devait provenir exclusivement des cotisations de l&#39;entreprise).<\/div>\n<div>\n\t\t\t&nbsp;<\/div>\n<div style=\"text-align: justify;\">\n\t\t\t<strong>Les montants apport&eacute;s par l&#39;entreprise qui d&eacute;coulent d&#39;une d&eacute;cision du travailleur seront consid&eacute;r&eacute;s comme des apports du travailleur.&nbsp;&nbsp;<\/strong><\/div>\n<div>\n\t\t\t&nbsp;<\/div>\n<div style=\"text-align: justify;\">\n\t\t\tLes cotisations propres vers&eacute;es par le particulier employeur &agrave; des plans de retraite professionnelle ou &agrave; des mutuelles de pr&eacute;voyance sociale dont il est, &agrave; son tour, le promoteur et le participant ou le membre de la mutuelle, ainsi que celles vers&eacute;es &agrave; des plans de pr&eacute;voyance sociale d&#39;entreprise ou &agrave; des assurances collectives contre la d&eacute;pendance dont il est, &agrave; son tour, le preneur d&#39;assurance et l&#39;assur&eacute;, seront consid&eacute;r&eacute;es comme des cotisations d&#39;entreprise, aux fins du calcul de cette limite.<\/div>\n<div>\n\t\t\t&nbsp;<\/div>\n<div style=\"text-align: justify;\">\n\t\t\tEn outre, la limite de 5 000 euros par an pour les primes d&#39;assurance d&eacute;pendance collective pay&eacute;es par l&#39;entreprise, qui existait d&eacute;j&agrave; auparavant, est maintenue.<\/div>\n<div>\n\t\t\t&nbsp;<\/div>\n<div style=\"text-align: justify;\">\n\t\t\t<strong>Limites excluant la m&eacute;thode d&#39;&eacute;valuation objective de l&#39;imp&ocirc;t sur le revenu des personnes physiques (IRPF)<\/strong><\/div>\n<div>\n\t\t\t&nbsp;<\/div>\n<\/p><\/div>\n<div>\n\t\tLes limites excluant le r&eacute;gime simplifi&eacute; et le r&eacute;gime sp&eacute;cial des activit&eacute;s agricoles, animales et foresti&egrave;res, qui ont leurs propres limites quantitatives bas&eacute;es sur le volume des revenus, ont &eacute;t&eacute; prolong&eacute;es pour l&#39;ann&eacute;e fiscale 2022.&nbsp;&nbsp;<\/div>\n<div>\n\t\t&nbsp;<\/div>\n<div>\n\t\tPar cons&eacute;quent, les facteurs d&#39;exclusion g&eacute;n&eacute;raux pour l&#39;exercice 2022 seront les suivants:<\/div>\n<ul>\n<li>\n\t\t\t&nbsp;Volume des revenus de l&#39;ann&eacute;e imm&eacute;diatement pr&eacute;c&eacute;dente sup&eacute;rieur &agrave; 250 000 euros pour toutes les activit&eacute;s &eacute;conomiques, &agrave; l&#39;exception des activit&eacute;s agricoles, d&#39;&eacute;levage et foresti&egrave;res. Toutes les transactions seront prises en compte, qu&#39;il y ait ou non une obligation d&#39;&eacute;mettre une facture. Les op&eacute;rations pour lesquelles il existe une obligation d&#39;&eacute;mettre une facture lorsque le destinataire est un entrepreneur ne peuvent pas d&eacute;passer 125 000 euros.<\/li>\n<li>\n\t\t\tVolume des revenus de l&#39;ensemble des activit&eacute;s agricoles, foresti&egrave;res et d&#39;&eacute;levage sup&eacute;rieur &agrave; 250 000 euros.<\/li>\n<li>\n\t\t\tVolume des achats de biens et de services de l&#39;ann&eacute;e pr&eacute;c&eacute;dente, &agrave; l&#39;exclusion des acquisitions d&#39;immobilisations, sup&eacute;rieur &agrave; 250 000 euros.<\/li>\n<\/ul>\n<div>\n\t\t&nbsp;<\/div>\n<div style=\"text-align: center;\">\n<h2 class='h2Noticia'>Mesures concernant l&#39;imp&ocirc;t sur les soci&eacute;t&eacute;s<\/h2>\n<hr\/>\n<\/div>\n<div>\n\t\t&nbsp;<\/div>\n<div>\n\t\t<strong>Imposition minimale de 15 %.<\/strong><\/div>\n<div>\n\t\t&nbsp;<\/div>\n<div>\n\t\tUn taux d&#39;imposition minimal de 15 % de la base imposable est fix&eacute; pour les contribuables dont le chiffre d&#39;affaires net est &eacute;gal ou sup&eacute;rieur &agrave; 20 millions d&#39;euros ou qui paient l&#39;imp&ocirc;t dans le cadre du r&eacute;gime de l&#39;imp&ocirc;t consolid&eacute;.<\/div>\n<div>\n\t\t&nbsp;<\/div>\n<div>\n\t\tEn outre, cette mesure est &eacute;galement r&eacute;glement&eacute;e par l&#39;imp&ocirc;t sur le revenu des non-r&eacute;sidents, pour les revenus obtenus par le biais d&#39;un &eacute;tablissement permanent.<\/div>\n<div>\n\t\t&nbsp;<\/div>\n<div>\n\t\t<strong>Modification du r&eacute;gime sp&eacute;cial pour les entit&eacute;s d&eacute;di&eacute;es &agrave; la location de logements.<\/strong><\/div>\n<div>\n\t\t&nbsp;<\/div>\n<div>\n\t\tEnfin, l&#39;abattement est r&eacute;duit &agrave; 40% (auparavant l&#39;abattement &eacute;tait de 85%) pour la partie du montant brut correspondant aux revenus provenant de la location de logements qui remplissent les conditions d&#39;application de ce r&eacute;gime.<\/div>\n<div>\n\t\t&nbsp;<\/div>\n<\/div>\n<p>\n\t&nbsp;<\/p>\n","protected":false},"excerpt":{"rendered":"<p style=\"text-align: justify;\">\n\tLe 1er janvier, les nouvelles mesures fiscales approuv&eacute;es dans la loi de budget g&eacute;n&eacute;ral de l&#39;&Eacute;tat pour 2022, publi&eacute;e au Journal officiel de l&#39;&Eacute;tat le 29 d&eacute;cembre, sont entr&eacute;es en vigueur.<\/p>\n","protected":false},"author":2,"featured_media":10689,"comment_status":"open","ping_status":"open","sticky":false,"template":"","format":"standard","meta":{"_acf_changed":false,"_uag_custom_page_level_css":"","_jetpack_memberships_contains_paid_content":false,"footnotes":""},"categories":[39],"tags":[],"class_list":["post-10688","post","type-post","status-publish","format-standard","has-post-thumbnail","hentry","category-conseil"],"acf":[],"jetpack_featured_media_url":"https:\/\/www.cinc.com\/wp-content\/uploads\/2023\/03\/214-2.jpg","uagb_featured_image_src":{"full":["https:\/\/www.cinc.com\/wp-content\/uploads\/2023\/03\/214-2.jpg",1113,361,false],"thumbnail":["https:\/\/www.cinc.com\/wp-content\/uploads\/2023\/03\/214-2.jpg",150,49,false],"medium":["https:\/\/www.cinc.com\/wp-content\/uploads\/2023\/03\/214-2.jpg",300,97,false],"medium_large":["https:\/\/www.cinc.com\/wp-content\/uploads\/2023\/03\/214-2.jpg",768,249,false],"large":["https:\/\/www.cinc.com\/wp-content\/uploads\/2023\/03\/214-2.jpg",960,311,false],"1536x1536":["https:\/\/www.cinc.com\/wp-content\/uploads\/2023\/03\/214-2.jpg",1113,361,false],"2048x2048":["https:\/\/www.cinc.com\/wp-content\/uploads\/2023\/03\/214-2.jpg",1113,361,false],"gform-image-choice-sm":["https:\/\/www.cinc.com\/wp-content\/uploads\/2023\/03\/214-2.jpg",300,97,false],"gform-image-choice-md":["https:\/\/www.cinc.com\/wp-content\/uploads\/2023\/03\/214-2.jpg",400,130,false],"gform-image-choice-lg":["https:\/\/www.cinc.com\/wp-content\/uploads\/2023\/03\/214-2.jpg",600,195,false]},"uagb_author_info":{"display_name":"Utrans","author_link":"https:\/\/www.cinc.com\/fr\/author\/utrans\/"},"uagb_comment_info":0,"uagb_excerpt":"Le 1er janvier, les nouvelles mesures fiscales approuv&eacute;es dans la loi de budget g&eacute;n&eacute;ral de l&#39;&Eacute;tat pour 2022, publi&eacute;e au Journal officiel de l&#39;&Eacute;tat le 29 d&eacute;cembre, sont entr&eacute;es en vigueur.","jetpack_sharing_enabled":true,"_links":{"self":[{"href":"https:\/\/www.cinc.com\/fr\/wp-json\/wp\/v2\/posts\/10688","targetHints":{"allow":["GET"]}}],"collection":[{"href":"https:\/\/www.cinc.com\/fr\/wp-json\/wp\/v2\/posts"}],"about":[{"href":"https:\/\/www.cinc.com\/fr\/wp-json\/wp\/v2\/types\/post"}],"author":[{"embeddable":true,"href":"https:\/\/www.cinc.com\/fr\/wp-json\/wp\/v2\/users\/2"}],"replies":[{"embeddable":true,"href":"https:\/\/www.cinc.com\/fr\/wp-json\/wp\/v2\/comments?post=10688"}],"version-history":[{"count":0,"href":"https:\/\/www.cinc.com\/fr\/wp-json\/wp\/v2\/posts\/10688\/revisions"}],"wp:featuredmedia":[{"embeddable":true,"href":"https:\/\/www.cinc.com\/fr\/wp-json\/wp\/v2\/media\/10689"}],"wp:attachment":[{"href":"https:\/\/www.cinc.com\/fr\/wp-json\/wp\/v2\/media?parent=10688"}],"wp:term":[{"taxonomy":"category","embeddable":true,"href":"https:\/\/www.cinc.com\/fr\/wp-json\/wp\/v2\/categories?post=10688"},{"taxonomy":"post_tag","embeddable":true,"href":"https:\/\/www.cinc.com\/fr\/wp-json\/wp\/v2\/tags?post=10688"}],"curies":[{"name":"wp","href":"https:\/\/api.w.org\/{rel}","templated":true}]}}