{"id":10656,"date":"2021-12-10T00:00:00","date_gmt":"2021-12-10T00:00:00","guid":{"rendered":"https:\/\/www.cinc.com\/mesures-legislatives-dans-le-domaine-de-la-transformation-economique-et-numerique\/"},"modified":"2021-12-10T00:00:00","modified_gmt":"2021-12-10T00:00:00","slug":"mesures-legislatives-dans-le-domaine-de-la-transformation-economique-et-numerique","status":"publish","type":"post","link":"https:\/\/www.cinc.com\/fr\/mesures-legislatives-dans-le-domaine-de-la-transformation-economique-et-numerique\/","title":{"rendered":"Mesures l\u00e9gislatives dans le domaine de la transformation \u00e9conomique et num\u00e9rique"},"content":{"rendered":"<div style=\"text-align: justify;\">\n\tLe Conseil des ministres a approuv&eacute; l&#39;avant-projet de la loi Crea y Crece, qui vise &agrave; stimuler la cr&eacute;ation de nouvelles entreprises et &agrave; faciliter la croissance et l&#39;expansion.<\/div>\n<div style=\"text-align: justify;\">\n\t&nbsp;<\/div>\n<div style=\"text-align: justify;\">\n\t&Agrave; cette fin, la loi pr&eacute;voit la r&eacute;duction et la rationalisation des proc&eacute;dures de constitution des soci&eacute;t&eacute;s &agrave; responsabilit&eacute; limit&eacute;e, g&eacute;n&eacute;ralise l&#39;utilisation de la facturation &eacute;lectronique et encourage les m&eacute;canismes de financement alternatifs, entre autres mesures.<\/div>\n<div style=\"text-align: justify;\">\n\t&nbsp;<\/div>\n<div style=\"text-align: center;\">\n<h2 class=\"h2Noticia\">\n\t\tCr&eacute;ation d&#39;entreprises, plus facile et plus rapide<\/h2>\n<hr \/>\n<\/div>\n<div>\n\t&nbsp;<\/div>\n<div>\n<div style=\"text-align: justify;\">\n\t\tL&#39;avant-projet int&egrave;gre une r&eacute;duction du co&ucirc;t &eacute;conomique de la constitution en soci&eacute;t&eacute; et simplifie les proc&eacute;dures bureaucratiques :<\/div>\n<div style=\"text-align: justify;\">\n\t\t&nbsp;<\/div>\n<div style=\"text-align: justify;\">\n\t\tConstitution d&#39;une S.L. avec un capital social de 1 &euro;, (actuellement le capital social minimum requis est de 3 000 &euro; enti&egrave;rement lib&eacute;r&eacute;), avec l&#39;exigence suivante:<\/div>\n<div style=\"text-align: justify;\">\n\t\t&nbsp;<\/div>\n<div style=\"text-align: justify;\">\n\t\tTant que le capital social n&#39;atteint pas 3 000 &euro;, au moins 20 % du b&eacute;n&eacute;fice devra &ecirc;tre affect&eacute; &agrave; la r&eacute;serve l&eacute;gale jusqu&#39;&agrave; ce que le montant vis&eacute; soit atteint.<\/div>\n<div style=\"text-align: justify;\">\n\t\t&nbsp;<\/div>\n<div style=\"text-align: justify;\">\n\t\tDans le cadre de la transformation num&eacute;rique, l&#39;incorporation t&eacute;l&eacute;matique est encourag&eacute;e par le biais du &quot; guichet unique &quot; de CIRCE, qui permet de r&eacute;duire les traitements, tant en termes de d&eacute;lais de cr&eacute;ation que de frais de notaire et de greffe. Entre autres mesures de promotion, les notaires et les interm&eacute;diaires sont tenus d&#39;informer les fondateurs des avantages de l&#39;utilisation des PAE (Points de services aux entrepreneurs) et de CIRCE.<\/div>\n<div>\n\t\t&nbsp;<\/div>\n<div style=\"text-align: center;\">\n<h2 class=\"h2Noticia\">\n\t\t\tMesures de lutte contre les retards de paiement dans les transactions commerciales<\/h2>\n<hr \/><\/div>\n<div style=\"text-align: justify;\">\n\t\t&nbsp;<\/div>\n<div style=\"text-align: justify;\">\n<div>\n\t\t\tDans un souci de rentabilit&eacute; et de liquidit&eacute; pour les entreprises espagnoles, le projet de loi introduit, entre autres, les mesures suivantes:<\/div>\n<div>\n\t\t\t&nbsp;<\/div>\n<div>\n\t\t\tL&#39;adoption g&eacute;n&eacute;ralis&eacute;e est introduite, &eacute;tendant l&#39;obligation d&#39;&eacute;mettre et d&#39;envoyer des factures &eacute;lectroniques dans toutes les transactions commerciales entre les entreprises et les ind&eacute;pendants.<\/div>\n<div>\n\t\t\t&nbsp;<\/div>\n<div>\n\t\t\tDes incitations sont introduites pour le respect des d&eacute;lais de paiement, y compris le respect du d&eacute;lai moyen de paiement conform&eacute;ment &agrave; la loi 3\/2004 du 29 d&eacute;cembre (art. 4) comme condition d&#39;acc&egrave;s aux subventions publiques, cause de r&eacute;siliation et condition de sanctions dans les march&eacute;s publics, selon qu&#39;il a &eacute;t&eacute; convenu ou non avec un maximum de 60 jours calendaires, et de 30 jours en l&#39;absence d&#39;accord explicite.<\/div>\n<div>\n\t\t\t&nbsp;<\/div>\n<div>\n\t\t\tLe catalogue des activit&eacute;s &eacute;conomiques exempt&eacute;es de licence est &eacute;tendu aux activit&eacute;s qui ont &eacute;t&eacute; d&eacute;clar&eacute;es inoffensives dans au moins une r&eacute;gion autonome.<\/div>\n<div>\n\t\t\t&nbsp;<\/div>\n<div>\n\t\t\tLes m&eacute;canismes sont renforc&eacute;s pour prot&eacute;ger les entreprises et les consommateurs vis-&agrave;-vis de l&#39;administration, o&ugrave; ils peuvent se plaindre lorsque celle-ci ne respecte pas les principes de bonne r&eacute;gulation &eacute;conomique.<\/div>\n<div>\n\t\t\t&nbsp;<\/div>\n<div style=\"text-align: center;\">\n<h2 class=\"h2Noticia\">\n\t\t\t\tRenforcer les syst&egrave;mes de financement alternatifs<\/h2>\n<hr \/><\/div>\n<div>\n\t\t\t&nbsp;<\/div>\n<div>\n\t\t\tDes mesures sont pr&eacute;vues pour renforcer les instruments de financement de la croissance des entreprises, en rendant plus flexibles les m&eacute;canismes de financement alternatifs au syst&egrave;me de financement bancaire:<\/div>\n<div>\n\t\t\t&nbsp;<\/div>\n<div>\n<div>\n\t\t\t\t&nbsp;&#8211; Crowdfunding ou financement participatif, adaptation des r&eacute;glementations &eacute;tatiques aux r&eacute;glementations europ&eacute;ennes, les plus notables :<\/div>\n<ul>\n<li>\n\t\t\t\t\tInclusion d&#39;une nouvelle cat&eacute;gorie appel&eacute;e &quot;gestion de portefeuille&quot; qui permet au prestataire de services financiers participatifs d&#39;investir des fonds au nom de l&#39;investisseur.<\/li>\n<li>\n\t\t\t\t\tUne seule limite d&#39;investissement individuel par projet pour les investisseurs particuliers est fix&eacute;e &agrave; 1 000 &euro; ou 5 % du patrimoine.<\/li>\n<li>\n\t\t\t\t\tL&#39;investissement par projet est plafonn&eacute; &agrave; 5 millions d&#39;euros.<\/li>\n<li>\n\t\t\t\t\tUne p&eacute;riode de 24 mois est pr&eacute;vue pour permettre aux entreprises d&#39;adapter leur activit&eacute;.<\/li>\n<\/ul>\n<div>\n<div>\n\t\t\t\t\t&#8211; Investissements collectifs:<\/div>\n<ul>\n<li>\n\t\t\t\t\t\tLa figure du &quot;fonds europ&eacute;en d&#39;investissement &agrave; long terme&quot; est introduite, permettant &eacute;galement aux investisseurs particuliers d&#39;acc&eacute;der &agrave; des investissements de petites et moyennes entreprises non cot&eacute;es dans un type d&#39;actifs (pr&ecirc;ts syndiqu&eacute;s, dette priv&eacute;e, participations et actions&#8230;) jusqu&#39;alors r&eacute;serv&eacute;s aux investisseurs institutionnels.<\/li>\n<li>\n\t\t\t\t\t\tEt le chiffre du fonds de la dette est reconnu.<\/li>\n<\/ul>\n<p>\n\t\t\t\t\t&#8211; Capital-risque : extension du type de soci&eacute;t&eacute; dans laquelle ces entit&eacute;s peuvent investir, y compris les soci&eacute;t&eacute;s financi&egrave;res &agrave; forte composante technologique.<\/p>\n<\/p><\/div>\n<\/p><\/div>\n<\/p><\/div>\n<\/div>\n<p>\n\t&nbsp;<\/p>\n","protected":false},"excerpt":{"rendered":"<div style=\"text-align: justify;\">\n\tLe Conseil des ministres a approuv&eacute; l&#39;avant-projet de la loi Crea y Crece, qui vise &agrave; stimuler la cr&eacute;ation de nouvelles entreprises et &agrave; faciliter la croissance et l&#39;expansion.<\/div>\n","protected":false},"author":2,"featured_media":10657,"comment_status":"open","ping_status":"open","sticky":false,"template":"","format":"standard","meta":{"_acf_changed":false,"_uag_custom_page_level_css":"","_jetpack_memberships_contains_paid_content":false,"footnotes":""},"categories":[39],"tags":[],"class_list":["post-10656","post","type-post","status-publish","format-standard","has-post-thumbnail","hentry","category-conseil"],"acf":[],"jetpack_featured_media_url":"https:\/\/www.cinc.com\/wp-content\/uploads\/2023\/03\/205-2.jpg","uagb_featured_image_src":{"full":["https:\/\/www.cinc.com\/wp-content\/uploads\/2023\/03\/205-2.jpg",1113,361,false],"thumbnail":["https:\/\/www.cinc.com\/wp-content\/uploads\/2023\/03\/205-2.jpg",150,49,false],"medium":["https:\/\/www.cinc.com\/wp-content\/uploads\/2023\/03\/205-2.jpg",300,97,false],"medium_large":["https:\/\/www.cinc.com\/wp-content\/uploads\/2023\/03\/205-2.jpg",768,249,false],"large":["https:\/\/www.cinc.com\/wp-content\/uploads\/2023\/03\/205-2.jpg",960,311,false],"1536x1536":["https:\/\/www.cinc.com\/wp-content\/uploads\/2023\/03\/205-2.jpg",1113,361,false],"2048x2048":["https:\/\/www.cinc.com\/wp-content\/uploads\/2023\/03\/205-2.jpg",1113,361,false],"gform-image-choice-sm":["https:\/\/www.cinc.com\/wp-content\/uploads\/2023\/03\/205-2.jpg",300,97,false],"gform-image-choice-md":["https:\/\/www.cinc.com\/wp-content\/uploads\/2023\/03\/205-2.jpg",400,130,false],"gform-image-choice-lg":["https:\/\/www.cinc.com\/wp-content\/uploads\/2023\/03\/205-2.jpg",600,195,false]},"uagb_author_info":{"display_name":"Utrans","author_link":"https:\/\/www.cinc.com\/fr\/author\/utrans\/"},"uagb_comment_info":0,"uagb_excerpt":"Le Conseil des ministres a approuv&eacute; l&#39;avant-projet de la loi Crea y Crece, qui vise &agrave; stimuler la cr&eacute;ation de nouvelles entreprises et &agrave; faciliter la croissance et l&#39;expansion.","jetpack_sharing_enabled":true,"_links":{"self":[{"href":"https:\/\/www.cinc.com\/fr\/wp-json\/wp\/v2\/posts\/10656","targetHints":{"allow":["GET"]}}],"collection":[{"href":"https:\/\/www.cinc.com\/fr\/wp-json\/wp\/v2\/posts"}],"about":[{"href":"https:\/\/www.cinc.com\/fr\/wp-json\/wp\/v2\/types\/post"}],"author":[{"embeddable":true,"href":"https:\/\/www.cinc.com\/fr\/wp-json\/wp\/v2\/users\/2"}],"replies":[{"embeddable":true,"href":"https:\/\/www.cinc.com\/fr\/wp-json\/wp\/v2\/comments?post=10656"}],"version-history":[{"count":0,"href":"https:\/\/www.cinc.com\/fr\/wp-json\/wp\/v2\/posts\/10656\/revisions"}],"wp:featuredmedia":[{"embeddable":true,"href":"https:\/\/www.cinc.com\/fr\/wp-json\/wp\/v2\/media\/10657"}],"wp:attachment":[{"href":"https:\/\/www.cinc.com\/fr\/wp-json\/wp\/v2\/media?parent=10656"}],"wp:term":[{"taxonomy":"category","embeddable":true,"href":"https:\/\/www.cinc.com\/fr\/wp-json\/wp\/v2\/categories?post=10656"},{"taxonomy":"post_tag","embeddable":true,"href":"https:\/\/www.cinc.com\/fr\/wp-json\/wp\/v2\/tags?post=10656"}],"curies":[{"name":"wp","href":"https:\/\/api.w.org\/{rel}","templated":true}]}}