{"id":10560,"date":"2021-02-24T00:00:00","date_gmt":"2021-02-24T00:00:00","guid":{"rendered":"https:\/\/www.cinc.com\/dans-quels-cas-un-independant-peut-il-beneficier-du-taux-reduit-dimpot-sur-le-revenu-de-7\/"},"modified":"2021-02-24T00:00:00","modified_gmt":"2021-02-24T00:00:00","slug":"dans-quels-cas-un-independant-peut-il-beneficier-du-taux-reduit-dimpot-sur-le-revenu-de-7","status":"publish","type":"post","link":"https:\/\/www.cinc.com\/fr\/dans-quels-cas-un-independant-peut-il-beneficier-du-taux-reduit-dimpot-sur-le-revenu-de-7\/","title":{"rendered":"Dans quels cas un ind\u00e9pendant peut-il b\u00e9n\u00e9ficier du taux r\u00e9duit d&rsquo;imp\u00f4t sur le revenu de 7 % ?"},"content":{"rendered":"<p style=\"text-align: justify;\">\n\tEn g&eacute;n&eacute;ral, tout travailleur ind&eacute;pendant doit appliquer l&#39;IRPF &agrave; 15 % sur les factures &eacute;mises, mais ceux qui se sont inscrits pour la premi&egrave;re fois ont la possibilit&eacute; de b&eacute;n&eacute;ficier d&#39;une r&eacute;duction de 7 %, &agrave; condition de remplir certaines conditions.&nbsp;<\/p>\n<div style=\"text-align: center;\">\n<h2 class=\"h2Noticia\">\n\t\tPendant combien de temps cette r&eacute;duction peut-elle &ecirc;tre appliqu&eacute;e ?<\/h2>\n<hr \/>\n<\/div>\n<div>\n\t<span style=\"text-align: justify;\">Celle-ci peut &ecirc;tre appliqu&eacute;e pendant l&#39;ann&eacute;e d&#39;enregistrement du travailleur ind&eacute;pendant, jusqu&#39;au 31 d&eacute;cembre et pendant les deux ann&eacute;es compl&egrave;tes suivantes.&nbsp;<\/span><\/div>\n<div style=\"text-align: justify;\">\n\t&nbsp;<\/div>\n<div style=\"text-align: center;\">\n<h2 class=\"h2Noticia\">\n\t\tQuelles sont les exigences n&eacute;cessaires pour b&eacute;n&eacute;ficier de cette mesure?<\/h2>\n<hr \/>\n<\/div>\n<ul>\n<li style=\"text-align: justify;\">\n\t\tNe pas avoir &eacute;t&eacute; inscrit &agrave; une activit&eacute; &eacute;conomique au cours de l&#39;ann&eacute;e pr&eacute;c&eacute;dente.&nbsp;<\/li>\n<li style=\"text-align: justify;\">\n\t\tElle ne s&#39;applique qu&#39;aux freelances qui s&#39;inscrivent pour la premi&egrave;re fois &agrave; ce r&eacute;gime ou &agrave; ceux qui n&#39;ont pas exerc&eacute; d&#39;activit&eacute; au cours de l&#39;ann&eacute;e &eacute;coul&eacute;e.&nbsp;<\/li>\n<\/ul>\n<div style=\"text-align: justify;\">\n<div style=\"text-align: center;\">\n<h2 class=\"h2Noticia\">\n\t\t\tDevez-vous refl&eacute;ter cette r&eacute;duction sur vos factures?<\/h2>\n<hr \/><\/div>\n<ul>\n<li>\n\t\t\tVous devez informer tous les clients qui sont tenus d&#39;effectuer des retenues que vous appliquez ce pourcentage r&eacute;duit sur vos factures.&nbsp;<\/li>\n<li>\n\t\t\tVous devez leur transmettre vos donn&eacute;es d&#39;identification, la date d&#39;enregistrement de l&#39;activit&eacute; afin de justifier que vous &ecirc;tes un nouveau freelance et la p&eacute;riode pendant laquelle le pr&eacute;l&egrave;vement r&eacute;duit sera appliqu&eacute;.<\/li>\n<\/ul>\n<\/div>\n<div style=\"text-align: justify;\">\n\t&nbsp;<\/div>\n<div style=\"text-align: justify;\">\n<div style=\"text-align: center;\">\n<h2 class=\"h2Noticia\">\n\t\t\tEst-il toujours pratique d&#39;appliquer cette r&eacute;duction ?<\/h2>\n<hr \/><\/div>\n<div>\n\t\tM&ecirc;me si vous avez droit &agrave; ce remboursement, il n&#39;y a aucune obligation d&#39;appliquer l&#39;IRPF r&eacute;duit. Tout d&eacute;pend si cela vaut la peine ou non d&#39;en profiter.<\/div>\n<div>\n\t\tSi les pr&eacute;visions de revenus sont &eacute;lev&eacute;es, il n&#39;est pas recommand&eacute; d&#39;appliquer l&#39;IRPF r&eacute;duit. &Eacute;tant donn&eacute; qu&#39;il s&#39;agit d&#39;un montant qui est avanc&eacute; au Tr&eacute;sor, si vous ne payez pas avant ce qui est per&ccedil;u, vous finirez par le payer plus tard sous forme accumul&eacute;e.&nbsp;<\/div>\n<div>\n\t\t&nbsp;<\/div>\n<div style=\"text-align: center;\">\n<h2 class=\"h2Noticia\">\n\t\t\tQuels autres aspects doivent &ecirc;tre pris en compte ?<\/h2>\n<hr \/><\/div>\n<ul>\n<li>\n\t\t\tIl convient de garder &agrave; l&#39;esprit que cette r&eacute;duction ne concerne que les professionnels ind&eacute;pendants qui exercent des activit&eacute;s &agrave; titre individuel.<\/li>\n<li>\n\t\t\tLorsqu&#39;une facture est &eacute;tablie pour un client priv&eacute;, nous ne devons pas inclure l&#39;IRPF, car il ne pr&eacute;sente pas ce type de retenues dans sa d&eacute;claration fiscale et, par cons&eacute;quent, la seule chose qui doit &ecirc;tre refl&eacute;t&eacute;e est la TVA. Par cons&eacute;quent, pour pouvoir inclure l&#39;IRPF dans la facture, le destinataire doit &ecirc;tre un autre ind&eacute;pendant ou une soci&eacute;t&eacute;.<\/li>\n<li>\n\t\t\tSi plus de 70% du revenu total est soumis &agrave; la retenue, il n&#39;y a pas d&#39;obligation de pr&eacute;senter le paiement trimestriel de l&#39;acompte de l&#39;IRPF (formulaire 130).&nbsp;<\/li>\n<\/ul>\n<\/div>\n<p>\n\t&nbsp;<\/p>\n","protected":false},"excerpt":{"rendered":"<p style=\"text-align: justify;\">\n\tEn g&eacute;n&eacute;ral, tout travailleur ind&eacute;pendant doit appliquer l&#39;IRPF &agrave; 15 % sur les factures &eacute;mises, mais ceux qui se sont inscrits pour la premi&egrave;re fois ont la possibilit&eacute; de b&eacute;n&eacute;ficier d&#39;une r&eacute;duction de 7 %, &agrave; condition de remplir certaines conditions.&nbsp;<\/p>\n","protected":false},"author":2,"featured_media":10561,"comment_status":"open","ping_status":"open","sticky":false,"template":"","format":"standard","meta":{"_acf_changed":false,"_uag_custom_page_level_css":"","_jetpack_memberships_contains_paid_content":false,"footnotes":""},"categories":[39],"tags":[],"class_list":["post-10560","post","type-post","status-publish","format-standard","has-post-thumbnail","hentry","category-conseil"],"acf":[],"jetpack_featured_media_url":"https:\/\/www.cinc.com\/wp-content\/uploads\/2023\/03\/184-1.jpg","uagb_featured_image_src":{"full":["https:\/\/www.cinc.com\/wp-content\/uploads\/2023\/03\/184-1.jpg",1112,361,false],"thumbnail":["https:\/\/www.cinc.com\/wp-content\/uploads\/2023\/03\/184-1.jpg",150,49,false],"medium":["https:\/\/www.cinc.com\/wp-content\/uploads\/2023\/03\/184-1.jpg",300,97,false],"medium_large":["https:\/\/www.cinc.com\/wp-content\/uploads\/2023\/03\/184-1.jpg",768,249,false],"large":["https:\/\/www.cinc.com\/wp-content\/uploads\/2023\/03\/184-1.jpg",960,312,false],"1536x1536":["https:\/\/www.cinc.com\/wp-content\/uploads\/2023\/03\/184-1.jpg",1112,361,false],"2048x2048":["https:\/\/www.cinc.com\/wp-content\/uploads\/2023\/03\/184-1.jpg",1112,361,false],"gform-image-choice-sm":["https:\/\/www.cinc.com\/wp-content\/uploads\/2023\/03\/184-1.jpg",300,97,false],"gform-image-choice-md":["https:\/\/www.cinc.com\/wp-content\/uploads\/2023\/03\/184-1.jpg",400,130,false],"gform-image-choice-lg":["https:\/\/www.cinc.com\/wp-content\/uploads\/2023\/03\/184-1.jpg",600,195,false]},"uagb_author_info":{"display_name":"Utrans","author_link":"https:\/\/www.cinc.com\/fr\/author\/utrans\/"},"uagb_comment_info":0,"uagb_excerpt":"En g&eacute;n&eacute;ral, tout travailleur ind&eacute;pendant doit appliquer l&#39;IRPF &agrave; 15 % sur les factures &eacute;mises, mais ceux qui se sont inscrits pour la premi&egrave;re fois ont la possibilit&eacute; de b&eacute;n&eacute;ficier d&#39;une r&eacute;duction de 7 %, &agrave; condition de remplir certaines conditions.&nbsp;","jetpack_sharing_enabled":true,"_links":{"self":[{"href":"https:\/\/www.cinc.com\/fr\/wp-json\/wp\/v2\/posts\/10560","targetHints":{"allow":["GET"]}}],"collection":[{"href":"https:\/\/www.cinc.com\/fr\/wp-json\/wp\/v2\/posts"}],"about":[{"href":"https:\/\/www.cinc.com\/fr\/wp-json\/wp\/v2\/types\/post"}],"author":[{"embeddable":true,"href":"https:\/\/www.cinc.com\/fr\/wp-json\/wp\/v2\/users\/2"}],"replies":[{"embeddable":true,"href":"https:\/\/www.cinc.com\/fr\/wp-json\/wp\/v2\/comments?post=10560"}],"version-history":[{"count":0,"href":"https:\/\/www.cinc.com\/fr\/wp-json\/wp\/v2\/posts\/10560\/revisions"}],"wp:featuredmedia":[{"embeddable":true,"href":"https:\/\/www.cinc.com\/fr\/wp-json\/wp\/v2\/media\/10561"}],"wp:attachment":[{"href":"https:\/\/www.cinc.com\/fr\/wp-json\/wp\/v2\/media?parent=10560"}],"wp:term":[{"taxonomy":"category","embeddable":true,"href":"https:\/\/www.cinc.com\/fr\/wp-json\/wp\/v2\/categories?post=10560"},{"taxonomy":"post_tag","embeddable":true,"href":"https:\/\/www.cinc.com\/fr\/wp-json\/wp\/v2\/tags?post=10560"}],"curies":[{"name":"wp","href":"https:\/\/api.w.org\/{rel}","templated":true}]}}