{"id":10420,"date":"2020-10-08T00:00:00","date_gmt":"2020-10-08T00:00:00","guid":{"rendered":"https:\/\/www.cinc.com\/dans-quels-cas-un-independant-peut-il-beneficier-dun-impot-sur-le-revenu-reduit-de-7\/"},"modified":"2020-10-08T00:00:00","modified_gmt":"2020-10-08T00:00:00","slug":"dans-quels-cas-un-independant-peut-il-beneficier-dun-impot-sur-le-revenu-reduit-de-7","status":"publish","type":"post","link":"https:\/\/www.cinc.com\/fr\/dans-quels-cas-un-independant-peut-il-beneficier-dun-impot-sur-le-revenu-reduit-de-7\/","title":{"rendered":"Dans quels cas un ind\u00e9pendant peut-il b\u00e9n\u00e9ficier d&rsquo;un imp\u00f4t sur le revenu r\u00e9duit de 7% ?"},"content":{"rendered":"<p style=\"text-align: justify;\">\n En g&eacute;n&eacute;ral, tout ind&eacute;pendant doit appliquer 15% de l&#39;imp&ocirc;t sur le revenu des personnes physiques sur les factures &eacute;mises, mais ceux qui se sont inscrits pour la premi&egrave;re fois ont la possibilit&eacute; de b&eacute;n&eacute;ficier d&#39;une r&eacute;duction de 7%, sous r&eacute;serve que certaines conditions soient remplies.<\/p>\n<p style=\"text-align: center;\">\n<h2 class='h2Noticia'>Pendant combien de temps cette r&eacute;duction peut-elle &ecirc;tre appliqu&eacute;e?<\/h2>\n<hr\/>\n<p style=\"text-align: justify;\">\n Il peut &ecirc;tre appliqu&eacute; au cours de l&#39;ann&eacute;e d&#39;inscription du travailleur ind&eacute;pendant, jusqu&#39;au 31 d&eacute;cembre et les deux ann&eacute;es compl&egrave;tes suivantes.<\/p>\n<p style=\"text-align: center;\">\n<h2 class='h2Noticia'>Quelles conditions sont n&eacute;cessaires pour b&eacute;n&eacute;ficier de cette mesure ?<\/h2>\n<hr\/>\n<ul>\n<li style=\"text-align: justify;\">\n  Ne pas avoir &eacute;t&eacute; inscrit dans une activit&eacute; &eacute;conomique au cours de l&#39;ann&eacute;e pr&eacute;c&eacute;dente.<\/li>\n<li style=\"text-align: justify;\">\n  Il ne s&#39;applique qu&#39;aux ind&eacute;pendants qui s&#39;inscrivent pour la premi&egrave;re fois &agrave; ce r&eacute;gime ou &agrave; ceux qui n&#39;ont pas d&eacute;velopp&eacute; d&#39;activit&eacute; au cours de la derni&egrave;re ann&eacute;e.<\/li>\n<\/ul>\n<p style=\"text-align: center;\">\n<h2 class='h2Noticia'>Devraient-ils refl&eacute;ter cette r&eacute;duction sur leurs factures ?<\/h2>\n<hr\/>\n<ul>\n<li style=\"text-align: justify;\">\n  Ils doivent informer tous les clients tenus de conserver qu&#39;ils appliquent ce pourcentage r&eacute;duit sur leurs factures.<\/li>\n<li style=\"text-align: justify;\">\n  Il doit transmettre ses donn&eacute;es d&#39;identification, la date d&#39;enregistrement de l&#39;activit&eacute; pour pouvoir justifier qu&#39;il est un nouvel ind&eacute;pendant et la dur&eacute;e pendant laquelle la r&eacute;tention r&eacute;duite sera appliqu&eacute;e.<\/li>\n<\/ul>\n<p style=\"text-align: center;\">\n<h2 class='h2Noticia'>Est-il pratique de toujours appliquer cette r&eacute;duction ?<\/h2>\n<hr\/>\n<p style=\"text-align: justify;\">\n Bien que vous ayez droit &agrave; ce bonus, il n&#39;y a aucune obligation d&#39;appliquer un imp&ocirc;t sur le revenu r&eacute;duit. Tout d&eacute;pendra de l&#39;&eacute;valuation s&#39;il compense ou non pour s&#39;en pr&eacute;valoir.<br \/>\n Si la pr&eacute;vision de revenu est &eacute;lev&eacute;e, il n&#39;est pas recommand&eacute; d&#39;appliquer la r&eacute;duction de l&#39;imp&ocirc;t sur le revenu. Puisqu&#39;il s&#39;agit d&#39;un montant anticip&eacute; au Tr&eacute;sor, s&#39;il n&#39;est pas pay&eacute; avant le produit, il finira par &ecirc;tre pay&eacute; apr&egrave;s avoir &eacute;t&eacute; accumul&eacute;.<\/p>\n<p style=\"text-align: center;\">\n<h2 class='h2Noticia'>Quels autres aspects doivent &ecirc;tre pris en compte ?<\/h2>\n<hr\/>\n<ul>\n<li style=\"text-align: justify;\">\n  Il faut garder &agrave; l&#39;esprit que cette r&eacute;duction ne concerne que les ind&eacute;pendants qui exercent des activit&eacute;s individuellement.<\/li>\n<li style=\"text-align: justify;\">\n  Lorsqu&#39;une facture est faite &agrave; un client priv&eacute;, nous ne devons pas inclure l&#39;imp&ocirc;t sur le revenu des personnes physiques, car ils ne pr&eacute;sentent pas ce type de retenue &agrave; la source dans leur d&eacute;claration fiscale et, par cons&eacute;quent, la seule chose qui doit &ecirc;tre refl&eacute;t&eacute;e est la TVA. Par cons&eacute;quent, pour inclure l&#39;imp&ocirc;t sur le revenu des personnes physiques sur la facture, le b&eacute;n&eacute;ficiaire doit &ecirc;tre un autre ind&eacute;pendant ou une entreprise.<\/li>\n<li style=\"text-align: justify;\">\n  Si plus de 70% du revenu total fait l&#39;objet d&#39;une retenue &agrave; la source, il n&#39;y a aucune obligation de soumettre le r&egrave;glement trimestriel de l&#39;acompte de l&#39;imp&ocirc;t sur le revenu des personnes physiques (mod&egrave;le 130).<\/li>\n<\/ul>\n","protected":false},"excerpt":{"rendered":"<p style=\"text-align: justify;\">\n En g&eacute;n&eacute;ral, tout ind&eacute;pendant doit appliquer 15% de l&#39;imp&ocirc;t sur le revenu des personnes physiques sur les factures &eacute;mises, mais ceux qui se sont inscrits pour la premi&egrave;re fois ont la possibilit&eacute; de b&eacute;n&eacute;ficier d&#39;une r&eacute;duction de 7%, sous r&eacute;serve que certaines conditions soient remplies.<\/p>\n","protected":false},"author":2,"featured_media":10421,"comment_status":"open","ping_status":"open","sticky":false,"template":"","format":"standard","meta":{"_acf_changed":false,"_uag_custom_page_level_css":"","_jetpack_memberships_contains_paid_content":false,"footnotes":""},"categories":[39],"tags":[],"class_list":["post-10420","post","type-post","status-publish","format-standard","has-post-thumbnail","hentry","category-conseil"],"acf":[],"jetpack_featured_media_url":"https:\/\/www.cinc.com\/wp-content\/uploads\/2023\/03\/156-1.jpg","uagb_featured_image_src":{"full":["https:\/\/www.cinc.com\/wp-content\/uploads\/2023\/03\/156-1.jpg",1113,361,false],"thumbnail":["https:\/\/www.cinc.com\/wp-content\/uploads\/2023\/03\/156-1.jpg",150,49,false],"medium":["https:\/\/www.cinc.com\/wp-content\/uploads\/2023\/03\/156-1.jpg",300,97,false],"medium_large":["https:\/\/www.cinc.com\/wp-content\/uploads\/2023\/03\/156-1.jpg",768,249,false],"large":["https:\/\/www.cinc.com\/wp-content\/uploads\/2023\/03\/156-1.jpg",960,311,false],"1536x1536":["https:\/\/www.cinc.com\/wp-content\/uploads\/2023\/03\/156-1.jpg",1113,361,false],"2048x2048":["https:\/\/www.cinc.com\/wp-content\/uploads\/2023\/03\/156-1.jpg",1113,361,false],"gform-image-choice-sm":["https:\/\/www.cinc.com\/wp-content\/uploads\/2023\/03\/156-1.jpg",300,97,false],"gform-image-choice-md":["https:\/\/www.cinc.com\/wp-content\/uploads\/2023\/03\/156-1.jpg",400,130,false],"gform-image-choice-lg":["https:\/\/www.cinc.com\/wp-content\/uploads\/2023\/03\/156-1.jpg",600,195,false]},"uagb_author_info":{"display_name":"Utrans","author_link":"https:\/\/www.cinc.com\/fr\/author\/utrans\/"},"uagb_comment_info":0,"uagb_excerpt":"En g&eacute;n&eacute;ral, tout ind&eacute;pendant doit appliquer 15% de l&#39;imp&ocirc;t sur le revenu des personnes physiques sur les factures &eacute;mises, mais ceux qui se sont inscrits pour la premi&egrave;re fois ont la possibilit&eacute; de b&eacute;n&eacute;ficier d&#39;une r&eacute;duction de 7%, sous r&eacute;serve que certaines conditions soient remplies.","jetpack_sharing_enabled":true,"_links":{"self":[{"href":"https:\/\/www.cinc.com\/fr\/wp-json\/wp\/v2\/posts\/10420","targetHints":{"allow":["GET"]}}],"collection":[{"href":"https:\/\/www.cinc.com\/fr\/wp-json\/wp\/v2\/posts"}],"about":[{"href":"https:\/\/www.cinc.com\/fr\/wp-json\/wp\/v2\/types\/post"}],"author":[{"embeddable":true,"href":"https:\/\/www.cinc.com\/fr\/wp-json\/wp\/v2\/users\/2"}],"replies":[{"embeddable":true,"href":"https:\/\/www.cinc.com\/fr\/wp-json\/wp\/v2\/comments?post=10420"}],"version-history":[{"count":0,"href":"https:\/\/www.cinc.com\/fr\/wp-json\/wp\/v2\/posts\/10420\/revisions"}],"wp:featuredmedia":[{"embeddable":true,"href":"https:\/\/www.cinc.com\/fr\/wp-json\/wp\/v2\/media\/10421"}],"wp:attachment":[{"href":"https:\/\/www.cinc.com\/fr\/wp-json\/wp\/v2\/media?parent=10420"}],"wp:term":[{"taxonomy":"category","embeddable":true,"href":"https:\/\/www.cinc.com\/fr\/wp-json\/wp\/v2\/categories?post=10420"},{"taxonomy":"post_tag","embeddable":true,"href":"https:\/\/www.cinc.com\/fr\/wp-json\/wp\/v2\/tags?post=10420"}],"curies":[{"name":"wp","href":"https:\/\/api.w.org\/{rel}","templated":true}]}}