{"id":10410,"date":"2020-10-19T00:00:00","date_gmt":"2020-10-19T00:00:00","guid":{"rendered":"https:\/\/www.cinc.com\/protection-des-donnees-et-teletravail-recommandations-de-laepd\/"},"modified":"2020-10-19T00:00:00","modified_gmt":"2020-10-19T00:00:00","slug":"protection-des-donnees-et-teletravail-recommandations-de-laepd","status":"publish","type":"post","link":"https:\/\/www.cinc.com\/fr\/protection-des-donnees-et-teletravail-recommandations-de-laepd\/","title":{"rendered":"Protection des donn\u00e9es et t\u00e9l\u00e9travail : recommandations de l&rsquo;AEPD"},"content":{"rendered":"<p style=\"text-align: justify;\">\n Comme indiqu&eacute; dans le d&eacute;cret royal 28\/2020 du 22 septembre sur le travail &agrave; distance, l&#39;accord dans lequel l&#39;entreprise et le travailleur officialisent l&#39;ex&eacute;cution &agrave; distance de la prestation de travail doit inclure, dans le cadre de son contenu minimal, les instructions pour respect de la protection des donn&eacute;es et de la s&eacute;curit&eacute; des informations.<\/p>\n<p style=\"text-align: justify;\">\n En ce sens, dans les newsletters pr&eacute;c&eacute;dentes, nous avons d&eacute;j&agrave; inform&eacute; sur les recommandations faites par l&#39;AEPD et qui peuvent &ecirc;tre consult&eacute;es <a href=\"https:\/\/www.aepd.es\/sites\/default\/files\/2020-04\/nota-tecnica-proteger-datos-teletrabajo.pdf\" target=\"_blank\" rel=\"noopener\">ici<\/a>. Il s&#39;agit de recommandations adress&eacute;es &agrave; la fois au responsable du traitement et au personnel employ&eacute; dont le but est de garantir la s&eacute;curit&eacute; et la confidentialit&eacute; des donn&eacute;es personnelles, ce qui est de la responsabilit&eacute; des organisations en situation de t&eacute;l&eacute;travail.<\/p>\n<p style=\"text-align: justify;\">\n &Eacute;tant donn&eacute; que les risques que ces circonstances peuvent pr&eacute;senter pour la protection des donn&eacute;es personnelles et la responsabilit&eacute; qui en d&eacute;coule qu&#39;une mauvaise gestion peut entra&icirc;ner pour les parties impliqu&eacute;es, nous recommandons l&#39;&eacute;laboration d&#39;un protocole de s&eacute;curit&eacute; dans le traitement des donn&eacute;es personnelles que vous comprenez en d&eacute;tail. Et en particulier chaque situation concr&egrave;te.<\/p>\n<p style=\"text-align: justify;\">\n Pour toute question, vous pouvez contacter notre service de protection des donn&eacute;es au CINC Asesor&iacute;a. (<a href=\"mailto:Rpgd@cinc.es\">Rpgd@cinc.es<\/a>).<\/p>\n","protected":false},"excerpt":{"rendered":"<p style=\"text-align: justify;\">\n Comme indiqu&eacute; dans le d&eacute;cret royal 28\/2020 du 22 septembre sur le travail &agrave; distance, l&#39;accord dans lequel l&#39;entreprise et le travailleur officialisent l&#39;ex&eacute;cution &agrave; distance de la prestation de travail doit inclure, dans le cadre de son contenu minimal, les instructions pour respect de la protection des donn&eacute;es et de la s&eacute;curit&eacute; des informations.<br \/>\n &nbsp;<\/p>\n","protected":false},"author":2,"featured_media":10411,"comment_status":"open","ping_status":"open","sticky":false,"template":"","format":"standard","meta":{"_acf_changed":false,"_uag_custom_page_level_css":"","_jetpack_memberships_contains_paid_content":false,"footnotes":""},"categories":[39],"tags":[],"class_list":["post-10410","post","type-post","status-publish","format-standard","has-post-thumbnail","hentry","category-conseil"],"acf":[],"jetpack_featured_media_url":"https:\/\/www.cinc.com\/wp-content\/uploads\/2023\/03\/154-1.jpg","uagb_featured_image_src":{"full":["https:\/\/www.cinc.com\/wp-content\/uploads\/2023\/03\/154-1.jpg",1113,361,false],"thumbnail":["https:\/\/www.cinc.com\/wp-content\/uploads\/2023\/03\/154-1.jpg",150,49,false],"medium":["https:\/\/www.cinc.com\/wp-content\/uploads\/2023\/03\/154-1.jpg",300,97,false],"medium_large":["https:\/\/www.cinc.com\/wp-content\/uploads\/2023\/03\/154-1.jpg",768,249,false],"large":["https:\/\/www.cinc.com\/wp-content\/uploads\/2023\/03\/154-1.jpg",960,311,false],"1536x1536":["https:\/\/www.cinc.com\/wp-content\/uploads\/2023\/03\/154-1.jpg",1113,361,false],"2048x2048":["https:\/\/www.cinc.com\/wp-content\/uploads\/2023\/03\/154-1.jpg",1113,361,false],"gform-image-choice-sm":["https:\/\/www.cinc.com\/wp-content\/uploads\/2023\/03\/154-1.jpg",300,97,false],"gform-image-choice-md":["https:\/\/www.cinc.com\/wp-content\/uploads\/2023\/03\/154-1.jpg",400,130,false],"gform-image-choice-lg":["https:\/\/www.cinc.com\/wp-content\/uploads\/2023\/03\/154-1.jpg",600,195,false]},"uagb_author_info":{"display_name":"Utrans","author_link":"https:\/\/www.cinc.com\/fr\/author\/utrans\/"},"uagb_comment_info":0,"uagb_excerpt":"Comme indiqu&eacute; dans le d&eacute;cret royal 28\/2020 du 22 septembre sur le travail &agrave; distance, l&#39;accord dans lequel l&#39;entreprise et le travailleur officialisent l&#39;ex&eacute;cution &agrave; distance de la prestation de travail doit inclure, dans le cadre de son contenu minimal, les instructions pour respect de la protection des donn&eacute;es et de la s&eacute;curit&eacute; des informations.\u2026","jetpack_sharing_enabled":true,"_links":{"self":[{"href":"https:\/\/www.cinc.com\/fr\/wp-json\/wp\/v2\/posts\/10410","targetHints":{"allow":["GET"]}}],"collection":[{"href":"https:\/\/www.cinc.com\/fr\/wp-json\/wp\/v2\/posts"}],"about":[{"href":"https:\/\/www.cinc.com\/fr\/wp-json\/wp\/v2\/types\/post"}],"author":[{"embeddable":true,"href":"https:\/\/www.cinc.com\/fr\/wp-json\/wp\/v2\/users\/2"}],"replies":[{"embeddable":true,"href":"https:\/\/www.cinc.com\/fr\/wp-json\/wp\/v2\/comments?post=10410"}],"version-history":[{"count":0,"href":"https:\/\/www.cinc.com\/fr\/wp-json\/wp\/v2\/posts\/10410\/revisions"}],"wp:featuredmedia":[{"embeddable":true,"href":"https:\/\/www.cinc.com\/fr\/wp-json\/wp\/v2\/media\/10411"}],"wp:attachment":[{"href":"https:\/\/www.cinc.com\/fr\/wp-json\/wp\/v2\/media?parent=10410"}],"wp:term":[{"taxonomy":"category","embeddable":true,"href":"https:\/\/www.cinc.com\/fr\/wp-json\/wp\/v2\/categories?post=10410"},{"taxonomy":"post_tag","embeddable":true,"href":"https:\/\/www.cinc.com\/fr\/wp-json\/wp\/v2\/tags?post=10410"}],"curies":[{"name":"wp","href":"https:\/\/api.w.org\/{rel}","templated":true}]}}