{"id":10290,"date":"2019-03-13T00:00:00","date_gmt":"2019-03-13T00:00:00","guid":{"rendered":"https:\/\/www.cinc.com\/quel-est-limpact-de-lentree-en-vigueur-du-nouveau-reglement-sur-les-loyers-pour-les-proprietaires-et-les-locataires-pour-les-proprietaires-et-les-locataires\/"},"modified":"2019-03-13T00:00:00","modified_gmt":"2019-03-13T00:00:00","slug":"quel-est-limpact-de-lentree-en-vigueur-du-nouveau-reglement-sur-les-loyers-pour-les-proprietaires-et-les-locataires-pour-les-proprietaires-et-les-locataires","status":"publish","type":"post","link":"https:\/\/www.cinc.com\/fr\/quel-est-limpact-de-lentree-en-vigueur-du-nouveau-reglement-sur-les-loyers-pour-les-proprietaires-et-les-locataires-pour-les-proprietaires-et-les-locataires\/","title":{"rendered":"Quel est l&rsquo;impact de l&rsquo;entr\u00e9e en vigueur du nouveau r\u00e8glement sur les loyers pour les propri\u00e9taires et les locataires? pour les propri\u00e9taires et les locataires?"},"content":{"rendered":"<div style=\"text-align: justify;\">\n\tLe 6 mars, le d&eacute;cret-loi royal 7\/2019 sur les mesures urgentes en mati&egrave;re de logement et de loyer est entr&eacute; en vigueur. La nouvelle r&egrave;gle recouvre la plupart des modifications incluses dans le d&eacute;cret-loi 21\/2018 abrog&eacute;, qui a &eacute;t&eacute; appliqu&eacute; les 19 d&eacute;cembre 2018 et 23 janvier 2019.<\/div>\n<div style=\"text-align: justify;\">\n\t&nbsp;<\/div>\n<div style=\"text-align: justify;\">\n\tLes dispositions &eacute;nonc&eacute;es dans le d&eacute;cret-loi royal ne s&#39;appliquent pas r&eacute;troactivement et ne concernent que les contrats de location sign&eacute;s depuis leur entr&eacute;e en vigueur. Cela signifie que les contrats officialis&eacute;s avant le 6 mars seront r&eacute;gis par les cadres r&eacute;glementaires ant&eacute;rieurs. Pourtant:<\/div>\n<div style=\"text-align: justify;\">\n\t&nbsp;<\/div>\n<div style=\"text-align: justify;\">\n\t&#8211; Les contrats officialis&eacute;s avant le 19 d&eacute;cembre 2018 et entre le 23 janvier et le 5 mars 2019 seront r&eacute;gis par les anciennes r&egrave;gles de 2013.<\/div>\n<div style=\"text-align: justify;\">\n\t&nbsp;&#8211; Les contrats officialis&eacute;s les 19 d&eacute;cembre et 23 janvier 2019 seront soumis aux dispositions du d&eacute;cret royal royal ensuite approuv&eacute;.<\/div>\n<div style=\"text-align: justify;\">\n\t&nbsp;<\/div>\n<div style=\"text-align: justify;\">\n\tQuelles sont les mesures de la nouvelle loi sur le loyer du d&eacute;cret royal?<\/div>\n<div style=\"text-align: justify;\">\n\t&nbsp;<\/div>\n<div style=\"text-align: justify;\">\n<h2 class=\"h2Noticia\">\n\t\tModifications dans le d&eacute;veloppement du contrat<\/h2>\n<hr \/>\n<\/div>\n<div style=\"text-align: justify;\">\n\t&nbsp;<\/div>\n<div style=\"text-align: justify;\">\n\t<strong>La dur&eacute;e du contrat de location est prolong&eacute;e<\/strong><\/div>\n<div style=\"text-align: justify;\">\n\t&nbsp;<\/div>\n<div style=\"text-align: justify;\">\n\tL&#39;un des changements les plus importants, d&eacute;j&agrave; inclus dans l&#39;ancien d&eacute;cret royal &laquo;pr&eacute;matur&eacute;&raquo;, est la prolongation obligatoire qui va de 3 &agrave; 5 ans si le propri&eacute;taire est une personne physique ou de 7 ans si le propri&eacute;taire est une personne morale.<\/div>\n<div style=\"text-align: justify;\">\n\t&nbsp;<\/div>\n<div style=\"text-align: justify;\">\n\tCela signifie que la prolongation est automatiquement appliqu&eacute;e &agrave; la date d&#39;expiration du contrat jusqu&#39;&agrave; 5 (ou 7) ans.<\/div>\n<div style=\"text-align: justify;\">\n\t&nbsp;<\/div>\n<div style=\"text-align: justify;\">\n\tDe m&ecirc;me, l&rsquo;extension tacite est prolong&eacute;e, c&rsquo;est-&agrave;-dire que si aucune des parties n&rsquo;exprime la volont&eacute; de mettre fin au contrat, celui-ci restera en vigueur pendant trois ann&eacute;es suppl&eacute;mentaires. La non-application d&#39;une telle extension l&eacute;gale n&eacute;cessite une disposition explicite dans le contrat.<\/div>\n<div style=\"text-align: justify;\">\n\t&nbsp;<\/div>\n<div style=\"text-align: justify;\">\n\t<strong>D&eacute;lai de pr&eacute;avis plus long pour la r&eacute;siliation du contrat<\/strong><\/div>\n<div style=\"text-align: justify;\">\n\t&nbsp;<\/div>\n<div style=\"text-align: justify;\">\n\tPour exercer le pouvoir de r&eacute;siliation du contrat de location, le propri&eacute;taire doit communiquer ce testament avec un pr&eacute;avis de 4 mois (en invoquant la n&eacute;cessit&eacute; d&#39;affecter le logement &agrave; son usage habituel, propre ou provenant de parents de 1re ann&eacute;e) ou d&#39;un Avance de 2 mois si ce pouvoir est exerc&eacute; par le locataire.<\/div>\n<div style=\"text-align: justify;\">\n\t&nbsp;<\/div>\n<div style=\"text-align: justify;\">\n\t<strong>Limitation du d&eacute;p&ocirc;t requis &agrave; deux paiements mensuels<\/strong><\/div>\n<div style=\"text-align: justify;\">\n\t&nbsp;<\/div>\n<div style=\"text-align: justify;\">\n\tLe montant de l&#39;acompte est limit&eacute; &agrave; deux mensualit&eacute;s au maximum, qui peuvent &ecirc;tre vers&eacute;es par d&eacute;p&ocirc;t bancaire ou garantie, &agrave; l&#39;exception des contrats &agrave; long terme.<\/div>\n<div style=\"text-align: justify;\">\n\t&nbsp;<\/div>\n<div style=\"text-align: justify;\">\n\t<strong>Frais de gestion &agrave; la charge du bailleur<\/strong><\/div>\n<div style=\"text-align: justify;\">\n\t&nbsp;<\/div>\n<div style=\"text-align: justify;\">\n\tLes co&ucirc;ts de gestion immobili&egrave;re et de formalisation du contrat de location sont &agrave; la charge du bailleur lorsque celui-ci est une personne morale.<\/div>\n<div style=\"text-align: justify;\">\n\t&nbsp;<\/div>\n<div style=\"text-align: justify;\">\n\t<strong>Publicit&eacute; contractuelle l&eacute;gale<\/strong><\/div>\n<div style=\"text-align: justify;\">\n\t&nbsp;<\/div>\n<div style=\"text-align: justify;\">\n\tContrairement &agrave; la r&eacute;glementation pr&eacute;c&eacute;dente, la publicit&eacute; du contrat de location dans le registre de la propri&eacute;t&eacute; n&rsquo;est plus n&eacute;cessaire pour que les effets juridiques correspondants &agrave; l&rsquo;encontre de tiers puissent se produire.<\/div>\n<div style=\"text-align: justify;\">\n\tCr&eacute;ation d&#39;un indice de prix de location<\/div>\n<div style=\"text-align: justify;\">\n\t&nbsp;<\/div>\n<div style=\"text-align: justify;\">\n\tEn pr&eacute;vision de son application dans les mois &agrave; venir, un syst&egrave;me d&rsquo;indices des prix de location mis en place par l&rsquo;&Eacute;tat a &eacute;t&eacute; cr&eacute;&eacute; et la possibilit&eacute; de cr&eacute;er des syst&egrave;mes d&rsquo;indices de r&eacute;f&eacute;rence autonomes est incluse. L&#39;objectif de cette mesure est de disposer d&#39;un cadre de r&eacute;f&eacute;rence permettant d&#39;acc&eacute;der &agrave; une meilleure connaissance du march&eacute; et de soutenir d&#39;&eacute;ventuelles mesures de politique budg&eacute;taire.<\/div>\n<div style=\"text-align: justify;\">\n\t&nbsp;<\/div>\n<div style=\"text-align: justify;\">\n\t<strong>Limite de hausse de l&#39;IPC<\/strong><\/div>\n<div style=\"text-align: justify;\">\n\t&nbsp;<\/div>\n<div style=\"text-align: justify;\">\n\tAvec l&#39;application du nouveau DR, pendant la dur&eacute;e du contrat, la mise &agrave; jour du revenu convenu ne peut d&eacute;passer la variation en pourcentage de l&#39;indice des prix &agrave; la consommation. En tout &eacute;tat de cause, l&#39;accord explicite de l&#39;exercice de ce pouvoir du propri&eacute;taire est requis. En l&#39;absence d&#39;accord dans le contrat, le montant du loyer est gel&eacute; pendant toute la dur&eacute;e du contrat.<\/div>\n<div style=\"text-align: justify;\">\n\t&nbsp;<\/div>\n<div style=\"text-align: justify;\">\n\tLa communaut&eacute; de propri&eacute;taires peut interdire le loyer pour un usage touristique<\/div>\n<div style=\"text-align: justify;\">\n\t&nbsp;<\/div>\n<div style=\"text-align: justify;\">\n\tD&eacute;sormais, les communaut&eacute;s voisines peuvent interdire la location d&#39;appartements &agrave; usage touristique. &Agrave; cette fin, une majorit&eacute; de 3\/5 des partis est requise, sans n&eacute;cessit&eacute; d&#39;unanimit&eacute; dans la prise de d&eacute;cision.<\/div>\n<div style=\"text-align: justify;\">\n\t&nbsp;<\/div>\n<div style=\"text-align: justify;\">\n\t&nbsp;Le nouvel arr&ecirc;t&eacute; royal ne sera pas applicable aux contrats de location de logements &agrave; usage touristique, qui seront r&eacute;gis par ses propres r&egrave;glements sectoriels.<\/div>\n<div style=\"text-align: justify;\">\n\t&nbsp;<\/div>\n<div style=\"text-align: justify;\">\n\t<strong>Modifications du code de proc&eacute;dure civile dans les proc&eacute;dures judiciaires<\/strong><\/div>\n<div style=\"text-align: justify;\">\n\t&nbsp;<\/div>\n<div style=\"text-align: justify;\">\n\tLe nouveau texte envisage &eacute;galement plusieurs modifications qui sont incorpor&eacute;es dans le droit de la proc&eacute;dure civile en mati&egrave;re de baux afin de mieux prot&eacute;ger les droits des locataires. Entre autres modifications, l&#39;obligation d&#39;informer les tribunaux des services sociaux et l&#39;interdiction de lancer avec une date ouverte se d&eacute;marquent.<\/div>\n<div style=\"text-align: justify;\">\n\t&nbsp;<\/div>\n<div style=\"text-align: justify;\">\n<h2 class=\"h2Noticia\">\n\t\tModification des obligations fiscales<\/h2>\n<hr \/>\n<\/div>\n<div style=\"text-align: justify;\">\n\t&nbsp;<\/div>\n<div style=\"text-align: justify;\">\n\t<strong>D&eacute;duction IBI et exemption ITP<\/strong><\/div>\n<div style=\"text-align: justify;\">\n\t&nbsp;<\/div>\n<div style=\"text-align: justify;\">\n\tLes loyers des logements stables et permanents sont &agrave; nouveau exon&eacute;r&eacute;s de la taxe sur les transferts de propri&eacute;t&eacute; (PTI). Par cons&eacute;quent, les locataires n&#39;auront plus &agrave; payer cette taxe.<\/div>\n<div style=\"text-align: justify;\">\n\t&nbsp;<\/div>\n<div style=\"text-align: justify;\">\n\tPar ailleurs, les municipalit&eacute;s peuvent fixer un bonus IBI de 95% pour les logements lou&eacute;s avec un revenu limit&eacute; par une norme l&eacute;gale.<\/div>\n<div>\n\t&nbsp;<\/div>\n","protected":false},"excerpt":{"rendered":"<p style=\"text-align: justify;\">\n\tLe 6 mars, le d&eacute;cret-loi royal 7\/2019 sur les mesures urgentes en mati&egrave;re de logement et de loyer est entr&eacute; en vigueur. La nouvelle r&egrave;gle recouvre la plupart des modifications incluses dans le d&eacute;cret-loi 21\/2018 abrog&eacute;, qui a &eacute;t&eacute; appliqu&eacute; les 19 d&eacute;cembre 2018 et 23 janvier 2019.<\/p>\n<p>\n\t&nbsp;<\/p>\n","protected":false},"author":2,"featured_media":10291,"comment_status":"open","ping_status":"open","sticky":false,"template":"","format":"standard","meta":{"_acf_changed":false,"_uag_custom_page_level_css":"","_jetpack_memberships_contains_paid_content":false,"footnotes":""},"categories":[39],"tags":[],"class_list":["post-10290","post","type-post","status-publish","format-standard","has-post-thumbnail","hentry","category-conseil"],"acf":[],"jetpack_featured_media_url":"https:\/\/www.cinc.com\/wp-content\/uploads\/2023\/03\/128-1.jpg","uagb_featured_image_src":{"full":["https:\/\/www.cinc.com\/wp-content\/uploads\/2023\/03\/128-1.jpg",1113,361,false],"thumbnail":["https:\/\/www.cinc.com\/wp-content\/uploads\/2023\/03\/128-1.jpg",150,49,false],"medium":["https:\/\/www.cinc.com\/wp-content\/uploads\/2023\/03\/128-1.jpg",300,97,false],"medium_large":["https:\/\/www.cinc.com\/wp-content\/uploads\/2023\/03\/128-1.jpg",768,249,false],"large":["https:\/\/www.cinc.com\/wp-content\/uploads\/2023\/03\/128-1.jpg",960,311,false],"1536x1536":["https:\/\/www.cinc.com\/wp-content\/uploads\/2023\/03\/128-1.jpg",1113,361,false],"2048x2048":["https:\/\/www.cinc.com\/wp-content\/uploads\/2023\/03\/128-1.jpg",1113,361,false],"gform-image-choice-sm":["https:\/\/www.cinc.com\/wp-content\/uploads\/2023\/03\/128-1.jpg",300,97,false],"gform-image-choice-md":["https:\/\/www.cinc.com\/wp-content\/uploads\/2023\/03\/128-1.jpg",400,130,false],"gform-image-choice-lg":["https:\/\/www.cinc.com\/wp-content\/uploads\/2023\/03\/128-1.jpg",600,195,false]},"uagb_author_info":{"display_name":"Utrans","author_link":"https:\/\/www.cinc.com\/fr\/author\/utrans\/"},"uagb_comment_info":0,"uagb_excerpt":"Le 6 mars, le d&eacute;cret-loi royal 7\/2019 sur les mesures urgentes en mati&egrave;re de logement et de loyer est entr&eacute; en vigueur. La nouvelle r&egrave;gle recouvre la plupart des modifications incluses dans le d&eacute;cret-loi 21\/2018 abrog&eacute;, qui a &eacute;t&eacute; appliqu&eacute; les 19 d&eacute;cembre 2018 et 23 janvier 2019. &nbsp;","jetpack_sharing_enabled":true,"_links":{"self":[{"href":"https:\/\/www.cinc.com\/fr\/wp-json\/wp\/v2\/posts\/10290","targetHints":{"allow":["GET"]}}],"collection":[{"href":"https:\/\/www.cinc.com\/fr\/wp-json\/wp\/v2\/posts"}],"about":[{"href":"https:\/\/www.cinc.com\/fr\/wp-json\/wp\/v2\/types\/post"}],"author":[{"embeddable":true,"href":"https:\/\/www.cinc.com\/fr\/wp-json\/wp\/v2\/users\/2"}],"replies":[{"embeddable":true,"href":"https:\/\/www.cinc.com\/fr\/wp-json\/wp\/v2\/comments?post=10290"}],"version-history":[{"count":0,"href":"https:\/\/www.cinc.com\/fr\/wp-json\/wp\/v2\/posts\/10290\/revisions"}],"wp:featuredmedia":[{"embeddable":true,"href":"https:\/\/www.cinc.com\/fr\/wp-json\/wp\/v2\/media\/10291"}],"wp:attachment":[{"href":"https:\/\/www.cinc.com\/fr\/wp-json\/wp\/v2\/media?parent=10290"}],"wp:term":[{"taxonomy":"category","embeddable":true,"href":"https:\/\/www.cinc.com\/fr\/wp-json\/wp\/v2\/categories?post=10290"},{"taxonomy":"post_tag","embeddable":true,"href":"https:\/\/www.cinc.com\/fr\/wp-json\/wp\/v2\/tags?post=10290"}],"curies":[{"name":"wp","href":"https:\/\/api.w.org\/{rel}","templated":true}]}}