{"id":10250,"date":"2018-10-16T00:00:00","date_gmt":"2018-10-16T00:00:00","guid":{"rendered":"https:\/\/www.cinc.com\/deduction-supplementaire-pour-les-meres-qui-travaillent-pour-les-frais-de-garde-denfants\/"},"modified":"2018-10-16T00:00:00","modified_gmt":"2018-10-16T00:00:00","slug":"deduction-supplementaire-pour-les-meres-qui-travaillent-pour-les-frais-de-garde-denfants","status":"publish","type":"post","link":"https:\/\/www.cinc.com\/fr\/deduction-supplementaire-pour-les-meres-qui-travaillent-pour-les-frais-de-garde-denfants\/","title":{"rendered":"D\u00e9duction suppl\u00e9mentaire pour les m\u00e8res qui travaillent pour les frais de garde d&rsquo;enfants"},"content":{"rendered":"<div style=\"text-align: justify;\">\n<div>\n\t\tA partir du 1er janvier 2018, une d&eacute;duction suppl&eacute;mentaire est pr&eacute;vue pour les m&egrave;res qui travaillent et qui doivent assumer des frais non subventionn&eacute;s de garde d&#39;enfants ou d&#39;&eacute;ducation pour les enfants de moins de trois ans (pr&eacute;inscription, inscription, fr&eacute;quentation et nourriture). Cette d&eacute;duction s&#39;ajoute &agrave; la d&eacute;duction principale pour maternit&eacute; de 100 euros par mois (1 200 par an), pour un montant total pouvant atteindre 2 200 euros.<\/div>\n<div>\n\t\t&nbsp;<\/div>\n<div>\n<h2 class=\"h2Noticia\">\n\t\t\tEn quoi consiste cette d&eacute;duction?<\/h2>\n<hr \/><\/div>\n<div>\n\t\t&nbsp;<\/div>\n<div>\n\t\t&#8211; Le montant est plafonn&eacute; &agrave; 83 &euro;. (1 000 &euro; par an) pour chaque mois complet au cours duquel les frais de garde d&#39;enfants sont couverts et les conditions de l&#39;allocation principale de maternit&eacute; de 100 &euro; sont remplies.<\/div>\n<div>\n\t\t&#8211; Si l&#39;enfant atteint l&#39;&acirc;ge de trois ans avant le d&eacute;but du deuxi&egrave;me cycle de l&#39;&eacute;ducation infantile, la d&eacute;duction sera applicable jusqu&#39;au mois pr&eacute;c&eacute;dant le d&eacute;but du deuxi&egrave;me cycle de l&#39;&eacute;ducation infantile. Par cons&eacute;quent, si l&#39;enfant atteint l&#39;&acirc;ge de trois ans en janvier et que le deuxi&egrave;me cycle commence en septembre, la m&egrave;re aura droit &agrave; cette d&eacute;duction jusqu&#39;en ao&ucirc;t (si elle emm&egrave;ne l&#39;enfant &agrave; la cr&egrave;che jusque-l&agrave;).<\/div>\n<div>\n\t\t&#8211; Elle ne s&#39;appliquerait pas lorsque les frais de garde d&#39;enfants sont consid&eacute;r&eacute;s comme une r&eacute;mun&eacute;ration en nature exon&eacute;r&eacute;e (par l&#39;entreprise dans laquelle la m&egrave;re travaille).<\/div>\n<div>\n\t\t&nbsp;<\/div>\n<div>\n<h2 class=\"h2Noticia\">\n\t\t\tQuelles sont les limites de cette d&eacute;duction?<\/h2>\n<hr \/><\/div>\n<div>\n\t\t&nbsp;<\/div>\n<div>\n\t\tLe montant total d&eacute;duit au cours de l&#39;ann&eacute;e est assujetti &agrave; deux limites:<\/div>\n<div>\n\t\t&nbsp;<\/div>\n<div>\n\t\t&#8211; Le montant des cotisations de s&eacute;curit&eacute; sociale pour l&#39;ann&eacute;e (somme des cotisations de l&#39;employeur et du travailleur).<\/div>\n<div>\n\t\t&#8211; Le montant des frais annuels de garde d&#39;enfants pay&eacute;s. Ainsi, si, par exemple, les frais de garde d&#39;enfants s&#39;&eacute;l&egrave;vent &agrave; 500 euros, la d&eacute;duction suppl&eacute;mentaire ne peut d&eacute;passer ce montant.<\/div>\n<div>\n\t\t&nbsp;<\/div>\n<div>\n<h2 class=\"h2Noticia\">\n\t\t\tQuand cette d&eacute;duction peut-elle &ecirc;tre demand&eacute;e?<\/h2>\n<hr \/><\/div>\n<div>\n\t\t&nbsp;<\/div>\n<div>\n\t\tLes m&egrave;res ayant droit &agrave; cette d&eacute;duction suppl&eacute;mentaire pour frais de garde d&#39;enfants ne peuvent la r&eacute;clamer qu&#39;au moment o&ugrave; elles pr&eacute;sentent leur d&eacute;claration d&#39;imp&ocirc;t sur le revenu, mais elles peuvent demander le versement anticip&eacute; de 100 euros de la d&eacute;duction principale pour maternit&eacute;.<\/div>\n<div>\n\t\t&nbsp;<\/div>\n<div>\n\t\tPour plus d&#39;informations et pour r&eacute;soudre vos doutes, vous pouvez contacter notre d&eacute;partement fiscal (virginia. cirera@cinc.es).<\/div>\n<\/div>\n<p>\n\t&nbsp;<\/p>\n","protected":false},"excerpt":{"rendered":"<p style=\"text-align: justify;\">\n\tA partir du 1er janvier 2018, une d&eacute;duction suppl&eacute;mentaire est pr&eacute;vue pour les m&egrave;res qui travaillent et qui doivent assumer des frais non subventionn&eacute;s de garde d&#39;enfants ou d&#39;&eacute;ducation pour les enfants de moins de trois ans (pr&eacute;inscription, inscription, fr&eacute;quentation et nourriture).&nbsp;<\/p>\n","protected":false},"author":2,"featured_media":10251,"comment_status":"open","ping_status":"open","sticky":false,"template":"","format":"standard","meta":{"_acf_changed":false,"_uag_custom_page_level_css":"","_jetpack_memberships_contains_paid_content":false,"footnotes":""},"categories":[39],"tags":[],"class_list":["post-10250","post","type-post","status-publish","format-standard","has-post-thumbnail","hentry","category-conseil"],"acf":[],"jetpack_featured_media_url":"https:\/\/www.cinc.com\/wp-content\/uploads\/2023\/03\/120.jpg","uagb_featured_image_src":{"full":["https:\/\/www.cinc.com\/wp-content\/uploads\/2023\/03\/120.jpg",1113,361,false],"thumbnail":["https:\/\/www.cinc.com\/wp-content\/uploads\/2023\/03\/120.jpg",150,49,false],"medium":["https:\/\/www.cinc.com\/wp-content\/uploads\/2023\/03\/120.jpg",300,97,false],"medium_large":["https:\/\/www.cinc.com\/wp-content\/uploads\/2023\/03\/120.jpg",768,249,false],"large":["https:\/\/www.cinc.com\/wp-content\/uploads\/2023\/03\/120.jpg",960,311,false],"1536x1536":["https:\/\/www.cinc.com\/wp-content\/uploads\/2023\/03\/120.jpg",1113,361,false],"2048x2048":["https:\/\/www.cinc.com\/wp-content\/uploads\/2023\/03\/120.jpg",1113,361,false],"gform-image-choice-sm":["https:\/\/www.cinc.com\/wp-content\/uploads\/2023\/03\/120.jpg",300,97,false],"gform-image-choice-md":["https:\/\/www.cinc.com\/wp-content\/uploads\/2023\/03\/120.jpg",400,130,false],"gform-image-choice-lg":["https:\/\/www.cinc.com\/wp-content\/uploads\/2023\/03\/120.jpg",600,195,false]},"uagb_author_info":{"display_name":"Utrans","author_link":"https:\/\/www.cinc.com\/fr\/author\/utrans\/"},"uagb_comment_info":0,"uagb_excerpt":"A partir du 1er janvier 2018, une d&eacute;duction suppl&eacute;mentaire est pr&eacute;vue pour les m&egrave;res qui travaillent et qui doivent assumer des frais non subventionn&eacute;s de garde d&#39;enfants ou d&#39;&eacute;ducation pour les enfants de moins de trois ans (pr&eacute;inscription, inscription, fr&eacute;quentation et nourriture).&nbsp;","jetpack_sharing_enabled":true,"_links":{"self":[{"href":"https:\/\/www.cinc.com\/fr\/wp-json\/wp\/v2\/posts\/10250","targetHints":{"allow":["GET"]}}],"collection":[{"href":"https:\/\/www.cinc.com\/fr\/wp-json\/wp\/v2\/posts"}],"about":[{"href":"https:\/\/www.cinc.com\/fr\/wp-json\/wp\/v2\/types\/post"}],"author":[{"embeddable":true,"href":"https:\/\/www.cinc.com\/fr\/wp-json\/wp\/v2\/users\/2"}],"replies":[{"embeddable":true,"href":"https:\/\/www.cinc.com\/fr\/wp-json\/wp\/v2\/comments?post=10250"}],"version-history":[{"count":0,"href":"https:\/\/www.cinc.com\/fr\/wp-json\/wp\/v2\/posts\/10250\/revisions"}],"wp:featuredmedia":[{"embeddable":true,"href":"https:\/\/www.cinc.com\/fr\/wp-json\/wp\/v2\/media\/10251"}],"wp:attachment":[{"href":"https:\/\/www.cinc.com\/fr\/wp-json\/wp\/v2\/media?parent=10250"}],"wp:term":[{"taxonomy":"category","embeddable":true,"href":"https:\/\/www.cinc.com\/fr\/wp-json\/wp\/v2\/categories?post=10250"},{"taxonomy":"post_tag","embeddable":true,"href":"https:\/\/www.cinc.com\/fr\/wp-json\/wp\/v2\/tags?post=10250"}],"curies":[{"name":"wp","href":"https:\/\/api.w.org\/{rel}","templated":true}]}}