{"id":10215,"date":"2018-02-19T00:00:00","date_gmt":"2018-02-19T00:00:00","guid":{"rendered":"https:\/\/www.cinc.com\/cinc-barcelona-cree-lespace-gaudi-resultat-de-lagrandissement-et-de-la-renovation-des-auditoriums-et-des-salles-de-formation\/"},"modified":"2018-02-19T00:00:00","modified_gmt":"2018-02-19T00:00:00","slug":"cinc-barcelona-cree-lespace-gaudi-resultat-de-lagrandissement-et-de-la-renovation-des-auditoriums-et-des-salles-de-formation","status":"publish","type":"post","link":"https:\/\/www.cinc.com\/fr\/cinc-barcelona-cree-lespace-gaudi-resultat-de-lagrandissement-et-de-la-renovation-des-auditoriums-et-des-salles-de-formation\/","title":{"rendered":"CINC Barcelona cr\u00e9e l&rsquo;espace Gaud\u00ed, r\u00e9sultat de l&rsquo;agrandissement et de la r\u00e9novation des auditoriums et des salles de formation"},"content":{"rendered":"<div style=\"text-align: justify;\">\n<div>\n\t\tCINC Barcelona Business Centre inaugure en f&eacute;vrier l&#39;espace Gaud&iacute;, suite &agrave; l&#39;extension et &agrave; la r&eacute;novation de l&#39;espace pour les salles d&#39;assemblage et de formation, situ&eacute; au premier &eacute;tage du b&acirc;timent.<\/div>\n<div>\n\t\t&nbsp;<\/div>\n<div>\n\t\tAvec l&#39;engagement d&#39;offrir un maximum de qualit&eacute; et de confort &agrave; ses clients, CINC a opt&eacute; pour un espace moderne et fonctionnel, avec un espace priv&eacute; et exclusif pour les utilisateurs des salles et l&#39;incorporation d&#39;une nouvelle chambre, pour un total de trois chambres.<\/div>\n<div>\n\t\t&nbsp;<\/div>\n<div>\n\t\t<a href=\"https:\/\/www.flickr.com\/photos\/grup-cinc\/sets\/72157693598187085\" target=\"_blank\" rel=\"noopener\">&gt;Voir la galerie d&#39;images<\/a><\/div>\n<div>\n\t\t&nbsp;<\/div>\n<div>\n<h2 class='h2Noticia'>Salles id&eacute;ales pour tous les types d&#39;&eacute;v&eacute;nements ou de r&eacute;unions<\/h2>\n<hr\/>\n<\/div>\n<div>\n\t\t&nbsp;<\/div>\n<div>\n\t\tLes salles de l&#39;espace Gaud&iacute; sont id&eacute;ales pour l&#39;organisation de toutes sortes d&#39;&eacute;v&eacute;nements, de conf&eacute;rences et de sessions de formation:<\/div>\n<div>\n\t\t&nbsp;<\/div>\n<div>\n\t\t&#8211; Ils sont situ&eacute;s dans un espace spacieux et lumineux.<\/div>\n<div>\n\t\t&#8211; Ils sont parfaitement insonoris&eacute;s, gr&acirc;ce au double vitrage.<\/div>\n<div>\n\t\t&#8211; Ils ont une excellente acoustique<\/div>\n<div>\n\t\t-Ils offrent la possibilit&eacute; de r&eacute;gler le niveau d&#39;intimit&eacute; de la pi&egrave;ce avec des rideaux, ainsi que la lumi&egrave;re et la climatisation.<\/div>\n<div>\n\t\t&#8211; Ils disposent d&#39;une aire de repos commune exclusive, qui peut &ecirc;tre r&eacute;serv&eacute;e &agrave; la restauration.<\/div>\n<div>\n\t\t&#8211; Ils ont le Wi-Fi pour tous les utilisateurs, avec un r&eacute;seau priv&eacute; pour chaque &eacute;v&eacute;nement.<\/div>\n<div>\n\t\t&#8211; Ils comprennent l&#39;&eacute;quipement de projection<\/div>\n<div>\n\t\t&#8211; Ecran tactile 86&quot; &agrave; la pointe de la technologie, disponible pour des pr&eacute;sentations interactives,<\/div>\n<div>\n\t\tavec la meilleure d&eacute;finition d&#39;image compatible avec n&#39;importe quel ordinateur.<\/div>\n<div>\n\t\t&#8211; Service de vid&eacute;oconf&eacute;rence<\/div>\n<div>\n\t\t&#8211; Syst&egrave;me de sonorisation et microphones sans fil<\/div>\n<div>\n\t\t&#8211; Service de streaming (optimal pour la pr&eacute;paration des webinaires)<\/div>\n<div>\n\t\tTrois salles, quatre possibilit&eacute;s diff&eacute;rentes<\/div>\n<div>\n\t\t&nbsp;<\/div>\n<div>\n\t\tLes trois salles qui composent l&#39;espace offrent de multiples possibilit&eacute;s et capacit&eacute;s selon le type de format:<\/div>\n<div>\n\t\t&nbsp;<\/div>\n<div>\n\t\t<strong>Salle 1:<\/strong><\/div>\n<div>\n\t\tEn forme de U: 20 personnes<\/div>\n<div>\n\t\tSous forme de formation: 24 personnes<\/div>\n<div>\n\t\tSous la forme d&#39;un th&eacute;&acirc;tre: 44 personnes<\/div>\n<div>\n\t\t&nbsp;<\/div>\n<div>\n\t\t<strong>Salle 2:<\/strong><\/div>\n<div>\n\t\t&nbsp;<\/div>\n<div>\n\t\tEn forme de U: 18 personnes<\/div>\n<div>\n\t\tSous forme de formation: 24 personnes<\/div>\n<div>\n\t\tSous la forme d&#39;un th&eacute;&acirc;tre: 38 personnes<\/div>\n<div>\n\t\t&nbsp;<\/div>\n<div>\n\t\t<strong>Salle 3:<\/strong><\/div>\n<div>\n\t\t&nbsp;<\/div>\n<div>\n\t\tEn forme de U: 18 personnes<\/div>\n<div>\n\t\tSous forme de formation: 24 personnes<\/div>\n<div>\n\t\tSous la forme d&#39;un th&eacute;&acirc;tre: 44 personnes<\/div>\n<div>\n\t\tSalle de conf&eacute;rence (salle 2 + salle 3):<\/div>\n<div>\n\t\t&nbsp;<\/div>\n<div>\n\t\tEn forme de U: 26 personnes<\/div>\n<div>\n\t\tSous forme de formation: 46 personnes<\/div>\n<div>\n\t\tSous la forme d&#39;un th&eacute;&acirc;tre: 82 personnes<\/div>\n<div>\n\t\t&nbsp;<\/div>\n<div>\n\t\tSi vous souhaitez louer un auditorium ou une salle de formation, contactez-nous!<\/div>\n<div>\n\t\tVenez voir nos salles sans engagement ou demandez plus d&#39;informations et un devis.<\/div>\n<\/div>\n<p>\n\t&nbsp;<\/p>\n","protected":false},"excerpt":{"rendered":"<div style=\"text-align: justify;\">\n\tCINC Barcelona Business Centre inaugure en f&eacute;vrier l&#39;espace Gaud&iacute;, suite &agrave; l&#39;extension et &agrave; la r&eacute;novation de l&#39;espace pour les salles d&#39;assemblage et de formation, situ&eacute; au premier &eacute;tage du b&acirc;timent.<\/div>\n","protected":false},"author":2,"featured_media":10216,"comment_status":"open","ping_status":"open","sticky":false,"template":"","format":"standard","meta":{"_acf_changed":false,"_uag_custom_page_level_css":"","_jetpack_memberships_contains_paid_content":false,"footnotes":""},"categories":[38],"tags":[],"class_list":["post-10215","post","type-post","status-publish","format-standard","has-post-thumbnail","hentry","category-centres-daffaires"],"acf":[],"jetpack_featured_media_url":"https:\/\/www.cinc.com\/wp-content\/uploads\/2023\/03\/112.jpg","uagb_featured_image_src":{"full":["https:\/\/www.cinc.com\/wp-content\/uploads\/2023\/03\/112.jpg",730,373,false],"thumbnail":["https:\/\/www.cinc.com\/wp-content\/uploads\/2023\/03\/112.jpg",150,77,false],"medium":["https:\/\/www.cinc.com\/wp-content\/uploads\/2023\/03\/112.jpg",300,153,false],"medium_large":["https:\/\/www.cinc.com\/wp-content\/uploads\/2023\/03\/112.jpg",730,373,false],"large":["https:\/\/www.cinc.com\/wp-content\/uploads\/2023\/03\/112.jpg",730,373,false],"1536x1536":["https:\/\/www.cinc.com\/wp-content\/uploads\/2023\/03\/112.jpg",730,373,false],"2048x2048":["https:\/\/www.cinc.com\/wp-content\/uploads\/2023\/03\/112.jpg",730,373,false],"gform-image-choice-sm":["https:\/\/www.cinc.com\/wp-content\/uploads\/2023\/03\/112.jpg",300,153,false],"gform-image-choice-md":["https:\/\/www.cinc.com\/wp-content\/uploads\/2023\/03\/112.jpg",400,204,false],"gform-image-choice-lg":["https:\/\/www.cinc.com\/wp-content\/uploads\/2023\/03\/112.jpg",600,307,false]},"uagb_author_info":{"display_name":"Utrans","author_link":"https:\/\/www.cinc.com\/fr\/author\/utrans\/"},"uagb_comment_info":0,"uagb_excerpt":"CINC Barcelona Business Centre inaugure en f&eacute;vrier l&#39;espace Gaud&iacute;, suite &agrave; l&#39;extension et &agrave; la r&eacute;novation de l&#39;espace pour les salles d&#39;assemblage et de formation, situ&eacute; au premier &eacute;tage du b&acirc;timent.","jetpack_sharing_enabled":true,"_links":{"self":[{"href":"https:\/\/www.cinc.com\/fr\/wp-json\/wp\/v2\/posts\/10215","targetHints":{"allow":["GET"]}}],"collection":[{"href":"https:\/\/www.cinc.com\/fr\/wp-json\/wp\/v2\/posts"}],"about":[{"href":"https:\/\/www.cinc.com\/fr\/wp-json\/wp\/v2\/types\/post"}],"author":[{"embeddable":true,"href":"https:\/\/www.cinc.com\/fr\/wp-json\/wp\/v2\/users\/2"}],"replies":[{"embeddable":true,"href":"https:\/\/www.cinc.com\/fr\/wp-json\/wp\/v2\/comments?post=10215"}],"version-history":[{"count":0,"href":"https:\/\/www.cinc.com\/fr\/wp-json\/wp\/v2\/posts\/10215\/revisions"}],"wp:featuredmedia":[{"embeddable":true,"href":"https:\/\/www.cinc.com\/fr\/wp-json\/wp\/v2\/media\/10216"}],"wp:attachment":[{"href":"https:\/\/www.cinc.com\/fr\/wp-json\/wp\/v2\/media?parent=10215"}],"wp:term":[{"taxonomy":"category","embeddable":true,"href":"https:\/\/www.cinc.com\/fr\/wp-json\/wp\/v2\/categories?post=10215"},{"taxonomy":"post_tag","embeddable":true,"href":"https:\/\/www.cinc.com\/fr\/wp-json\/wp\/v2\/tags?post=10215"}],"curies":[{"name":"wp","href":"https:\/\/api.w.org\/{rel}","templated":true}]}}