{"id":8497,"date":"2023-01-09T00:00:00","date_gmt":"2023-01-09T00:00:00","guid":{"rendered":"https:\/\/www.cinc.com\/nueva-normativa-de-cotizacion-para-autonomos-o-trabajadores-por-cuenta-propia-guia-practica\/"},"modified":"2023-01-09T00:00:00","modified_gmt":"2023-01-09T00:00:00","slug":"nueva-normativa-de-cotizacion-para-autonomos-o-trabajadores-por-cuenta-propia-guia-practica","status":"publish","type":"post","link":"https:\/\/www.cinc.com\/es\/nueva-normativa-de-cotizacion-para-autonomos-o-trabajadores-por-cuenta-propia-guia-practica\/","title":{"rendered":"Nueva normativa de cotizaci\u00f3n para aut\u00f3nomos o trabajadores por cuenta propia &#8211; Guia pr\u00e1ctica"},"content":{"rendered":"<div style=\"text-align: justify;\">\n<div>\n\t\tEl 1 de enero entr&oacute; en vigor la nueva normativa que modifica el sistema de cotizaci&oacute;n para los trabajadores por cuenta propia o aut&oacute;nomos.<\/div>\n<div>\n\t\t&nbsp;<\/div>\n<div>\n<div>\n\t\t\t&nbsp;<\/div>\n<div>\n\t\t\tDes de CINC podemos gestionar la adaptaci&oacute;n de los aut&oacute;nomos a la nueva normativa para que las bases de cotizaci&oacute;n modificadas a la Seguridad Social sean efectivas a partir del 1 de marzo de 2023, nos encargamos de:<\/div>\n<div>\n\t\t\t&nbsp;<\/div>\n<ul>\n<li>\n\t\t\t\tEl c&aacute;lculo de la base de cotizaci&oacute;n y cuota iniciales (hacer la previsi&oacute;n de rendimientos netos y escoger la base)<\/li>\n<li>\n\t\t\t\tLas 6 posibles revisiones si hay cambios entre los rendimientos netos previstos y los reales.&nbsp;<\/li>\n<\/ul>\n<div>\n\t\t\t&nbsp;<\/div>\n<div>\n\t\t\tQueremos recordar a continuaci&oacute;n las cuestiones m&aacute;s importantes de esta nueva ley de aut&oacute;nomos:<\/div>\n<div>\n\t\t\t&nbsp;<\/div>\n<\/p><\/div>\n<div>\n<h2 class=\"h2Noticia\" style=\"text-align: center;\">\n\t\t\t&iquest;Qu&eacute; tenemos que hacer para adaptar las bases de cotizaci&oacute;n a la nueva normativa?<\/h2>\n<hr \/><\/div>\n<div>\n\t\t&nbsp;<\/div>\n<ul>\n<li>\n\t\t\t<strong>Calcular una previsi&oacute;n de los rendimientos netos para el a&ntilde;o 2023<\/strong>. Al ser una estimaci&oacute;n, se prev&eacute; que pueda variar durante el a&ntilde;o, motivo por el se podr&aacute; modificar la cuota de aut&oacute;nomos hasta 6 ocasiones durante el a&ntilde;o.<\/li>\n<\/ul>\n<div>\n\t\t&nbsp;<\/div>\n<ul>\n<li>\n\t\t\t<strong>Confirmar cual ser&aacute; la nueva base de cotizaci&oacute;n:<\/strong> de acuerdo con la Tabla General de Cotizaciones aprobada y que encontrar&eacute;is a continuaci&oacute;n, se tendr&aacute; que identificar el tramo de referencia de acuerdo con la previsi&oacute;n mensual de rendimientos netos. Cada tramo prev&eacute; una base m&iacute;nima de cotizaci&oacute;n, con su correspondiente cuota a pagar, pero tambi&eacute;n fija una base m&aacute;xima hasta la que el trabajador aut&oacute;nomo puede optar. La elecci&oacute;n corresponde a cada interesado.<\/li>\n<\/ul>\n<div>\n\t\t&nbsp;<\/div>\n<div>\n\t\t* Esta tabla no incluye bonificaciones y otras situaciones que se tendr&aacute;n que considerar seg&uacute;n situaciones particulares.<\/div>\n<div>\n\t\t&nbsp;<\/div>\n<div>\n\t\t<img decoding=\"async\" alt=\"\" src=\"https:\/\/www.cinc.com\/pubDocs\/Tabla%20aut%c3%b3nomos.jpg\" style=\"max-width: 100%; height: 507px; width: 825px;\" \/><\/div>\n<div>\n\t\t&nbsp;<\/div>\n<div>\n\t\tC&oacute;mo se calcula la nueva cuota? Aplicando la tabla anterior y escogiendo el valor que m&aacute;s interese entre la cuota m&iacute;nima obligatoria y la cuota m&aacute;xima voluntaria del tramo.<\/div>\n<div>\n\t\t&nbsp;<\/div>\n<ul>\n<li>\n\t\t\t<strong>Comunicar a la Seguridad Social la nueva base de cotizaci&oacute;n:<\/strong> El plazo previsto para hacer esta comunicaci&oacute;n a la Seguridad Social finaliza el 28 de febrero de 2023 y se realizar&aacute; conforme a las instrucciones reglamentarias emitidas por la Seguridad Social.<\/li>\n<\/ul>\n<div>\n\t\t&nbsp;<\/div>\n<div>\n<h2 class=\"h2Noticia\" style=\"text-align: center;\">\n\t\t\t&iquest;Son definitivas estas cotizaciones?<\/h2>\n<hr \/><\/div>\n<div>\n\t\tSon cotizaciones provisionales. Durante el a&ntilde;o se prev&eacute;n 6 periodos en los que se podr&aacute; realizar una modificaci&oacute;n de las bases de cotizaci&oacute;n en funci&oacute;n de los rendimientos netos previstos.<\/div>\n<div>\n\t\t&nbsp;<\/div>\n<ul>\n<li>\n\t\t\tSi los rendimientos netos reales est&aacute;n por debajo de los previstos, la Seguridad Social abonar&aacute; de oficio las cantidades que se hayan cotizado en exceso por encima de la base m&aacute;xima del tramo. Pero el plazo para hacer esta devoluci&oacute;n se hasta el mes de abril del a&ntilde;o siguiente al que la Administraci&oacute;n Tributaria notifique, a la Seguridad Social, los rendimientos anuales declarados.Es decir que por las cotizaciones de 2023, el plazo de devoluci&oacute;n ser&aacute; hasta abril de 2025.Se podr&aacute; renunciar a esta devoluci&oacute;n y mantener las cotizaciones siempre que no se supere la base de cotizaci&oacute;n de diciembre de 2022.<\/li>\n<li>\n\t\t\tSi en cambio, se han superado los rendimientos netos previstos habr&aacute; que abonar la diferencia para regularizar la situaci&oacute;n durante el mes siguiente a la notificaci&oacute;n que haga la Seguridad Social reclamando esta diferencia.<\/li>\n<\/ul>\n<div>\n\t\t&nbsp;<\/div>\n<div>\n\t\tEn ninguno de los dos casos habr&aacute; posibilidad de reclamar intereses ni de sanci&oacute;n si se respetan los plazos anteriores.Es recomendable modificar la previsi&oacute;n para adecuarla la realidad cuando detectamos desviaciones para evitar cotizar en exceso o bien tener que pagar regularizaciones importantes. Esto, tal como hemos explicado, se puede hacer 6 veces el a&ntilde;o.<\/div>\n<div>\n\t\t&nbsp;<\/div>\n<div>\n<h2 class=\"h2Noticia\" style=\"text-align: center;\">\n\t\t\t&iquest;C&oacute;mo afecta la nueva normativa a la tarifa plana o a las personas que empiezan a trabajar como aut&oacute;nomos?<\/h2>\n<hr \/><\/div>\n<div>\n\t\t&nbsp;<\/div>\n<div>\n\t\tLa tarifa plana queda derogada pero todas las personas que est&eacute;n acogidas antes del 1 de enero de 2023 la podr&aacute;n continuar aplicando hasta agotar el periodo m&aacute;ximo establecido a la normativa anterior.<\/div>\n<div>\n\t\tSe crea una nueva cuota reducida de 80&euro; mensuales para nuevos aut&oacute;nomos o que no hayan sido de alta al RETA durante los &uacute;ltimos 2 a&ntilde;os. Su duraci&oacute;n ser&aacute; de 12 meses prorrogables a 24 si los ingresos netos su inferiores al salario m&iacute;nimo interprofesional.<\/div>\n<div>\n\t\t&nbsp;<\/div>\n<div>\n<h2 class=\"h2Noticia\" style=\"text-align: center;\">\n\t\t\t&iquest;C&oacute;mo afecta a las personas que estaban cotizando por un valor superior al que tendr&iacute;an que aplicar seg&uacute;n la nueva normativa?<\/h2>\n<hr \/><\/div>\n<div>\n\t\t&nbsp;<\/div>\n<div>\n\t\tSe puede continuar cotizando por un valor superior si ya se estaba haciendo hasta ahora, siempre que se renuncie a la devoluci&oacute;n en el momento que la Seguridad Social la comunique (una vez acabada el a&ntilde;o)<\/div>\n<div>\n\t\t&nbsp;<\/div>\n<div>\n\t\tPara cualquier consulta, no dudes en contactar con nuestro correo&nbsp;<span style=\"color: rgb(61, 61, 61); font-family: Roboto, sans-serif; font-size: 14px;\">&nbsp;<\/span><a href=\"mailto:laboral@cinc.es\" rel=\"noreferrer\" style=\"box-sizing: border-box; text-decoration-line: none; font-family: Roboto, sans-serif; font-size: 14px;\">laboral@cinc.es<\/a><\/div>\n<div>\n\t\t&nbsp;<\/div>\n<div>\n\t\tO llama a cualquier de nuestros centros:<\/div>\n<div>\n\t\t&nbsp;<\/div>\n<div>\n\t\t933 03 060 (Barcelona)<\/div>\n<div>\n\t\t972 505 100 (Figueres)<\/div>\n<div>\n\t\t972 940 940 (Girona)<\/div>\n<div>\n\t\t&nbsp;<\/div>\n<\/div>\n<p>\n\t&nbsp;<\/p>\n","protected":false},"excerpt":{"rendered":"<p style=\"text-align: justify;\">\n\tEl 1 de enero entr&oacute; en vigor la nueva normativa que modifica el sistema de cotizaci&oacute;n para los trabajadores por cuenta propia o aut&oacute;nomos.<\/p>\n","protected":false},"author":2,"featured_media":8498,"comment_status":"open","ping_status":"open","sticky":false,"template":"","format":"standard","meta":{"_acf_changed":false,"_uag_custom_page_level_css":"","_jetpack_memberships_contains_paid_content":false,"footnotes":""},"categories":[26,27],"tags":[],"class_list":["post-8497","post","type-post","status-publish","format-standard","has-post-thumbnail","hentry","category-asesoria","category-emprendimiento"],"acf":[],"jetpack_featured_media_url":"https:\/\/www.cinc.com\/wp-content\/uploads\/2023\/03\/1505.jpg","uagb_featured_image_src":{"full":["https:\/\/www.cinc.com\/wp-content\/uploads\/2023\/03\/1505.jpg",1113,361,false],"thumbnail":["https:\/\/www.cinc.com\/wp-content\/uploads\/2023\/03\/1505.jpg",150,49,false],"medium":["https:\/\/www.cinc.com\/wp-content\/uploads\/2023\/03\/1505.jpg",300,97,false],"medium_large":["https:\/\/www.cinc.com\/wp-content\/uploads\/2023\/03\/1505.jpg",768,249,false],"large":["https:\/\/www.cinc.com\/wp-content\/uploads\/2023\/03\/1505.jpg",960,311,false],"1536x1536":["https:\/\/www.cinc.com\/wp-content\/uploads\/2023\/03\/1505.jpg",1113,361,false],"2048x2048":["https:\/\/www.cinc.com\/wp-content\/uploads\/2023\/03\/1505.jpg",1113,361,false],"gform-image-choice-sm":["https:\/\/www.cinc.com\/wp-content\/uploads\/2023\/03\/1505.jpg",300,97,false],"gform-image-choice-md":["https:\/\/www.cinc.com\/wp-content\/uploads\/2023\/03\/1505.jpg",400,130,false],"gform-image-choice-lg":["https:\/\/www.cinc.com\/wp-content\/uploads\/2023\/03\/1505.jpg",600,195,false]},"uagb_author_info":{"display_name":"Utrans","author_link":"https:\/\/www.cinc.com\/es\/author\/utrans\/"},"uagb_comment_info":0,"uagb_excerpt":"El 1 de enero entr&oacute; en vigor la nueva normativa que modifica el sistema de cotizaci&oacute;n para los trabajadores por cuenta propia o aut&oacute;nomos.","jetpack_sharing_enabled":true,"_links":{"self":[{"href":"https:\/\/www.cinc.com\/es\/wp-json\/wp\/v2\/posts\/8497","targetHints":{"allow":["GET"]}}],"collection":[{"href":"https:\/\/www.cinc.com\/es\/wp-json\/wp\/v2\/posts"}],"about":[{"href":"https:\/\/www.cinc.com\/es\/wp-json\/wp\/v2\/types\/post"}],"author":[{"embeddable":true,"href":"https:\/\/www.cinc.com\/es\/wp-json\/wp\/v2\/users\/2"}],"replies":[{"embeddable":true,"href":"https:\/\/www.cinc.com\/es\/wp-json\/wp\/v2\/comments?post=8497"}],"version-history":[{"count":0,"href":"https:\/\/www.cinc.com\/es\/wp-json\/wp\/v2\/posts\/8497\/revisions"}],"wp:featuredmedia":[{"embeddable":true,"href":"https:\/\/www.cinc.com\/es\/wp-json\/wp\/v2\/media\/8498"}],"wp:attachment":[{"href":"https:\/\/www.cinc.com\/es\/wp-json\/wp\/v2\/media?parent=8497"}],"wp:term":[{"taxonomy":"category","embeddable":true,"href":"https:\/\/www.cinc.com\/es\/wp-json\/wp\/v2\/categories?post=8497"},{"taxonomy":"post_tag","embeddable":true,"href":"https:\/\/www.cinc.com\/es\/wp-json\/wp\/v2\/tags?post=8497"}],"curies":[{"name":"wp","href":"https:\/\/api.w.org\/{rel}","templated":true}]}}