{"id":8496,"date":"2023-01-09T00:00:00","date_gmt":"2023-01-09T00:00:00","guid":{"rendered":"https:\/\/www.cinc.com\/prorroga-por-la-disolucion-de-perdidas-causadas-por-la-crisis-sanitaria-del-covid-19\/"},"modified":"2023-01-09T00:00:00","modified_gmt":"2023-01-09T00:00:00","slug":"prorroga-por-la-disolucion-de-perdidas-causadas-por-la-crisis-sanitaria-del-covid-19","status":"publish","type":"post","link":"https:\/\/www.cinc.com\/es\/prorroga-por-la-disolucion-de-perdidas-causadas-por-la-crisis-sanitaria-del-covid-19\/","title":{"rendered":"Pr\u00f3rroga por la disoluci\u00f3n de p\u00e9rdidas causadas por la crisis sanitaria del COVID-19"},"content":{"rendered":"<div style=\"text-align: justify;\">\n<div>\n\t\tDespu&eacute;s del estallido de la guerra en Ucrania, el Gobierno espa&ntilde;ol ha ido aprobando distintas medidas en respuesta a las consecuencias econ&oacute;micas y sociales que ha provocado esta guerra, juntamente con la reconstrucci&oacute;n de la isla de la Palma y otras situaciones de vulnerabilidad.<\/div>\n<div>\n\t\t&nbsp;<\/div>\n<div>\n\t\tDurante la crisis sanitaria de 2020 y el impacto de esta crisis en el 2021, se aplic&oacute; la medida de disoluci&oacute;n por p&eacute;rdidas. Esta medida se ha prolongado como medida excepcional hasta el cierre contable del 2024 a causa de la agravaci&oacute;n de la crisis energ&eacute;tica y la guerra de Ucrania. Esta prolongaci&oacute;n tiene como finalidad ayudar a las peque&ntilde;as y medianas empresas, que se han visto m&aacute;s afectadas por estos eventos econ&oacute;micos y sociales, a seguir con su actividad.<\/div>\n<div>\n\t\t&nbsp;<\/div>\n<div style=\"text-align: center;\">\n<h2 class='h2Noticia'>En que consiste esta medida<\/h2>\n<hr\/>\n<\/div>\n<div style=\"text-align: center;\">\n\t\t&nbsp;<\/div>\n<div>\n\t\tComo ya se hab&iacute;a anunciado, el art&iacute;culo 13 de la ley 13\/2020 del 18 de septiembre, con su correspondiente pr&oacute;rroga, establece que todas aquellas p&eacute;rdidas de los ejercicios contables de 2020 y 2021, no se tendr&aacute;n en cuenta durante el periodo de 3 ejercicios, es decir, ni en el de 2022, 2023 ni hasta el cierre del ejercicio de 2024.<\/div>\n<div>\n\t\t&nbsp;<\/div>\n<div>\n\t\tPara aquellas empresas que despu&eacute;s de los resultados de 2022, 2023 y 2024, sin contar el 2020 y el 2021, tengan p&eacute;rdidas que reduzcan el patrimonio neto a la mitad del capital social, podr&aacute;n disolver su empresa con la cl&aacute;usula legal de p&eacute;rdidas.&nbsp;<\/div>\n<div>\n\t\tUna vez se declaren las intenciones de disoluci&oacute;n, se tendr&aacute; que seguir el procedimiento habitual, establecido en el art&iacute;culo 363.1.e) del texto Refundido de la Ley de Sociedades Capitales dentro del Real decreto legislativo 1\/2020 del 2 de julio:<\/div>\n<ol>\n<li>\n\t\t\tQue se convoquen los administradores de la sociedad o que uno de los socios lo solicite antes de los dos meses siguientes al &uacute;ltimo cierre contable, en este caso, el del 2024 (seg&uacute;n el art&iacute;culo 365 de esta misma ley).<\/li>\n<li>\n\t\t\tLa celebraci&oacute;n de una Junta por la disoluci&oacute;n de la sociedad, siempre que no se argumente o se reduzca el capital suficiente necesario.<\/li>\n<\/ol>\n<div>\n\t\tPara cualquier duda o para m&aacute;s informaci&oacute;n, puedes ponerte en contacto con nuestro departamento Jur&iacute;dico y Contable llamando a:<\/div>\n<div>\n\t\t&nbsp;<\/div>\n<div>\n\t\t933 030 060 (Barcelona)<\/div>\n<div>\n\t\t972 505 100 (Figueres)<\/div>\n<div>\n\t\t972 940 940 (Girona)<\/div>\n<div>\n\t\t&nbsp;<\/div>\n<\/div>\n<p>\n\t&nbsp;<\/p>\n","protected":false},"excerpt":{"rendered":"<div style=\"text-align: justify;\">\n\tDespu&eacute;s del estallido de la guerra en Ucrania, el Gobierno espa&ntilde;ol ha ido aprobando distintas medidas en respuesta a las consecuencias econ&oacute;micas y sociales que ha provocado esta guerra, juntamente con la reconstrucci&oacute;n de la isla de la Palma y otras situaciones de vulnerabilidad.<\/div>\n<div style=\"text-align: justify;\">\n\t&nbsp;<\/div>\n","protected":false},"author":2,"featured_media":0,"comment_status":"open","ping_status":"open","sticky":false,"template":"","format":"standard","meta":{"_acf_changed":false,"_uag_custom_page_level_css":"","_jetpack_memberships_contains_paid_content":false,"footnotes":""},"categories":[26],"tags":[],"class_list":["post-8496","post","type-post","status-publish","format-standard","hentry","category-asesoria"],"acf":[],"jetpack_featured_media_url":"","uagb_featured_image_src":{"full":false,"thumbnail":false,"medium":false,"medium_large":false,"large":false,"1536x1536":false,"2048x2048":false,"gform-image-choice-sm":false,"gform-image-choice-md":false,"gform-image-choice-lg":false},"uagb_author_info":{"display_name":"Utrans","author_link":"https:\/\/www.cinc.com\/es\/author\/utrans\/"},"uagb_comment_info":0,"uagb_excerpt":"Despu&eacute;s del estallido de la guerra en Ucrania, el Gobierno espa&ntilde;ol ha ido aprobando distintas medidas en respuesta a las consecuencias econ&oacute;micas y sociales que ha provocado esta guerra, juntamente con la reconstrucci&oacute;n de la isla de la Palma y otras situaciones de vulnerabilidad. &nbsp;","jetpack_sharing_enabled":true,"_links":{"self":[{"href":"https:\/\/www.cinc.com\/es\/wp-json\/wp\/v2\/posts\/8496","targetHints":{"allow":["GET"]}}],"collection":[{"href":"https:\/\/www.cinc.com\/es\/wp-json\/wp\/v2\/posts"}],"about":[{"href":"https:\/\/www.cinc.com\/es\/wp-json\/wp\/v2\/types\/post"}],"author":[{"embeddable":true,"href":"https:\/\/www.cinc.com\/es\/wp-json\/wp\/v2\/users\/2"}],"replies":[{"embeddable":true,"href":"https:\/\/www.cinc.com\/es\/wp-json\/wp\/v2\/comments?post=8496"}],"version-history":[{"count":0,"href":"https:\/\/www.cinc.com\/es\/wp-json\/wp\/v2\/posts\/8496\/revisions"}],"wp:attachment":[{"href":"https:\/\/www.cinc.com\/es\/wp-json\/wp\/v2\/media?parent=8496"}],"wp:term":[{"taxonomy":"category","embeddable":true,"href":"https:\/\/www.cinc.com\/es\/wp-json\/wp\/v2\/categories?post=8496"},{"taxonomy":"post_tag","embeddable":true,"href":"https:\/\/www.cinc.com\/es\/wp-json\/wp\/v2\/tags?post=8496"}],"curies":[{"name":"wp","href":"https:\/\/api.w.org\/{rel}","templated":true}]}}