{"id":8255,"date":"2022-08-09T00:00:00","date_gmt":"2022-08-09T00:00:00","guid":{"rendered":"https:\/\/www.cinc.com\/convocatoria-kit-digital-para-el-segmento-2-de-3-a-9-trabajadores\/"},"modified":"2024-08-20T11:55:49","modified_gmt":"2024-08-20T10:55:49","slug":"convocatoria-kit-digital-para-el-segmento-2-de-3-a-9-trabajadores","status":"publish","type":"post","link":"https:\/\/www.cinc.com\/es\/convocatoria-kit-digital-para-el-segmento-2-de-3-a-9-trabajadores\/","title":{"rendered":"Convocatoria Kit Digital para el segmento 2 (de 3 a 9 trabajadores)"},"content":{"rendered":"<p style=\"text-align: justify;\">El 2 de agosto se ha publicado en el BOE la convocatoria para solicitar las ayudas de Kit Digital en el segmento 2 (de 3 a 9 trabajadores). <strong>La fecha de apertura ser\u00e1 el 2 de septiembre y la convocatoria estar\u00e1 abierta durante un a\u00f1o.<\/strong><\/p>\n<p style=\"text-align: justify;\">Estas subvenciones tienen como finalidad contribuir a la digitalizaci\u00f3n de las empresas.<\/p>\n<div style=\"text-align: justify;\">El programa tiene una dotaci\u00f3n de 3.067 millones de euros, provenientes de los fondos Next Generation, y est\u00e1 previsto que se otorguen a un mill\u00f3n de pymes y que contraten servicios digitales existentes en el mercado.<\/div>\n<div style=\"text-align: justify;\"><\/div>\n<div>\n<h2 class=\"h2Noticia\" style=\"text-align: center;\">\u00bfQui\u00e9n se puede beneficiar del programa?<\/h2>\n<hr \/>\n<\/div>\n<div style=\"text-align: justify;\">Tal como record\u00e1bamos en una\u00a0<a href=\"https:\/\/www.cinc.com\/es\/noticia\/-eres-autonomo-o-pyme--pide-ya-la-subvencion-para-el-programa-kit-digital\" target=\"_blank\" rel=\"noopener\">comunicaci\u00f3n anterior<\/a>, estas ayudas est\u00e1n divididas en tres tramos, seg\u00fan la medida de la empresa:<\/div>\n<ul>\n<li style=\"text-align: justify;\">Segmento I: empresas de 10 a 49 trabajadores, con un importe m\u00e1ximo por empresa de 12.000 euros.<\/li>\n<li style=\"text-align: justify;\">Segmento II: empresas de 3 a 9 trabajadores, con un importe m\u00e1ximo por empresa de 6.000 euros.<\/li>\n<li style=\"text-align: justify;\">Segmento III: empresas peque\u00f1as y aut\u00f3nomos de 1 a 2 empleados, con un importe m\u00e1ximo de 2.000 euros.<\/li>\n<\/ul>\n<div>\n<h2 class=\"h2Noticia\" style=\"text-align: center;\">\u00bfQu\u00e9 tipo de subvenciones se pueden pedir?<\/h2>\n<hr \/>\n<\/div>\n<div style=\"text-align: justify;\">Existen diferentes modalidades de ayudas seg\u00fan el servicio que necesite la empresa:<\/div>\n<ul>\n<li style=\"text-align: justify;\">P\u00e1gina web y presencia en Internet. Importe m\u00e1ximo: 2.000 \u20ac.<\/li>\n<li style=\"text-align: justify;\">Comercio electr\u00f3nico. Importe m\u00e1ximo: 2.000 \u20ac.<\/li>\n<li style=\"text-align: justify;\">Gesti\u00f3n de redes sociales: Importe m\u00e1ximo: 2.500 \u20ac.<\/li>\n<li style=\"text-align: justify;\">Gesti\u00f3n de clientes y\/o proveedores. Importe m\u00e1ximo: 4.000 \u20ac.<\/li>\n<li style=\"text-align: justify;\">Inteligencia empresarial y anal\u00edtica. Importe m\u00e1ximo: 4.000 \u20ac.<\/li>\n<li style=\"text-align: justify;\">Servicios y herramientas de oficinas virtuales. importe m\u00e1ximo: 250 \u20ac\/usuario.<\/li>\n<li style=\"text-align: justify;\">Gesti\u00f3n de procesos. Importe m\u00e1ximo: 6.000 \u20ac.<\/li>\n<li style=\"text-align: justify;\">Factura electr\u00f3nica. Importe m\u00e1ximo: 1.000 \u20ac.<\/li>\n<li style=\"text-align: justify;\">Comunicaciones seguras. Importe m\u00e1ximo: 6.000 \u20ac.<\/li>\n<li style=\"text-align: justify;\">Ciberseguridad en l\u00ednea. Importe m\u00e1ximo: 6.000 \u20ac.<\/li>\n<\/ul>\n<div>\n<h2 class=\"h2Noticia\" style=\"text-align: center;\">\u00bfA\u00fan no tienes tu Kit Digital? P\u00eddelo ahora<\/h2>\n<hr \/>\n<\/div>\n<div style=\"text-align: justify;\">En CINC te acompa\u00f1amos y te facilitamos todo el proceso para conseguir tu Kit Digital. Si quieres que nos encarguemos de la tramitaci\u00f3n de las ayudas, accede al formulario de solicitud:<\/div>\n<div style=\"text-align: center;\"><\/div>\n<div style=\"text-align: center;\"><a class=\"button botoTextBlanc btn-primary btn-round\" href=\"https:\/\/www.cinc.com\/es\/contacto\/\">Quiero solicitar mi ayuda Kit Digital<\/a><\/div>\n<div style=\"text-align: center;\"><\/div>\n","protected":false},"excerpt":{"rendered":"<p style=\"text-align: justify;\">\n\tEl 2 de agosto se ha publicado en el BOE la convocatoria para solicitar las ayudas de Kit Digital en el segmento 2 (de 3 a 9 trabajadores). La fecha de apertura ser&aacute; el 2 de septiembre y la convocatoria estar&aacute; abierta durante un a&ntilde;o.&nbsp;<\/p>\n","protected":false},"author":2,"featured_media":8256,"comment_status":"open","ping_status":"open","sticky":false,"template":"","format":"standard","meta":{"_acf_changed":false,"_uag_custom_page_level_css":"","_jetpack_memberships_contains_paid_content":false,"footnotes":""},"categories":[26],"tags":[],"class_list":["post-8255","post","type-post","status-publish","format-standard","has-post-thumbnail","hentry","category-asesoria"],"acf":[],"jetpack_featured_media_url":"https:\/\/www.cinc.com\/wp-content\/uploads\/2023\/03\/1452.jpg","uagb_featured_image_src":{"full":["https:\/\/www.cinc.com\/wp-content\/uploads\/2023\/03\/1452.jpg",1113,361,false],"thumbnail":["https:\/\/www.cinc.com\/wp-content\/uploads\/2023\/03\/1452.jpg",150,49,false],"medium":["https:\/\/www.cinc.com\/wp-content\/uploads\/2023\/03\/1452.jpg",300,97,false],"medium_large":["https:\/\/www.cinc.com\/wp-content\/uploads\/2023\/03\/1452.jpg",768,249,false],"large":["https:\/\/www.cinc.com\/wp-content\/uploads\/2023\/03\/1452.jpg",960,311,false],"1536x1536":["https:\/\/www.cinc.com\/wp-content\/uploads\/2023\/03\/1452.jpg",1113,361,false],"2048x2048":["https:\/\/www.cinc.com\/wp-content\/uploads\/2023\/03\/1452.jpg",1113,361,false],"gform-image-choice-sm":["https:\/\/www.cinc.com\/wp-content\/uploads\/2023\/03\/1452.jpg",300,97,false],"gform-image-choice-md":["https:\/\/www.cinc.com\/wp-content\/uploads\/2023\/03\/1452.jpg",400,130,false],"gform-image-choice-lg":["https:\/\/www.cinc.com\/wp-content\/uploads\/2023\/03\/1452.jpg",600,195,false]},"uagb_author_info":{"display_name":"Utrans","author_link":"https:\/\/www.cinc.com\/es\/author\/utrans\/"},"uagb_comment_info":0,"uagb_excerpt":"El 2 de agosto se ha publicado en el BOE la convocatoria para solicitar las ayudas de Kit Digital en el segmento 2 (de 3 a 9 trabajadores). La fecha de apertura ser&aacute; el 2 de septiembre y la convocatoria estar&aacute; abierta durante un a&ntilde;o.&nbsp;","jetpack_sharing_enabled":true,"_links":{"self":[{"href":"https:\/\/www.cinc.com\/es\/wp-json\/wp\/v2\/posts\/8255","targetHints":{"allow":["GET"]}}],"collection":[{"href":"https:\/\/www.cinc.com\/es\/wp-json\/wp\/v2\/posts"}],"about":[{"href":"https:\/\/www.cinc.com\/es\/wp-json\/wp\/v2\/types\/post"}],"author":[{"embeddable":true,"href":"https:\/\/www.cinc.com\/es\/wp-json\/wp\/v2\/users\/2"}],"replies":[{"embeddable":true,"href":"https:\/\/www.cinc.com\/es\/wp-json\/wp\/v2\/comments?post=8255"}],"version-history":[{"count":1,"href":"https:\/\/www.cinc.com\/es\/wp-json\/wp\/v2\/posts\/8255\/revisions"}],"predecessor-version":[{"id":26577,"href":"https:\/\/www.cinc.com\/es\/wp-json\/wp\/v2\/posts\/8255\/revisions\/26577"}],"wp:featuredmedia":[{"embeddable":true,"href":"https:\/\/www.cinc.com\/es\/wp-json\/wp\/v2\/media\/8256"}],"wp:attachment":[{"href":"https:\/\/www.cinc.com\/es\/wp-json\/wp\/v2\/media?parent=8255"}],"wp:term":[{"taxonomy":"category","embeddable":true,"href":"https:\/\/www.cinc.com\/es\/wp-json\/wp\/v2\/categories?post=8255"},{"taxonomy":"post_tag","embeddable":true,"href":"https:\/\/www.cinc.com\/es\/wp-json\/wp\/v2\/tags?post=8255"}],"curies":[{"name":"wp","href":"https:\/\/api.w.org\/{rel}","templated":true}]}}