{"id":8240,"date":"2022-07-28T00:00:00","date_gmt":"2022-07-28T00:00:00","guid":{"rendered":"https:\/\/www.cinc.com\/nueva-reforma-del-reglamento-de-extranjeria-te-explicamos-las-principales-novedades\/"},"modified":"2024-11-25T10:31:59","modified_gmt":"2024-11-25T09:31:59","slug":"nueva-reforma-del-reglamento-de-extranjeria-te-explicamos-las-principales-novedades","status":"publish","type":"post","link":"https:\/\/www.cinc.com\/es\/nueva-reforma-del-reglamento-de-extranjeria-te-explicamos-las-principales-novedades\/","title":{"rendered":"Nueva reforma del reglamento de extranjer\u00eda: te explicamos las principales novedades"},"content":{"rendered":"<ul>\n<li style=\"text-align: justify;\"><strong>Te aconsejamos leer<\/strong>: Nueva <a href=\"https:\/\/www.cinc.com\/es\/reforma-del-reglamento-de-extranjeria-novedades-clave-para-migrantes-y-empresas\/\"><strong>reforma del Reglamento de Extranjer\u00eda<\/strong><\/a> de noviembre de 2024.<\/li>\n<\/ul>\n<p style=\"text-align: justify;\">El Consejo de Ministros ha aprobado un Real Decreto que reforma el reglamento de la Ley de Extranjer\u00eda con el objetivo de mejorar el modelo migratorio espa\u00f1ol. De esta manera, se pretende favorecer la incorporaci\u00f3n al mercado laboral de las personas que se encuentran en Espa\u00f1a, reforzar las v\u00edas de migraci\u00f3n regular y mejorar el sistema de gesti\u00f3n, abordando las inconsistencias del modelo actual frente al resto de pa\u00edses de la Uni\u00f3n Europea.<\/p>\n<p style=\"text-align: justify;\">En definitiva, se busca facilitar la incorporaci\u00f3n al mercado laboral de las personas que ya se encuentran en Espa\u00f1a y cumplen determinadas condiciones:<\/p>\n<ul>\n<li style=\"text-align: justify;\">Facilitar la permanencia de los estudiantes y su posibilidad de trabajar.<\/li>\n<li style=\"text-align: justify;\">Racionalizar y actualizar las figuras de arraigo y de su reagrupaci\u00f3n familiar.<\/li>\n<li style=\"text-align: justify;\">Nueva figura de arraigo por formaci\u00f3n.<\/li>\n<\/ul>\n<p style=\"text-align: justify;\">Por otro lado, tambi\u00e9n se pretende reforzar las v\u00edas de migraci\u00f3n laboral regular:<\/p>\n<ul>\n<li style=\"text-align: justify;\">Aligerar los requisitos para aut\u00f3nomos, incorporando la posibilidad del autoempleo.<\/li>\n<li style=\"text-align: justify;\">Articular v\u00edas flexibles para la contrataci\u00f3n de trabajadores que se encuentran en el extranjero.<\/li>\n<li style=\"text-align: justify;\">Crear un nuevo modelo de migraci\u00f3n circular plurianual que otorgue estabilidad a empresas y trabajadores.<\/li>\n<\/ul>\n<p style=\"text-align: justify;\">\n<h2 class=\"h2Noticia\" style=\"text-align: justify;\">\u00bfQu\u00e9 modificaciones importantes incluye este nuevo reglamento?<\/h2>\n<hr \/>\n<ul>\n<li style=\"text-align: justify;\">Entre los principales cambios, se incluyen los siguientes:Una racionalizaci\u00f3n de los requisitos que se exigen a los trabajadores aut\u00f3nomos procedentes de terceros pa\u00edses.<\/li>\n<li style=\"text-align: justify;\">Una mejora de los tr\u00e1mites de contrataci\u00f3n en origen a trav\u00e9s del Cat\u00e1logo de Ocupaciones de Dif\u00edcil Cobertura de aquellas ocupaciones pertenecientes a los sectores econ\u00f3micos que se determinen por acuerdo de la Comisi\u00f3n Delegada de Asuntos Econ\u00f3micos.<\/li>\n<li style=\"text-align: justify;\">La normativa tambi\u00e9n mejora el modelo de migraci\u00f3n circular, dotando de mayor estabilidad a trabajadores y empresas y reduciendo las cargas administrativas.<\/li>\n<li style=\"text-align: justify;\">Adem\u00e1s, tambi\u00e9n se incorporan mejoras en la gesti\u00f3n administrativa mediante la reducci\u00f3n de cargas y la creaci\u00f3n de la Unidad de Tramitaci\u00f3n de Expedientes de Extranjer\u00eda (UTEX), de forma que se agilicen los tr\u00e1mites.<\/li>\n<\/ul>\n<p style=\"text-align: justify;\">Atracci\u00f3n de talento joven internacional facilitando su incorporaci\u00f3n al mercado de trabajo<\/p>\n<ul>\n<li style=\"text-align: justify;\">Con la reforma, se permite que los estudiantes compaginen trabajo y formaci\u00f3n, siempre que puedan compatibilizarse con los estudios realizados y no superen las treinta horas semanales.<\/li>\n<li style=\"text-align: justify;\">En el caso de la educaci\u00f3n superior y formaci\u00f3n para el empleo, la autorizaci\u00f3n de trabajo es autom\u00e1tica y no necesita tr\u00e1mites adicionales.<\/li>\n<li style=\"text-align: justify;\">Se eliminan las restricciones a la incorporaci\u00f3n de los estudiantes al mercado laboral tras finalizar los estudios.<\/li>\n<\/ul>\n<p style=\"text-align: justify;\">\n<h2 class=\"h2Noticia\" style=\"text-align: justify;\">Se adaptan las figuras de arraigo que ir\u00e1n perdiendo relevancia a favor de la migraci\u00f3n en origen<\/h2>\n<hr \/>\n<p style=\"text-align: justify;\"><strong>Arraigo laboral:<\/strong><\/p>\n<ul>\n<li style=\"text-align: justify;\">Se limita la figura del arraigo laboral preexistente para personas que se encuentran en situaci\u00f3n irregular, pero que han realizado una actividad laboral en situaci\u00f3n regular en los dos \u00faltimos a\u00f1os.<\/li>\n<li style=\"text-align: justify;\">Se crea una nueva modalidad de autorizaci\u00f3n de colaboraci\u00f3n con la autoridad laboral que fomenta la figura del confidente y lucha contra la econom\u00eda sumergida: no exige tiempo de permanencia previa, solo acreditar 6 meses de trabajo irregular, y favorece la denuncia de terceros.<\/li>\n<\/ul>\n<p style=\"text-align: justify;\"><strong>Arraigo social:<\/strong><\/p>\n<ul>\n<li style=\"text-align: justify;\">El contrato que se debe presentar ya no se valora por su duraci\u00f3n (con la reforma laboral se presume indefinido) sino por su adecuaci\u00f3n al SMI.<\/li>\n<li style=\"text-align: justify;\">El contrato podr\u00e1 ser inferior de m\u00ednimo 20 horas en los casos que se acredite menores a cargo, y se flexibiliza la posibilidad de presentar varios contratos.<\/li>\n<\/ul>\n<p style=\"text-align: justify;\"><strong>Arraigo y reagrupaci\u00f3n familiar:<\/strong><\/p>\n<ul>\n<li style=\"text-align: justify;\">Se crea un r\u00e9gimen propio del familiar del ciudadano espa\u00f1ol, que desea mantener en Espa\u00f1a su unidad familiar.<\/li>\n<li style=\"text-align: justify;\">Se flexibilizan los requisitos de reagrupaci\u00f3n familiar cuando afectan a menores extranjeros, o a personas con discapacidad o en situaciones de vulnerabilidad.<\/li>\n<li style=\"text-align: justify;\">Se atiende a las circunstancias espec\u00edficas de personas con discapacidad.<\/li>\n<\/ul>\n<p style=\"text-align: justify;\">La reforma tambi\u00e9n reduce la irregularidad sobrevenida de personas que se encontraban trabajando y en situaci\u00f3n irregular, al flexibilizar las renovaciones y aumentar su duraci\u00f3n.<\/p>\n<p style=\"text-align: justify;\">\n<h2 class=\"h2Noticia\" style=\"text-align: justify;\">Se introduce una nueva figura de arraigo por formaci\u00f3n<\/h2>\n<hr \/>\n<p style=\"text-align: justify;\">Se crea una nueva figura de arraigo que concede una autorizaci\u00f3n de residencia por un periodo de 12 meses, a los extranjeros que han permanecido en Espa\u00f1a de forma continuada durante un periodo m\u00ednimo de dos a\u00f1os.<\/p>\n<ul>\n<li style=\"text-align: justify;\">Deben comprometerse a realizar una formaci\u00f3n reglada para el empleo.<\/li>\n<li style=\"text-align: justify;\">Puede ser prorrogada una \u00fanica vez por otro periodo de doce meses.<\/li>\n<li style=\"text-align: justify;\">El contrato, como en el caso del arraigo social, se adapta con el proyecto a la reforma laboral.<\/li>\n<\/ul>\n<p style=\"text-align: justify;\">\n<h2 class=\"h2Noticia\" style=\"text-align: justify;\">Reformas para facilitar la entrada de aut\u00f3nomos y la cobertura de vacantes<\/h2>\n<hr \/>\n<ul>\n<li style=\"text-align: justify;\">Se simplifican los requerimientos para los trabajadores aut\u00f3nomos y se fomenta el autoempleo.<\/li>\n<li style=\"text-align: justify;\">Se simplifican los requerimientos para justificar los elementos econ\u00f3micos del proyecto migratorio, en lugar de pedir complejos planes de inversi\u00f3n.<\/li>\n<li style=\"text-align: justify;\">Se incluye el autoempleo en la acreditaci\u00f3n de que se est\u00e1 creando empleo.<\/li>\n<li style=\"text-align: justify;\">Se une en una sola acreditaci\u00f3n la posibilidad de trabajar por cuenta ajena y propia.<\/li>\n<\/ul>\n<p style=\"text-align: justify;\">Y adem\u00e1s:<\/p>\n<ul>\n<li style=\"text-align: justify;\">Se facilita la cobertura \u00e1gil de las vacantes de dif\u00edcil cobertura en l\u00ednea con la pr\u00e1ctica com\u00fan en Europa.<\/li>\n<li style=\"text-align: justify;\">Se da mayor estabilidad a los trabajadores del modelo de migraci\u00f3n circular plurianual adaptado a l reforma laboral.<\/li>\n<li style=\"text-align: justify;\">Cambio en el modelo de la gesti\u00f3n de la extranjer\u00eda y reducci\u00f3n de cargas administrativas.<\/li>\n<\/ul>\n<p style=\"text-align: justify;\"><em>Para cualquier duda, puedes ponerte en contacto con el <a href=\"https:\/\/www.cinc.com\/es\/assessoria\/estrangeria\" target=\"_blank\" rel=\"noopener\">Departamento de Estranger\u00eda <\/a>de CINC Asesor\u00eda.<\/em><\/p>\n","protected":false},"excerpt":{"rendered":"<p style=\"text-align: justify;\">\n\tEl Consejo de Ministros ha aprobado un Real Decreto que reforma el reglamento de la Ley de Extranjer&iacute;a con el objetivo de mejorar el modelo migratorio espa&ntilde;ol. De esta manera, se pretende favorecer la incorporaci&oacute;n al mercado laboral de las personas que se encuentran en Espa&ntilde;a, reforzar las v&iacute;as de migraci&oacute;n regular y mejorar el sistema de gesti&oacute;n, abordando las inconsistencias del modelo actual frente al resto de pa&iacute;ses de la Uni&oacute;n Europea.<\/p>\n","protected":false},"author":2,"featured_media":8241,"comment_status":"open","ping_status":"open","sticky":false,"template":"","format":"standard","meta":{"_acf_changed":false,"_uag_custom_page_level_css":"","_jetpack_memberships_contains_paid_content":false,"footnotes":""},"categories":[26],"tags":[],"class_list":["post-8240","post","type-post","status-publish","format-standard","has-post-thumbnail","hentry","category-asesoria"],"acf":[],"jetpack_featured_media_url":"https:\/\/www.cinc.com\/wp-content\/uploads\/2023\/03\/1448.jpg","uagb_featured_image_src":{"full":["https:\/\/www.cinc.com\/wp-content\/uploads\/2023\/03\/1448.jpg",1113,361,false],"thumbnail":["https:\/\/www.cinc.com\/wp-content\/uploads\/2023\/03\/1448.jpg",150,49,false],"medium":["https:\/\/www.cinc.com\/wp-content\/uploads\/2023\/03\/1448.jpg",300,97,false],"medium_large":["https:\/\/www.cinc.com\/wp-content\/uploads\/2023\/03\/1448.jpg",768,249,false],"large":["https:\/\/www.cinc.com\/wp-content\/uploads\/2023\/03\/1448.jpg",960,311,false],"1536x1536":["https:\/\/www.cinc.com\/wp-content\/uploads\/2023\/03\/1448.jpg",1113,361,false],"2048x2048":["https:\/\/www.cinc.com\/wp-content\/uploads\/2023\/03\/1448.jpg",1113,361,false],"gform-image-choice-sm":["https:\/\/www.cinc.com\/wp-content\/uploads\/2023\/03\/1448.jpg",300,97,false],"gform-image-choice-md":["https:\/\/www.cinc.com\/wp-content\/uploads\/2023\/03\/1448.jpg",400,130,false],"gform-image-choice-lg":["https:\/\/www.cinc.com\/wp-content\/uploads\/2023\/03\/1448.jpg",600,195,false]},"uagb_author_info":{"display_name":"Utrans","author_link":"https:\/\/www.cinc.com\/es\/author\/utrans\/"},"uagb_comment_info":0,"uagb_excerpt":"El Consejo de Ministros ha aprobado un Real Decreto que reforma el reglamento de la Ley de Extranjer&iacute;a con el objetivo de mejorar el modelo migratorio espa&ntilde;ol. De esta manera, se pretende favorecer la incorporaci&oacute;n al mercado laboral de las personas que se encuentran en Espa&ntilde;a, reforzar las v&iacute;as de migraci&oacute;n regular y mejorar el&hellip;","jetpack_sharing_enabled":true,"_links":{"self":[{"href":"https:\/\/www.cinc.com\/es\/wp-json\/wp\/v2\/posts\/8240","targetHints":{"allow":["GET"]}}],"collection":[{"href":"https:\/\/www.cinc.com\/es\/wp-json\/wp\/v2\/posts"}],"about":[{"href":"https:\/\/www.cinc.com\/es\/wp-json\/wp\/v2\/types\/post"}],"author":[{"embeddable":true,"href":"https:\/\/www.cinc.com\/es\/wp-json\/wp\/v2\/users\/2"}],"replies":[{"embeddable":true,"href":"https:\/\/www.cinc.com\/es\/wp-json\/wp\/v2\/comments?post=8240"}],"version-history":[{"count":1,"href":"https:\/\/www.cinc.com\/es\/wp-json\/wp\/v2\/posts\/8240\/revisions"}],"predecessor-version":[{"id":27928,"href":"https:\/\/www.cinc.com\/es\/wp-json\/wp\/v2\/posts\/8240\/revisions\/27928"}],"wp:featuredmedia":[{"embeddable":true,"href":"https:\/\/www.cinc.com\/es\/wp-json\/wp\/v2\/media\/8241"}],"wp:attachment":[{"href":"https:\/\/www.cinc.com\/es\/wp-json\/wp\/v2\/media?parent=8240"}],"wp:term":[{"taxonomy":"category","embeddable":true,"href":"https:\/\/www.cinc.com\/es\/wp-json\/wp\/v2\/categories?post=8240"},{"taxonomy":"post_tag","embeddable":true,"href":"https:\/\/www.cinc.com\/es\/wp-json\/wp\/v2\/tags?post=8240"}],"curies":[{"name":"wp","href":"https:\/\/api.w.org\/{rel}","templated":true}]}}