{"id":7987,"date":"2021-12-20T00:00:00","date_gmt":"2021-12-20T00:00:00","guid":{"rendered":"https:\/\/www.cinc.com\/ciberataques-y-tratamiento-de-datos-personales\/"},"modified":"2025-05-02T11:54:37","modified_gmt":"2025-05-02T10:54:37","slug":"ciberataques-y-tratamiento-de-datos-personales","status":"publish","type":"post","link":"https:\/\/www.cinc.com\/es\/ciberataques-y-tratamiento-de-datos-personales\/","title":{"rendered":"Ciberataques y tratamiento de datos personales"},"content":{"rendered":"<p style=\"text-align: justify;\">Los ciberataques a empresas, organizaciones e instituciones est\u00e1n en auge, as\u00ed lo reflejan las \u00faltimas estad\u00edsticas en ciberdelincuencia. Ninguna organizaci\u00f3n est\u00e1 exenta de ver comprometidos sus sistemas, circunstancia que ir\u00e1 en auge debido a la tendencia a la digitalizaci\u00f3n de las organizaciones y la consolidaci\u00f3n del teletrabajo en las empresas.<\/p>\n<p style=\"text-align: justify;\">Nos estamos acostumbrando a ver en los medios informaciones sobre ciberataques a empresas, universidades, o incluso a organismos estatales que paralizan su actividad unas horas, o incluso d\u00edas.\u00a0 En el trasfondo siempre queda la duda de si ha habido una transacci\u00f3n econ\u00f3mica que ha posibilitado la resoluci\u00f3n de la incidencia.<\/p>\n<p style=\"text-align: justify;\">Pero si bien es cierto que en un primer momento lo que puede preocuparnos m\u00e1s son las consecuencias econ\u00f3micas de estos ciberataques, debemos recordar que un fallo\u00a0 o debilidad\u00a0 en nuestro sistema permite el acceso il\u00edcito de terceros a todas nuestras bases de datos, y que ello\u00a0 indirectamente\u00a0 tambi\u00e9n puede suponer p\u00e9rdidas econ\u00f3micas, en primer\u00a0 lugar porque genera desconfianza en nuestros clientes, y en segundo lugar\u00a0 porque\u00a0 si la brecha\u00a0 de seguridad\u00a0 es imputable a una negligencia por nuestra parte, puede comportar una posible sanci\u00f3n de la Agencia Espa\u00f1ola de Protecci\u00f3n de Datos.<\/p>\n<p style=\"text-align: justify;\">La prevenci\u00f3n de los ciberataques es fundamental, as\u00ed como la instauraci\u00f3n de procedimientos que nos permitan recuperar de la manera m\u00e1s r\u00e1pida posible los datos comprometidos. Destacamos en este sentido la gu\u00eda publicada por Incibe (Instituto Nacional de Ciberseguridad).<\/p>\n<p style=\"text-align: justify;\">La correcta implementaci\u00f3n de la normativa sobre Protecci\u00f3n de Datos Personales debe anticiparse en la medida de lo posible a estas situaciones. Un buen protocolo de seguridad que incluya la descripci\u00f3n detallada de los riesgos y amenazas para la seguridad del sistema, la utilizaci\u00f3n de antivirus, la actualizaci\u00f3n constante de los sistemas operativos, o un buen dise\u00f1o de la pol\u00edtica de contrase\u00f1as, pueden ayudarnos a acreditar ante la AEPD nuestra diligencia y proactividad en la materia.<\/p>\n<p style=\"text-align: justify;\">El RGPD impone a los responsables del tratamiento la obligaci\u00f3n de notificar a la Agencia Espa\u00f1ola de Protecci\u00f3n de Datos cualquier incidencia de seguridad en el tratamiento de los datos personales cuando sea probable que constituyan un riesgo para los derechos y libertades de las personas. El responsable del tratamiento debe valorar el nivel de riesgo de la brecha de datos personales, y cuando el riesgo sea alto tambi\u00e9n deber\u00e1 comunicar dicha brecha a las personas afectadas. Puedes ampliar la informaci\u00f3n <a href=\"https:\/\/sedeagpd.gob.es\/sede-electronica-web\/vistas\/infoSede\/nbs\/guiadoBrechasInicio.jsf;jsessionid=freA-L2Ot8RLpnF5VsGZUhyA0hm9I6ufc5rNx1pM.agpdsedred01n_tmp .\" target=\"_blank\" rel=\"noopener\">aqu\u00ed.<\/a><\/p>\n","protected":false},"excerpt":{"rendered":"<p style=\"text-align: justify;\">\n\tLos ciberataques a empresas, organizaciones e instituciones est&aacute;n en auge, as&iacute; lo reflejan las &uacute;ltimas estad&iacute;sticas en ciberdelincuencia. Ninguna organizaci&oacute;n est&aacute; exenta de ver comprometidos sus sistemas, circunstancia que ir&aacute; en auge debido a la tendencia a la digitalizaci&oacute;n de las organizaciones y la consolidaci&oacute;n del teletrabajo en las empresas.<\/p>\n","protected":false},"author":2,"featured_media":7988,"comment_status":"open","ping_status":"open","sticky":false,"template":"","format":"standard","meta":{"_acf_changed":false,"_uag_custom_page_level_css":"","_jetpack_memberships_contains_paid_content":false,"footnotes":""},"categories":[26],"tags":[],"class_list":["post-7987","post","type-post","status-publish","format-standard","has-post-thumbnail","hentry","category-asesoria"],"acf":[],"jetpack_featured_media_url":"https:\/\/www.cinc.com\/wp-content\/uploads\/2023\/03\/1387.jpg","uagb_featured_image_src":{"full":["https:\/\/www.cinc.com\/wp-content\/uploads\/2023\/03\/1387.jpg",1113,361,false],"thumbnail":["https:\/\/www.cinc.com\/wp-content\/uploads\/2023\/03\/1387.jpg",150,49,false],"medium":["https:\/\/www.cinc.com\/wp-content\/uploads\/2023\/03\/1387.jpg",300,97,false],"medium_large":["https:\/\/www.cinc.com\/wp-content\/uploads\/2023\/03\/1387.jpg",768,249,false],"large":["https:\/\/www.cinc.com\/wp-content\/uploads\/2023\/03\/1387.jpg",960,311,false],"1536x1536":["https:\/\/www.cinc.com\/wp-content\/uploads\/2023\/03\/1387.jpg",1113,361,false],"2048x2048":["https:\/\/www.cinc.com\/wp-content\/uploads\/2023\/03\/1387.jpg",1113,361,false],"gform-image-choice-sm":["https:\/\/www.cinc.com\/wp-content\/uploads\/2023\/03\/1387.jpg",300,97,false],"gform-image-choice-md":["https:\/\/www.cinc.com\/wp-content\/uploads\/2023\/03\/1387.jpg",400,130,false],"gform-image-choice-lg":["https:\/\/www.cinc.com\/wp-content\/uploads\/2023\/03\/1387.jpg",600,195,false]},"uagb_author_info":{"display_name":"Utrans","author_link":"https:\/\/www.cinc.com\/es\/author\/utrans\/"},"uagb_comment_info":0,"uagb_excerpt":"Los ciberataques a empresas, organizaciones e instituciones est&aacute;n en auge, as&iacute; lo reflejan las &uacute;ltimas estad&iacute;sticas en ciberdelincuencia. Ninguna organizaci&oacute;n est&aacute; exenta de ver comprometidos sus sistemas, circunstancia que ir&aacute; en auge debido a la tendencia a la digitalizaci&oacute;n de las organizaciones y la consolidaci&oacute;n del teletrabajo en las empresas.","jetpack_sharing_enabled":true,"_links":{"self":[{"href":"https:\/\/www.cinc.com\/es\/wp-json\/wp\/v2\/posts\/7987","targetHints":{"allow":["GET"]}}],"collection":[{"href":"https:\/\/www.cinc.com\/es\/wp-json\/wp\/v2\/posts"}],"about":[{"href":"https:\/\/www.cinc.com\/es\/wp-json\/wp\/v2\/types\/post"}],"author":[{"embeddable":true,"href":"https:\/\/www.cinc.com\/es\/wp-json\/wp\/v2\/users\/2"}],"replies":[{"embeddable":true,"href":"https:\/\/www.cinc.com\/es\/wp-json\/wp\/v2\/comments?post=7987"}],"version-history":[{"count":1,"href":"https:\/\/www.cinc.com\/es\/wp-json\/wp\/v2\/posts\/7987\/revisions"}],"predecessor-version":[{"id":29836,"href":"https:\/\/www.cinc.com\/es\/wp-json\/wp\/v2\/posts\/7987\/revisions\/29836"}],"wp:featuredmedia":[{"embeddable":true,"href":"https:\/\/www.cinc.com\/es\/wp-json\/wp\/v2\/media\/7988"}],"wp:attachment":[{"href":"https:\/\/www.cinc.com\/es\/wp-json\/wp\/v2\/media?parent=7987"}],"wp:term":[{"taxonomy":"category","embeddable":true,"href":"https:\/\/www.cinc.com\/es\/wp-json\/wp\/v2\/categories?post=7987"},{"taxonomy":"post_tag","embeddable":true,"href":"https:\/\/www.cinc.com\/es\/wp-json\/wp\/v2\/tags?post=7987"}],"curies":[{"name":"wp","href":"https:\/\/api.w.org\/{rel}","templated":true}]}}