{"id":7945,"date":"2021-10-26T00:00:00","date_gmt":"2021-10-26T00:00:00","guid":{"rendered":"https:\/\/www.cinc.com\/nuevas-lineas-de-ayudas-del-soc-destinadas-a-las-empresas-para-la-contratacion-de-jovenes\/"},"modified":"2025-05-02T12:01:31","modified_gmt":"2025-05-02T11:01:31","slug":"nuevas-lineas-de-ayudas-del-soc-destinadas-a-las-empresas-para-la-contratacion-de-jovenes","status":"publish","type":"post","link":"https:\/\/www.cinc.com\/es\/nuevas-lineas-de-ayudas-del-soc-destinadas-a-las-empresas-para-la-contratacion-de-jovenes\/","title":{"rendered":"Nuevas l\u00edneas de ayudas del SOC destinadas a las empresas para la contrataci\u00f3n de j\u00f3venes"},"content":{"rendered":"<div style=\"text-align: justify;\">El Servicio P\u00fablico de Ocupaci\u00f3n de Catalu\u00f1a ha impulsado cuatro nuevas l\u00edneas de ayuda destinadas a las empresas que os detallamos a continuaci\u00f3n.<\/div>\n<div style=\"text-align: justify;\"><\/div>\n<div style=\"text-align: center;\">\n<h2 class=\"h2Noticia\">Programa de fomento a la contrataci\u00f3n de j\u00f3venes<\/h2>\n<hr \/>\n<\/div>\n<div style=\"text-align: justify;\">Fomentar la contrataci\u00f3n en pr\u00e1cticas, durante un a\u00f1o, de j\u00f3venes en situaci\u00f3n de paro para empresas y cooperativas de trabajo asociado.<\/div>\n<div><\/div>\n<div style=\"text-align: justify;\">\n<div><strong>Personas destinatarias<\/strong><\/div>\n<div>Personas j\u00f3venes mayores de 16 a\u00f1os y menores de 30 que est\u00e9n inscritas al SOC como demandante de ocupaci\u00f3n no ocupado (DONO), el d\u00eda anterior a la fecha de contrataci\u00f3n y que tengan capacidad para formalizar un contrato de trabajo en el momento de su firma.<\/div>\n<div><\/div>\n<div>En caso de la convocatoria espec\u00edfica por contratos en pr\u00e1cticas hace falta que acrediten la posesi\u00f3n de un t\u00edtulo universitario o de formaci\u00f3n profesional de grado medio o superior o t\u00edtulos oficialmente reconocidos como equivalentes, o de un certificado de profesionalidad, que los habiliten para el ejercicio profesional, as\u00ed como cumplir los requisitos que exige la modalidad del contrato de trabajo en pr\u00e1cticas.<\/div>\n<div><\/div>\n<div><strong>Entidades o personas beneficiarias<\/strong><\/div>\n<div>Las personas f\u00edsicas o jur\u00eddicas privadas, las cooperativas de trabajo asociado y las comunidades de bienes con capacidad para subscribir, como empresarias, un contrato de trabajo, constituidas legalmente y con establecimiento operativo en Catalu\u00f1a.<\/div>\n<div><\/div>\n<div><strong>Inicio y plazos de las acciones<\/strong><\/div>\n<div>Contratos de un a\u00f1o, subscritos un mes antes de la entrada en vigor de la resoluci\u00f3n de la convocatoria y el 28 de febrero de 2022.<\/div>\n<div><\/div>\n<\/div>\n<div style=\"text-align: center;\">\n<h2 class=\"h2Noticia\">Programa de FPO-Dual<\/h2>\n<hr \/>\n<\/div>\n<div style=\"text-align: justify;\">El objetivo de este programa es poder cualificar a personas j\u00f3venes a trav\u00e9s del contrato de formaci\u00f3n y aprendizaje.<\/div>\n<div style=\"text-align: justify;\"><\/div>\n<div style=\"text-align: justify;\">A trav\u00e9s de este programa, estas personas recibir\u00e1n acompa\u00f1amiento y una formaci\u00f3n de Certificado de Profesionalidad, al mismo tiempo que est\u00e1n contratadas por una empresa a trav\u00e9s de un contrato de formaci\u00f3n y aprendizaje que subvenciona el SOC.<\/div>\n<div style=\"text-align: justify;\"><\/div>\n<div style=\"text-align: justify;\"><strong>Personas destinatarias<\/strong><\/div>\n<div style=\"text-align: justify;\">Podr\u00e1n ser destinatarias de este programa las personas j\u00f3venes mayores de 16 hasta 29 a\u00f1os, preferentemente sin calificaci\u00f3n profesional, y que cuenten con los requisitos para seguir un certificado de profesionalidad de nivel 1 y\/o 2 y\/o 3.<\/div>\n<div style=\"text-align: justify;\"><\/div>\n<div style=\"text-align: justify;\">Todas estas personas tienen que estar inscritas al SOC como demandantes de ocupaci\u00f3n no ocupadas (DONO).<\/div>\n<div style=\"text-align: justify;\"><\/div>\n<div style=\"text-align: justify;\"><strong>Inicio y plazos de las acciones<\/strong><\/div>\n<div style=\"text-align: justify;\">Desde el d\u00eda siguiente de la publicaci\u00f3n-o de la Resoluci\u00f3n en el DOGC y hasta el 30 de noviembre (est\u00e1 pendiente de concretar).<\/div>\n<div><\/div>\n<div style=\"text-align: justify;\">\n<div style=\"text-align: center;\">\n<h2 class=\"h2Noticia\">Programa Forma e Inserta 2021<\/h2>\n<hr \/>\n<\/div>\n<div><strong>\u00bfQu\u00e9 es?<\/strong><\/div>\n<div>Es un programa del conjunto de las pol\u00edticas activas de ocupaci\u00f3n (PAO), que incluye el compromiso de contrataci\u00f3n por parte de la entidad solicitante.<\/div>\n<div><\/div>\n<div>Subvenciona la formaci\u00f3n profesional por la ocupaci\u00f3n (FPO) que busca profesionalizar el alumnado participando para que se lo pueda capacitar para ser contratado por las empresas comprometidas (alumnas DONO) o mejorar\/consolidar a las personas trabajadoras en activo.<\/div>\n<div><\/div>\n<div><strong>Entidades que participan<\/strong><\/div>\n<ul>\n<li>Empresas de todos los sectores econ\u00f3micos con establecimiento operativo en Catalu\u00f1a<\/li>\n<li>Asociaciones, gremios o agrupaciones empresariales<\/li>\n<li>Entidades de formaci\u00f3n con establecimiento operativo en Catalu\u00f1a Inscritas en Registros de Centros y Entidades del SOC.<\/li>\n<li>Entidades o personas beneficiarias<\/li>\n<li>Todas aquellas personas Inscritas al Servicio P\u00fablico de Ocupaci\u00f3n de Catalu\u00f1a que sean:<\/li>\n<li>Personas trabajadoras en situaci\u00f3n de paro<\/li>\n<li>Personas trabajadoras de la misma empresa que necesiten una formaci\u00f3n especifica<\/li>\n<li>Trabajadores de empresas diferentes que puedan mejorar sus expectativas laborales<\/li>\n<\/ul>\n<div>La participaci\u00f3n de alumnos trabajadores\/nada en activo no puede superar el 30% del total.<\/div>\n<div><\/div>\n<div><strong>Inicio y plazos de las acciones<\/strong><\/div>\n<div>\n<div>Plazo:<\/div>\n<ul>\n<li>Desde el d\u00eda siguiente de la publicaci\u00f3n en el DOGC (15 d\u00edas)<\/li>\n<\/ul>\n<div>Inicio de las acciones:<\/div>\n<ul>\n<li>Antes del 31 de diciembre 2021 (es necesario presentar Certificado Inicio)<\/li>\n<\/ul>\n<div>Ejecuci\u00f3n:<\/div>\n<ul>\n<li>Hasta el 31 de octubre del 2022<\/li>\n<\/ul>\n<div>Justificaci\u00f3n:<\/div>\n<ul>\n<li>Del 1 al 30 de diciembre 2022<\/li>\n<\/ul>\n<div><strong>Contrataci\u00f3n<\/strong>:<\/div>\n<div>Seg\u00fan quien solicite el programa:<\/div>\n<div>\n<div>&#8211; Empresa:<\/div>\n<ul>\n<li>La contrataci\u00f3n lo tendr\u00e1 que hacer la empresa misma<\/li>\n<li>Contratar al 40% de los alumnos que hayan finalizado la formaci\u00f3n*<\/li>\n<\/ul>\n<div>&#8211; Asociaci\u00f3n o gremio:<\/div>\n<ul>\n<li>la contrataci\u00f3n se tendr\u00e1 que hacer en empresas asociadas o agremiades.<\/li>\n<li>Contratar al 40% de los alumnos que hayan finalizado la formaci\u00f3n*<\/li>\n<\/ul>\n<div>&#8211; Entidad de formaci\u00f3n:<\/div>\n<ul>\n<li>La contrataci\u00f3n se tendr\u00e1 que hacer a las empresas comprometidas.<\/li>\n<li>Contratar al 60% de los alumnos que hayan finalizado la formaci\u00f3n*<\/li>\n<\/ul>\n<div>*Se entiende que han finalizado si han asistido como m\u00ednimo el 75% de la formaci\u00f3n o itinerario formativo programado.<\/div>\n<div><\/div>\n<div>Los contratos tienen que tener una duraci\u00f3n m\u00ednima de:<\/div>\n<ul>\n<li>6 meses con jornada a tiempo cumplido<\/li>\n<li>9 meses a tiempo parcial<\/li>\n<li>En caso de contratos de Formaci\u00f3n y Aprendizaje, m\u00ednimo 12 meses a tiempo cumplido.<\/li>\n<\/ul>\n<div>La contrataci\u00f3n se tiene que formalizar durante los seis meses siguientes de acabar la formaci\u00f3n.<\/div>\n<div>Excepciones: Estacionalidad y otras habilitaciones profesionales requeridas para la inserci\u00f3n.<\/div>\n<div><\/div>\n<div><strong>Concesi\u00f3n<\/strong>:<\/div>\n<\/div>\n<\/div>\n<\/div>\n<ul>\n<li>El procedimiento de concesi\u00f3n es directo. Los proyectos presentados no compiten contra ninguno otra solicitud.<\/li>\n<li>Las propuestas se valoran por orden de entrada<\/li>\n<li>L\u00edmite de otorgamiento a 3 itinerarios formativos.<\/li>\n<\/ul>\n<div><strong>Formaci\u00f3n previa (optativa):<\/strong><\/div>\n<div>Aproximaci\u00f3n al entorno laboral (10 horas).<\/div>\n<div>Objetivos:<\/div>\n<ul>\n<li>Establecer un contacto emprendida-participando previo en la formaci\u00f3n, que permita la preselecci\u00f3n de alumnas y perfile el compromiso por parte del alumno a formarse y a trabajar al sector\/entidad.<\/li>\n<li>Conocer en profundidad las caracter\u00edsticas relevantes para la inserci\u00f3n laboral en un sector profesional concreto.<\/li>\n<\/ul>\n<p>Contenidos:<\/p>\n<p>&#8211; Conocimiento del sector profesional concreto:<\/p>\n<div>\n<ul>\n<li>Caracter\u00edsticas, convenio laboral, posibles itinerarios profesionales dentro del sector.<\/li>\n<\/ul>\n<div>&#8211; Conocimiento de las empresas:<\/div>\n<ul>\n<li>Visita a la empresa, desarrollo de talleres pr\u00e1cticos, conversaciones entre participantes y empresas interesadas a participar en la formaci\u00f3n optativa.<\/li>\n<\/ul>\n<div>&#8211; Revisi\u00f3n del perfil profesional<\/div>\n<ul>\n<li>Adaptaci\u00f3n o mejora del CV, otras acciones de busca de trabajo adaptadas al sector, revisi\u00f3n de las motivaciones a trabajar al sector productivo.<\/li>\n<\/ul>\n<div>&#8211; Acciones subvencionables<\/div>\n<ul>\n<li>El 25% de la formaci\u00f3n puede ser NO conducente a Certificados de profesionalidad.<\/li>\n<li>Se subvenciona el FPO que permita contratar.<\/li>\n<li>No se subvenciona la contrataci\u00f3n ni se trata de ninguna bonificaci\u00f3n.<\/li>\n<li>Se subvencionar\u00e1n certificados de profesionalidad e itinerarios mixtos.<\/li>\n<\/ul>\n<div>Para mayor informaci\u00f3n: qualificacio.soc@gencat.cat<\/div>\n<div><\/div>\n<\/div>\n<div style=\"text-align: center;\">\n<h2 class=\"h2Noticia\">Programa + Talento Cat<\/h2>\n<hr \/>\n<\/div>\n<div style=\"text-align: justify;\"><strong>Objetivo<\/strong>:<\/div>\n<div style=\"text-align: justify;\">La concesi\u00f3n de subvenciones destinadas a formaci\u00f3n profesional para la ocupaci\u00f3n en especialidades de alto nivel en el \u00e1mbito digital, de econom\u00eda verde y de atenci\u00f3n a las personas, dirigidas prioritariamente a personas trabajadoras desempleadas.<\/div>\n<div style=\"text-align: justify;\"><\/div>\n<div style=\"text-align: justify;\"><strong>Personas destinatarias:<\/strong><\/div>\n<div style=\"text-align: justify;\">Todas aquellas personas que quieran orientarse profesionalmente, o mejorar su capacitaci\u00f3n, en tres sectores generadores de ocupaci\u00f3n. Prioritariamente personas trabajadoras demandantes de ocupaci\u00f3n no ocupadas (DONO). Se incluyen las personas en situaci\u00f3n de ERTE.<\/div>\n<div style=\"text-align: justify;\"><\/div>\n<div style=\"text-align: justify;\">Los alumnos participantes tienen que estar inscritos a las oficinas del Servicio P\u00fablico de Ocupaci\u00f3n de Catalu\u00f1a.<\/div>\n<div style=\"text-align: justify;\"><\/div>\n<div style=\"text-align: justify;\">Las personas destinatarias tienen que cumplir los requisitos de acceso establecidos a los programas formativos de cada una de las especialidades.<\/div>\n<div style=\"text-align: justify;\"><\/div>\n<div style=\"text-align: justify;\"><strong>Entidades beneficiarias:<\/strong><\/div>\n<div style=\"text-align: justify;\">Entidades con establecimiento operativo en Catalu\u00f1a que, a la fecha de publicaci\u00f3n de la convocatoria, est\u00e9n inscritas o acreditadas al Registro de Centros y Entidades de formaci\u00f3n en la especialidad que corresponda.<\/div>\n<div style=\"text-align: justify;\"><\/div>\n<div style=\"text-align: justify;\"><strong>Solicitud<\/strong><\/div>\n<div style=\"text-align: justify;\">El plazo de solicitudes pr\u00f3ximamente.<\/div>\n<div style=\"text-align: justify;\"><\/div>\n<div style=\"text-align: justify;\"><strong>Inicio y normativa<\/strong><\/div>\n<div style=\"text-align: justify;\">Inicio: en 2022.<\/div>\n<div style=\"text-align: justify;\">Pod\u00e9is consultar la Resoluci\u00f3n de convocatoria y la Orden reguladora.<\/div>\n<div style=\"text-align: justify;\"><\/div>\n<div style=\"text-align: justify;\"><strong>Contacto<\/strong>:<\/div>\n<div style=\"text-align: justify;\">Si eres una entidad: qualificacio.soc@gencat.cat<\/div>\n<div><\/div>\n","protected":false},"excerpt":{"rendered":"<div style=\"text-align: justify;\">\n<div>\n\t\tEl Servicio P&uacute;blico de Ocupaci&oacute;n de Catalu&ntilde;a ha impulsado cuatro nuevas l&iacute;neas de ayuda destinadas a las empresas que os detallamos a continuaci&oacute;n.<\/div>\n<div>\n\t\t&nbsp;<\/div>\n<\/div>\n<p>\n\t&nbsp;<\/p>\n","protected":false},"author":2,"featured_media":0,"comment_status":"open","ping_status":"open","sticky":false,"template":"","format":"standard","meta":{"_acf_changed":false,"_uag_custom_page_level_css":"","_jetpack_memberships_contains_paid_content":false,"footnotes":""},"categories":[26],"tags":[],"class_list":["post-7945","post","type-post","status-publish","format-standard","hentry","category-asesoria"],"acf":[],"jetpack_featured_media_url":"","uagb_featured_image_src":{"full":false,"thumbnail":false,"medium":false,"medium_large":false,"large":false,"1536x1536":false,"2048x2048":false,"gform-image-choice-sm":false,"gform-image-choice-md":false,"gform-image-choice-lg":false},"uagb_author_info":{"display_name":"Utrans","author_link":"https:\/\/www.cinc.com\/es\/author\/utrans\/"},"uagb_comment_info":0,"uagb_excerpt":"El Servicio P&uacute;blico de Ocupaci&oacute;n de Catalu&ntilde;a ha impulsado cuatro nuevas l&iacute;neas de ayuda destinadas a las empresas que os detallamos a continuaci&oacute;n. &nbsp; &nbsp;","jetpack_sharing_enabled":true,"_links":{"self":[{"href":"https:\/\/www.cinc.com\/es\/wp-json\/wp\/v2\/posts\/7945","targetHints":{"allow":["GET"]}}],"collection":[{"href":"https:\/\/www.cinc.com\/es\/wp-json\/wp\/v2\/posts"}],"about":[{"href":"https:\/\/www.cinc.com\/es\/wp-json\/wp\/v2\/types\/post"}],"author":[{"embeddable":true,"href":"https:\/\/www.cinc.com\/es\/wp-json\/wp\/v2\/users\/2"}],"replies":[{"embeddable":true,"href":"https:\/\/www.cinc.com\/es\/wp-json\/wp\/v2\/comments?post=7945"}],"version-history":[{"count":1,"href":"https:\/\/www.cinc.com\/es\/wp-json\/wp\/v2\/posts\/7945\/revisions"}],"predecessor-version":[{"id":29854,"href":"https:\/\/www.cinc.com\/es\/wp-json\/wp\/v2\/posts\/7945\/revisions\/29854"}],"wp:attachment":[{"href":"https:\/\/www.cinc.com\/es\/wp-json\/wp\/v2\/media?parent=7945"}],"wp:term":[{"taxonomy":"category","embeddable":true,"href":"https:\/\/www.cinc.com\/es\/wp-json\/wp\/v2\/categories?post=7945"},{"taxonomy":"post_tag","embeddable":true,"href":"https:\/\/www.cinc.com\/es\/wp-json\/wp\/v2\/tags?post=7945"}],"curies":[{"name":"wp","href":"https:\/\/api.w.org\/{rel}","templated":true}]}}