{"id":7899,"date":"2021-09-29T00:00:00","date_gmt":"2021-09-29T00:00:00","guid":{"rendered":"https:\/\/www.cinc.com\/entrevista-a-proapi\/"},"modified":"2025-05-02T11:56:10","modified_gmt":"2025-05-02T10:56:10","slug":"entrevista-a-proapi","status":"publish","type":"post","link":"https:\/\/www.cinc.com\/es\/entrevista-a-proapi\/","title":{"rendered":"Entrevista a Proapi"},"content":{"rendered":"<div style=\"text-align: justify;\">\n<div><strong>A\u00f1o de fundaci\u00f3n: <\/strong>2021<\/div>\n<div><strong>Ubicaci\u00f3n: <\/strong>Girona<\/div>\n<div><strong>Sector:<\/strong> Inmobiliario<\/div>\n<div><strong>Web: <\/strong>https:\/\/www.proapi.cat\/<\/div>\n<div><\/div>\n<div><strong>\u00bfA qu\u00e9 se dedica Proapi?<\/strong><\/div>\n<div><\/div>\n<div>En Proapi nos dedicamos a la venta y gesti\u00f3n de inmuebles. Vendemos o alquilamos inmuebles de particulares o empresas y ayudamos a los clientes en la compra o alquiler de su nuevo hogar, local, etc., siempre velando por sus intereses y para ayudarlos a conseguir el que mejor se ajuste a sus necesidades. Queremos que sea un proceso ilusionante, que no se convierta en una carga y, por eso, los acompa\u00f1aremos en todo momento, para que desde el principio tengan la tranquilidad de que todo ir\u00e1 bien.<\/div>\n<div><\/div>\n<div><strong>\u00bfC\u00f3mo y cuando surgi\u00f3 la creaci\u00f3n de la empresa?<\/strong><\/div>\n<div><\/div>\n<div>La empresa nace en marzo de este a\u00f1o 2021, de la ilusi\u00f3n en el \u00e1mbito personal con dos (Ivan y Sergi) de tener un proyecto propio. Hac\u00eda a\u00f1os que trabaj\u00e1bamos en el sector en diferentes agencias inmobiliarias, y nuestro af\u00e1n de crecimiento y desarrollo personal nos motiv\u00f3 a hacer el gran paso de convertirnos en empresarios para, de este modo, crear un modelo propio de negocio.<\/div>\n<div><\/div>\n<div><strong>\u00bfCu\u00e1l es vuestra filosof\u00eda y vuestra misi\u00f3n?<\/strong><\/div>\n<div><\/div>\n<div>Queremos mantener la esencia, que no es otra que conectar personas: aquellas que quieren vender o alquilar un inmueble con aquellas que buscan un nuevo hogar, local de negocio, etc. Y, para crear una buena conexi\u00f3n, hace falta una sensibilidad que sepa captar las necesidades y preferencias de unos y otros.<\/div>\n<div><\/div>\n<div><strong>\u00bfCu\u00e1l es vuestro valor diferencial?<\/strong><\/div>\n<div><\/div>\n<div>Nos ponemos en la piel de cada cliente para encontrar aquello que buscan, porque su satisfacci\u00f3n es tambi\u00e9n la nuestra. Nos volcamos en cada uno de ellos, y por eso priorizamos la calidad a la cantidad: para poder dedicarlos todo el tiempo necesario. La plena dedicaci\u00f3n en el trabajo diario es un hecho destacable al cual queremos darle valor. Nos gusta estar conectados permanentemente con nuestros clientes para darles el espaldarazo que necesiten cuando lo necesiten.<\/div>\n<div><\/div>\n<div><strong>\u00bfEst\u00e1is especializados en alg\u00fan tipo de inmueble?<\/strong><\/div>\n<div><\/div>\n<div>Nuestra idea, m\u00e1s all\u00e1 de especializarnos en un tipo concreto de inmueble, implica centrarnos en las necesidades de cada cliente. Tratamos las personas y las propiedades por igual, es decir: dedicamos el mismo esfuerzo e inter\u00e9s sin distinguir ning\u00fan criterio diferencial. Cualquier local, nave, piso, casa, solar, edificio, etc. merece la misma dedicaci\u00f3n e implicaci\u00f3n por nuestra parte, y el objetivo no es otro que satisfacer las necesidades de cada cliente.<\/div>\n<div><\/div>\n<div><strong>\u00bfQu\u00e9 impacto ha tenido la situaci\u00f3n de pandemia actual en el precio de la vivienda?<\/strong><\/div>\n<div><\/div>\n<div>En cuanto a los precios, los primeros indicadores apuntan a una intensificaci\u00f3n de la desaceleraci\u00f3n, que ya hab\u00eda empezado el 2019 y un aumento considerable del tiempo que cuesta vender una vivienda. Este 2021 podr\u00edan bajar todav\u00eda algo m\u00e1s, a pesar de que tienden a estabilizarse. El mercado del alquiler se refuerza gracias, principalmente, a la demanda de los j\u00f3venes, aunque los alquileres seguir\u00e1n abarat\u00e1ndose en los pr\u00f3ximos meses despu\u00e9s de tocar m\u00e1ximos al 2020. A corto plazo, se observa un cambio de tendencia en el tipo de piso demandado. El mantra de la localizaci\u00f3n pierde bastante, y aumenta la demanda de viviendas m\u00e1s grandes, m\u00e1s exteriores, con terraza y fuera de las capitales.<\/div>\n<div><\/div>\n<div><strong>\u00bfQu\u00e9 es aquello que m\u00e1s valor\u00e1is del Centro de Negocios CINC?<\/strong><\/div>\n<div><\/div>\n<div>En el momento de empezar a buscar un espacio donde desarrollar nuestra actividad, valoramos diferentes opciones (locales comerciales, despachos, etc.) localizadas en la ciudad de Girona, y el modelo que ofrece el centro de negocios CINC inmediatamente nos convenci\u00f3.<\/div>\n<div><\/div>\n<div>Se trata de una edificaci\u00f3n importante ubicada al barrio de la dehesa de Girona; una zona tranquila, pero a la vez mucho muy conectada con la ciudad y los servicios, con un modelo diferente que encaja muy bien con nuestra filosof\u00eda de trabajo.<\/div>\n<div><\/div>\n<div>Disponemos de privacidad pero, a la vez, estamos conectados con diferentes empresas y podemos interrelacionarnos, con la comodidad de tener a nuestra disposici\u00f3n una atenci\u00f3n personalizada desde la recepci\u00f3n\/secretar\u00eda, utilizaci\u00f3n de espacios comunes (salas de reuniones, juntas, descanso, office, etc.), servicio de mantenimiento y limpieza, control de acceso y vigilancia, etc. Todos estos servicios contribuyeron a que nos decant\u00e1ramos r\u00e1pidamente hacia CINC, ya que valoramos muy positivamente la comodidad y tranquilidad de tener todo el que necesitamos en todo momento.<\/div>\n<\/div>\n","protected":false},"excerpt":{"rendered":"<p style=\"text-align: justify;\">\n\tEn Proapi nos dedicamos a la venta y gesti&oacute;n de inmuebles. Vendemos o alquilamos inmuebles de particulares o empresas y ayudamos a los clientes en la compra o alquiler de su nuevo hogar, local, etc., siempre velando por sus intereses y para ayudarlos a conseguir el que mejor se ajuste a sus necesidades.&nbsp;<\/p>\n","protected":false},"author":2,"featured_media":7900,"comment_status":"open","ping_status":"open","sticky":false,"template":"","format":"standard","meta":{"_acf_changed":false,"_uag_custom_page_level_css":"","_jetpack_memberships_contains_paid_content":false,"footnotes":""},"categories":[19],"tags":[],"class_list":["post-7899","post","type-post","status-publish","format-standard","has-post-thumbnail","hentry","category-entrevistes"],"acf":[],"jetpack_featured_media_url":"https:\/\/www.cinc.com\/wp-content\/uploads\/2023\/03\/1367.jpg","uagb_featured_image_src":{"full":["https:\/\/www.cinc.com\/wp-content\/uploads\/2023\/03\/1367.jpg",1113,361,false],"thumbnail":["https:\/\/www.cinc.com\/wp-content\/uploads\/2023\/03\/1367.jpg",150,49,false],"medium":["https:\/\/www.cinc.com\/wp-content\/uploads\/2023\/03\/1367.jpg",300,97,false],"medium_large":["https:\/\/www.cinc.com\/wp-content\/uploads\/2023\/03\/1367.jpg",768,249,false],"large":["https:\/\/www.cinc.com\/wp-content\/uploads\/2023\/03\/1367.jpg",960,311,false],"1536x1536":["https:\/\/www.cinc.com\/wp-content\/uploads\/2023\/03\/1367.jpg",1113,361,false],"2048x2048":["https:\/\/www.cinc.com\/wp-content\/uploads\/2023\/03\/1367.jpg",1113,361,false],"gform-image-choice-sm":["https:\/\/www.cinc.com\/wp-content\/uploads\/2023\/03\/1367.jpg",300,97,false],"gform-image-choice-md":["https:\/\/www.cinc.com\/wp-content\/uploads\/2023\/03\/1367.jpg",400,130,false],"gform-image-choice-lg":["https:\/\/www.cinc.com\/wp-content\/uploads\/2023\/03\/1367.jpg",600,195,false]},"uagb_author_info":{"display_name":"Utrans","author_link":"https:\/\/www.cinc.com\/es\/author\/utrans\/"},"uagb_comment_info":0,"uagb_excerpt":"En Proapi nos dedicamos a la venta y gesti&oacute;n de inmuebles. Vendemos o alquilamos inmuebles de particulares o empresas y ayudamos a los clientes en la compra o alquiler de su nuevo hogar, local, etc., siempre velando por sus intereses y para ayudarlos a conseguir el que mejor se ajuste a sus necesidades.&nbsp;","jetpack_sharing_enabled":true,"_links":{"self":[{"href":"https:\/\/www.cinc.com\/es\/wp-json\/wp\/v2\/posts\/7899","targetHints":{"allow":["GET"]}}],"collection":[{"href":"https:\/\/www.cinc.com\/es\/wp-json\/wp\/v2\/posts"}],"about":[{"href":"https:\/\/www.cinc.com\/es\/wp-json\/wp\/v2\/types\/post"}],"author":[{"embeddable":true,"href":"https:\/\/www.cinc.com\/es\/wp-json\/wp\/v2\/users\/2"}],"replies":[{"embeddable":true,"href":"https:\/\/www.cinc.com\/es\/wp-json\/wp\/v2\/comments?post=7899"}],"version-history":[{"count":1,"href":"https:\/\/www.cinc.com\/es\/wp-json\/wp\/v2\/posts\/7899\/revisions"}],"predecessor-version":[{"id":29848,"href":"https:\/\/www.cinc.com\/es\/wp-json\/wp\/v2\/posts\/7899\/revisions\/29848"}],"wp:featuredmedia":[{"embeddable":true,"href":"https:\/\/www.cinc.com\/es\/wp-json\/wp\/v2\/media\/7900"}],"wp:attachment":[{"href":"https:\/\/www.cinc.com\/es\/wp-json\/wp\/v2\/media?parent=7899"}],"wp:term":[{"taxonomy":"category","embeddable":true,"href":"https:\/\/www.cinc.com\/es\/wp-json\/wp\/v2\/categories?post=7899"},{"taxonomy":"post_tag","embeddable":true,"href":"https:\/\/www.cinc.com\/es\/wp-json\/wp\/v2\/tags?post=7899"}],"curies":[{"name":"wp","href":"https:\/\/api.w.org\/{rel}","templated":true}]}}