{"id":7829,"date":"2021-05-31T00:00:00","date_gmt":"2021-05-31T00:00:00","guid":{"rendered":"https:\/\/www.cinc.com\/prorroga-de-la-prestacion-por-cese-de-actividad-de-los-autonomos-y-nuevas-exoneraciones-de-las-cuotas-de-la-seguridad-social\/"},"modified":"2021-05-31T00:00:00","modified_gmt":"2021-05-31T00:00:00","slug":"prorroga-de-la-prestacion-por-cese-de-actividad-de-los-autonomos-y-nuevas-exoneraciones-de-las-cuotas-de-la-seguridad-social","status":"publish","type":"post","link":"https:\/\/www.cinc.com\/es\/prorroga-de-la-prestacion-por-cese-de-actividad-de-los-autonomos-y-nuevas-exoneraciones-de-las-cuotas-de-la-seguridad-social\/","title":{"rendered":"Pr\u00f3rroga de la prestaci\u00f3n por cese de actividad de los aut\u00f3nomos y nuevas exoneraciones de las cuotas de la Seguridad Social"},"content":{"rendered":"<div style=\"text-align: justify;\">\n\tEl Gobierno acuerda mantener y prorrogar hasta el 30 de septiembre de 2021 las prestaciones extraordinarias vigentes de los trabajadores aut&oacute;nomos que vieron interrumpida su actividad debido a las medidas de contenci&oacute;n y limitaci&oacute;n adoptadas por las autoridades sanitarias, adem&aacute;s de incluir nuevas exoneraciones en las cuotas a la Seguridad Social, todas estas medidas vienen recogidas en el Real Decreto-Ley 11\/2021, de 27 de mayo, sobre medidas para la defensa de la ocupaci&oacute;n, la reactivaci&oacute;n econ&oacute;mica y la protecci&oacute;n de los trabajadores aut&oacute;nomos.<\/div>\n<div style=\"text-align: justify;\">\n\t&nbsp;<\/div>\n<div style=\"text-align: justify;\">\n<h2 class=\"h2Noticia\">\n\t\tExenciones en la cotizaci&oacute;n de cuotas en los aut&oacute;nomos<\/h2>\n<hr \/>\n<\/div>\n<div style=\"text-align: justify;\">\n\tEl presente acuerdo, incluye como novedad la aplicaci&oacute;n de exoneraciones de las cuotas a la Seguridad Social para los pr&oacute;ximos 4 meses. As&iacute;, a partir del 1 de junio, las personas trabajadoras aut&oacute;nomas que estuvieran en alta y cobraran desde el 31 de mayo alguna de las prestaciones por cese de actividad, tendr&aacute;n derecho a una exenci&oacute;n de sus cotizaciones en las siguientes cuant&iacute;as:<\/div>\n<div style=\"text-align: justify;\">\n\t&nbsp;<\/div>\n<ul>\n<li style=\"text-align: justify;\">\n\t\t90% de las cotizaciones correspondientes al mes de junio<\/li>\n<li style=\"text-align: justify;\">\n\t\t75% en el mes de julio<\/li>\n<li style=\"text-align: justify;\">\n\t\t50% en el mes de agosto<\/li>\n<li style=\"text-align: justify;\">\n\t\t25% en el mes de septiembre<\/li>\n<\/ul>\n<div style=\"text-align: justify;\">\n\tEstas bonificaciones ser&aacute;n de aplicaci&oacute;n a los trabajadores aut&oacute;nomos que mantengan el alta de aut&oacute;nomos hasta el 30 de septiembre 2021 y agoten las prestaciones que cobraban.<\/div>\n<div style=\"text-align: justify;\">\n\t&nbsp;<\/div>\n<div style=\"text-align: justify;\">\n<h2 class=\"h2Noticia\">\n\t\tPrestaci&oacute;n extraordinaria por suspensi&oacute;n temporal de la actividad<\/h2>\n<hr \/>\n<\/div>\n<div style=\"text-align: justify;\">\n\tA partir del 1 de junio, los trabajadores aut&oacute;nomos que se vean obligados a suspender todas sus actividades como consecuencia de una resoluci&oacute;n adoptada por la autoridad competente, como medida de contenci&oacute;n de la pandemia, o mantengan por los mismos motivos la suspensi&oacute;n de su actividad iniciada, tendr&aacute;n derecho a una prestaci&oacute;n extraordinaria de duraci&oacute;n m&aacute;xima de 4 meses, hasta el levantamiento de las medidas o el 30 de septiembre de 2021.<\/div>\n<div style=\"text-align: justify;\">\n\t&nbsp;<\/div>\n<div style=\"text-align: justify;\">\n\t<strong>Requisitos:<\/strong><\/div>\n<div style=\"text-align: justify;\">\n\t&nbsp;<\/div>\n<div style=\"text-align: justify;\">\n\tEstar afiliado al R&eacute;gimen especial de aut&oacute;nomos al menos 30 d&iacute;as naturales antes de la fecha de la resoluci&oacute;n que acuerde la suspensi&oacute;n de la actividad cuando esta sea anterior al 1 de junio de 2021.<\/div>\n<div style=\"text-align: justify;\">\n\t&nbsp;<\/div>\n<div style=\"text-align: justify;\">\n\tEncontrarse al corriente de pago de las cuotas de la Seguridad Social.<\/div>\n<div style=\"text-align: justify;\">\n\t&nbsp;<\/div>\n<div style=\"text-align: justify;\">\n\t<strong>Cuant&iacute;a:<\/strong><\/div>\n<div style=\"text-align: justify;\">\n\t&nbsp;<\/div>\n<div style=\"text-align: justify;\">\n\tLa cuant&iacute;a de la prestaci&oacute;n ser&aacute; del 70% de la base m&iacute;nima de cotizaci&oacute;n que corresponda, se incrementar&aacute; en un 40% si el trabajador aut&oacute;nomo tiene reconocida la condici&oacute;n de miembro de familia numerosa.<\/div>\n<div style=\"text-align: justify;\">\n\t&nbsp;<\/div>\n<div style=\"text-align: justify;\">\n\t<strong>&nbsp;Exoneraciones:<\/strong><\/div>\n<div style=\"text-align: justify;\">\n\t&nbsp;<\/div>\n<div style=\"text-align: justify;\">\n\tEl trabajador aut&oacute;nomo quedar&aacute; exonerado de pagar las cuotas a la Seguridad Social desde el primer d&iacute;a del mes en que se adopta la medida de cierre de actividad o desde el 1 de junio 2021 hasta el &uacute;ltimo d&iacute;a del mes siguiente en que se levante esta medida o hasta el 30 de septiembre de 2021.<\/div>\n<div style=\"text-align: justify;\">\n\t&nbsp;<\/div>\n<div style=\"text-align: justify;\">\n\t<strong>&nbsp;Reconocimiento:<\/strong><\/div>\n<div style=\"text-align: justify;\">\n\t&nbsp;<\/div>\n<div style=\"text-align: justify;\">\n\tEl reconocimiento de la prestaci&oacute;n se tiene que solicitar dentro de los primeros 21 d&iacute;as naturales siguientes a la resoluci&oacute;n de cierre de actividad o antes del 21 de junio, cuando la suspensi&oacute;n se hubiera acordado con anterioridad el 1 de junio 2021.<\/div>\n<div style=\"text-align: justify;\">\n\t&nbsp;<\/div>\n<div style=\"text-align: justify;\">\n\tLa percepci&oacute;n de la prestaci&oacute;n tendr&aacute; una duraci&oacute;n m&aacute;xima de 4 meses, hasta el &uacute;ltimo d&iacute;a del mes en que se acuerde el levantamiento de las medidas o el 30 de septiembre de 2021.<\/div>\n<div style=\"text-align: justify;\">\n\t&nbsp;<\/div>\n<div style=\"text-align: justify;\">\n<h2 class='h2Noticia'>Prestaci&oacute;n por cese de actividad compatible con el trabajo por cuenta propia<\/h2>\n<hr\/>\n<\/div>\n<div style=\"text-align: justify;\">\n\t&nbsp;<\/div>\n<div style=\"text-align: justify;\">\n\tA partir del 1 de junio, los trabajadores aut&oacute;nomos podr&aacute;n solicitar la prestaci&oacute;n por cese de actividad regulada en el art&iacute;culo 7 del Real Decreto 2\/2021, de 26 de enero.<\/div>\n<div style=\"text-align: justify;\">\n\t&nbsp;<\/div>\n<div style=\"text-align: justify;\">\n\t<strong>Requisitos:<\/strong><\/div>\n<div style=\"text-align: justify;\">\n\t&nbsp;<\/div>\n<div style=\"text-align: justify;\">\n\tAcreditar en el segundo y tercer trimestre del 2021 una reducci&oacute;n de los ingresos computables fiscalmente de la actividad por cuenta propia de m&aacute;s del 50% de los que ha habido en el segundo y tercer trimestre del 2019; as&iacute; como no haber obtenido durante el segundo y tercer trimestre de 2021 unos rendimientos netos computables fiscalmente superiores a 7.980 euros.<\/div>\n<div style=\"text-align: justify;\">\n\t&nbsp;<\/div>\n<div style=\"text-align: justify;\">\n\tPara realizar el c&aacute;lculo de la reducci&oacute;n de ingresos se tendr&aacute; en cuenta el periodo en alta en el segundo y tercer trimestre del 2019 y se comparar&aacute; con el segundo y tercer trimestre del 2021.<\/div>\n<div style=\"text-align: justify;\">\n\t&nbsp;<\/div>\n<div style=\"text-align: justify;\">\n\t<strong>Cuant&iacute;a:<\/strong><\/div>\n<div style=\"text-align: justify;\">\n\t&nbsp;<\/div>\n<div style=\"text-align: justify;\">\n\tLa cuant&iacute;a de la prestaci&oacute;n ser&aacute; del 50% de la base de cotizaci&oacute;n m&iacute;nima que corresponda en funci&oacute;n de la actividad.<\/div>\n<div style=\"text-align: justify;\">\n\t&nbsp;<\/div>\n<div style=\"text-align: justify;\">\n\t<strong>Reconocimiento:<\/strong><\/div>\n<div style=\"text-align: justify;\">\n\t&nbsp;<\/div>\n<div style=\"text-align: justify;\">\n\tLa prestaci&oacute;n se podr&aacute; percibir como m&aacute;ximo hasta el 30 de septiembre. El trabajador aut&oacute;nomo, durante el tiempo que est&eacute; percibiendo la prestaci&oacute;n tendr&aacute; que ingresar a la TGSS la totalidad de las cotizaciones.<\/div>\n<div style=\"text-align: justify;\">\n\t&nbsp;<\/div>\n<div style=\"text-align: justify;\">\n\tLa mutua colaboradora abonar&aacute; al trabajador, junto con la prestaci&oacute;n por cese en la actividad, el importe de las cotizaciones por contingencias comunes que le hubiera correspondido ingresar de encontrarse sin desarrollar ninguna actividad.<\/div>\n<div style=\"text-align: justify;\">\n\t&nbsp;<\/div>\n<div style=\"text-align: justify;\">\n<h2 class=\"h2Noticia\">\n\t\tPrestaci&oacute;n extraordinaria por cese de actividad para aut&oacute;nomos de temporada<\/h2>\n<hr \/>\n<\/div>\n<div style=\"text-align: justify;\">\n\tSe consideran trabajadores de temporada aquellos trabajadores aut&oacute;nomos el &uacute;nico trabajo a lo largo de los a&ntilde;os 2018 y 2019 se hubiera desarrollado en el r&eacute;gimen de aut&oacute;nomos. Durante un m&iacute;nimo de 4 meses y un m&aacute;ximo de 7 en cada uno de los a&ntilde;os.<\/div>\n<div style=\"text-align: justify;\">\n\t&nbsp;<\/div>\n<div style=\"text-align: justify;\">\n\t<strong>Requisitos:<\/strong><\/div>\n<div style=\"text-align: justify;\">\n\t&nbsp;<\/div>\n<ul>\n<li style=\"text-align: justify;\">\n\t\tEsta prestaci&oacute;n requerir&aacute; haber cotizado un m&iacute;nimo de cuatro meses y un m&aacute;ximo 7 a cada uno de los a&ntilde;os 2018 y 2019.<\/li>\n<li style=\"text-align: justify;\">\n\t\tEncontrarse al corriente de pago de las cuotas de la Seguridad Social.<\/li>\n<li style=\"text-align: justify;\">\n\t\tNo obtener durante el segundo y tercer trimestre del a&ntilde;o 2020 y unos ingresos netos computables fiscalmente que superen los 6.650 euros.<\/li>\n<li style=\"text-align: justify;\">\n\t\tNo haber estado en alta o asimilado al alta como trabajador por cuenta ajena en el r&eacute;gimen de Seguridad Social correspondiente adem&aacute;s de 60 d&iacute;as durante el segundo y tercer trimestre del a&ntilde;o 2021.<\/li>\n<li style=\"text-align: justify;\">\n\t\tIncompatible con el trabajo por cuenta ajena.<\/li>\n<\/ul>\n<div style=\"text-align: justify;\">\n\t<strong>Cuant&iacute;a:<\/strong><\/div>\n<div style=\"text-align: justify;\">\n\t&nbsp;<\/div>\n<ul>\n<li style=\"text-align: justify;\">\n\t\tLa cuant&iacute;a de esta prestaci&oacute;n ser&aacute; equivalente al 70% de la base m&iacute;nima de cotizaci&oacute;n e incluye la exoneraci&oacute;n de las cuotas.<\/li>\n<\/ul>\n<div style=\"text-align: justify;\">\n\t<strong>Exoneraciones:<\/strong><\/div>\n<div style=\"text-align: justify;\">\n\t&nbsp;<\/div>\n<ul>\n<li style=\"text-align: justify;\">\n\t\tDurante la percepci&oacute;n de la prestaci&oacute;n no existir&aacute; la obligaci&oacute;n de cotizar.&nbsp;<\/li>\n<li style=\"text-align: justify;\">\n\t\tPrestaci&oacute;n extraordinaria por cese de actividad para trabajadores afectados por una suspensi&oacute;n temporal de toda actividad.<\/li>\n<li style=\"text-align: justify;\">\n\t\tLos trabajadores aut&oacute;nomos que, a 31 de mayo, estuvieran cobrando la prestaci&oacute;n extraordinaria por cese de la actividad afectados por una suspensi&oacute;n temporal de toda la actividad como consecuencia de la COVID 19 podr&aacute;n percibir la prestaci&oacute;n durante el tiempo que tengan la actividad suspensa o como m&aacute;ximo hasta el 30 de septiembre de 2021.<\/li>\n<\/ul>\n<div>\n\t&nbsp;<\/div>\n","protected":false},"excerpt":{"rendered":"<p style=\"text-align: justify;\">\n\t<span style=\"text-align: justify;\">El Gobierno acuerda mantener y prorrogar hasta el 30 de septiembre de 2021 las prestaciones extraordinarias vigentes de los trabajadores aut&oacute;nomos que vieron interrumpida su actividad debido a las medidas de contenci&oacute;n y limitaci&oacute;n adoptadas por las autoridades sanitarias, adem&aacute;s de incluir nuevas exoneraciones en las cuotas a la Seguridad Social, todas estas medidas vienen recogidas en el Real Decreto-Ley 11\/2021, de 27 de mayo, sobre medidas para la defensa de la ocupaci&oacute;n, la reactivaci&oacute;n econ&oacute;mica y la protecci&oacute;n de los trabajadores aut&oacute;nomos.<\/span><\/p>\n","protected":false},"author":2,"featured_media":7830,"comment_status":"open","ping_status":"open","sticky":false,"template":"","format":"standard","meta":{"_acf_changed":false,"_uag_custom_page_level_css":"","_jetpack_memberships_contains_paid_content":false,"footnotes":""},"categories":[26],"tags":[],"class_list":["post-7829","post","type-post","status-publish","format-standard","has-post-thumbnail","hentry","category-asesoria"],"acf":[],"jetpack_featured_media_url":"https:\/\/www.cinc.com\/wp-content\/uploads\/2023\/03\/1353.jpg","uagb_featured_image_src":{"full":["https:\/\/www.cinc.com\/wp-content\/uploads\/2023\/03\/1353.jpg",700,325,false],"thumbnail":["https:\/\/www.cinc.com\/wp-content\/uploads\/2023\/03\/1353.jpg",150,70,false],"medium":["https:\/\/www.cinc.com\/wp-content\/uploads\/2023\/03\/1353.jpg",300,139,false],"medium_large":["https:\/\/www.cinc.com\/wp-content\/uploads\/2023\/03\/1353.jpg",700,325,false],"large":["https:\/\/www.cinc.com\/wp-content\/uploads\/2023\/03\/1353.jpg",700,325,false],"1536x1536":["https:\/\/www.cinc.com\/wp-content\/uploads\/2023\/03\/1353.jpg",700,325,false],"2048x2048":["https:\/\/www.cinc.com\/wp-content\/uploads\/2023\/03\/1353.jpg",700,325,false],"gform-image-choice-sm":["https:\/\/www.cinc.com\/wp-content\/uploads\/2023\/03\/1353.jpg",300,139,false],"gform-image-choice-md":["https:\/\/www.cinc.com\/wp-content\/uploads\/2023\/03\/1353.jpg",400,186,false],"gform-image-choice-lg":["https:\/\/www.cinc.com\/wp-content\/uploads\/2023\/03\/1353.jpg",600,279,false]},"uagb_author_info":{"display_name":"Utrans","author_link":"https:\/\/www.cinc.com\/es\/author\/utrans\/"},"uagb_comment_info":0,"uagb_excerpt":"El Gobierno acuerda mantener y prorrogar hasta el 30 de septiembre de 2021 las prestaciones extraordinarias vigentes de los trabajadores aut&oacute;nomos que vieron interrumpida su actividad debido a las medidas de contenci&oacute;n y limitaci&oacute;n adoptadas por las autoridades sanitarias, adem&aacute;s de incluir nuevas exoneraciones en las cuotas a la Seguridad Social, todas estas medidas vienen&hellip;","jetpack_sharing_enabled":true,"_links":{"self":[{"href":"https:\/\/www.cinc.com\/es\/wp-json\/wp\/v2\/posts\/7829","targetHints":{"allow":["GET"]}}],"collection":[{"href":"https:\/\/www.cinc.com\/es\/wp-json\/wp\/v2\/posts"}],"about":[{"href":"https:\/\/www.cinc.com\/es\/wp-json\/wp\/v2\/types\/post"}],"author":[{"embeddable":true,"href":"https:\/\/www.cinc.com\/es\/wp-json\/wp\/v2\/users\/2"}],"replies":[{"embeddable":true,"href":"https:\/\/www.cinc.com\/es\/wp-json\/wp\/v2\/comments?post=7829"}],"version-history":[{"count":0,"href":"https:\/\/www.cinc.com\/es\/wp-json\/wp\/v2\/posts\/7829\/revisions"}],"wp:featuredmedia":[{"embeddable":true,"href":"https:\/\/www.cinc.com\/es\/wp-json\/wp\/v2\/media\/7830"}],"wp:attachment":[{"href":"https:\/\/www.cinc.com\/es\/wp-json\/wp\/v2\/media?parent=7829"}],"wp:term":[{"taxonomy":"category","embeddable":true,"href":"https:\/\/www.cinc.com\/es\/wp-json\/wp\/v2\/categories?post=7829"},{"taxonomy":"post_tag","embeddable":true,"href":"https:\/\/www.cinc.com\/es\/wp-json\/wp\/v2\/tags?post=7829"}],"curies":[{"name":"wp","href":"https:\/\/api.w.org\/{rel}","templated":true}]}}