{"id":7784,"date":"2021-04-27T00:00:00","date_gmt":"2021-04-27T00:00:00","guid":{"rendered":"https:\/\/www.cinc.com\/estamos-cerca-del-fin-del-trabajo-100-en-remoto-por-que-gran-parte-de-las-companias-y-trabajadores-quieren-volver-a-las-oficinas\/"},"modified":"2021-04-27T00:00:00","modified_gmt":"2021-04-27T00:00:00","slug":"estamos-cerca-del-fin-del-trabajo-100-en-remoto-por-que-gran-parte-de-las-companias-y-trabajadores-quieren-volver-a-las-oficinas","status":"publish","type":"post","link":"https:\/\/www.cinc.com\/es\/estamos-cerca-del-fin-del-trabajo-100-en-remoto-por-que-gran-parte-de-las-companias-y-trabajadores-quieren-volver-a-las-oficinas\/","title":{"rendered":"\u00bfEstamos cerca del fin del trabajo 100% en remoto? Por qu\u00e9 gran parte de las compa\u00f1\u00edas y trabajadores quieren volver a las oficinas"},"content":{"rendered":"<div style=\"text-align: justify;\">\n\tDespu&eacute;s de poco m&aacute;s de un a&ntilde;o de teletrabajo debido a la pandemia, parece que la mayor parte de las compa&ntilde;&iacute;as ya echan de menos el trabajo presencial y est&aacute;n empezando a planear una vuelta gradual a las oficinas. &iquest;Tendremos que despedirnos del trabajo a distancia? &iquest;Qu&eacute; factores han motivado esta vuelta inminente a los puestos de trabajo?&nbsp;<\/div>\n<div style=\"text-align: justify;\">\n\t&nbsp;<\/div>\n<div style=\"text-align: justify;\">\n\tDurante los &uacute;ltimos meses, muchas empresas se han adaptado a formas de trabajo flexible que compaginan el trabajo a distancia y presencial entre sus trabajadores, mientras otras han optado por seguir manteniendo el teletrabajo como al inicio de la pandemia. Est&aacute; claro que cada compa&ntilde;&iacute;a tomar&aacute; la decisi&oacute;n que considere m&aacute;s oportuna, pero ante una vuelta a la normalidad cada vez m&aacute;s m&aacute;s cercana, la tendencia general es que se producir&aacute; un retorno progresivo a los puestos de trabajo motivado por las limitaciones del teletrabajo.&nbsp;<\/div>\n<div style=\"text-align: justify;\">\n\t&nbsp;<\/div>\n<div style=\"text-align: justify;\">\n<h2 class=\"h2Noticia\">\n\t\t&iquest;Por qu&eacute; gran parte de las empresas han decidido que es la hora de volver a la oficina?<\/h2>\n<hr \/>\n<\/div>\n<div style=\"text-align: justify;\">\n\tDe entre los motivos que hay detr&aacute;s de esta vuelta masiva a los espacios de trabajo, la mayor&iacute;a responde a necesidades productivas y emocionales, que tienen un impacto directo en el rendimiento de los empleados. Y es que la vuelta al trabajo presencial, seg&uacute;n los expertos, no solo tiene beneficios indiscutibles en la productividad, sino que tambi&eacute;n contribuye a mejorar la comunicaci&oacute;n, el aprendizaje y la salud emocional de los empleados.<\/div>\n<div style=\"text-align: justify;\">\n\t&nbsp;<\/div>\n<div style=\"text-align: justify;\">\n\tPrecisamente, el impacto del teletrabajo en el bienestar de los trabajadores ha llevado a Linkedin realizar un interesante estudio en Espa&ntilde;a.&nbsp; Entre los aspectos emocionales m&aacute;s afectados por el trabajo a distancia, destacan la sensaci&oacute;n de soledad ante la ausencia de contacto con compa&ntilde;eros, la autopresi&oacute;n que se imponen los propios trabajadores para responder emails o llamadas m&aacute;s r&aacute;pido de lo que lo har&iacute;an en la oficina, y alargar voluntariamente la jornada laboral, entre otros.&nbsp;<\/div>\n<div style=\"text-align: justify;\">\n\t&nbsp;<\/div>\n<div style=\"text-align: justify;\">\n<h2 class=\"h2Noticia\">\n\t\tLas grandes tecnol&oacute;gicas: las primeras en volver al trabajo presencial<\/h2>\n<hr \/>\n<\/div>\n<div style=\"text-align: justify;\">\n\tAnte un regreso a la normalidad cada vez m&aacute;s cercano, los gigantes tecnol&oacute;gicos han sido los primeros en volver a sus espacios de trabajo. Algunas compa&ntilde;&iacute;as, como Microsoft, han abierto ya con aforo limitado algunos centros de trabajo en su pa&iacute;s de origen. Google, sin embargo, ha decidido ir m&aacute;s all&aacute;: seg&uacute;n la revista Forbes, el gigante tecnol&oacute;gico, que tambi&eacute;n ha reabierto oficinas, ha confirmado que limitar&aacute; el teletrabajo en el futuro.<\/div>\n<div style=\"text-align: justify;\">\n\t&nbsp;<\/div>\n<div style=\"text-align: justify;\">\n\tPor su parte, Apple ha declarado su intenci&oacute;n de mantener un modelo h&iacute;brido de trabajo. Su Consejero Delegado, Tim Cook, destaca las ventajas del trabajo presencial para promover la colaboraci&oacute;n e innovaci&oacute;n, y ha manifestado su deseo de que los empleados puedan volver por fin a las oficinas. A esta f&oacute;rmula tambi&eacute;n se ha sumado Facebook: su CEO, Marc Zuckerberg, tiene previsto activar el plan de vuelta al trabajo en mayo con un aforo m&aacute;ximo del 10%, que podr&iacute;a llegar al 50% en septiembre, seg&uacute;n Bloomberg.&nbsp;<\/div>\n<div style=\"text-align: justify;\">\n\t&nbsp;<\/div>\n<div style=\"text-align: justify;\">\n\tAmazon, en cambio, ya manten&iacute;a el trabajo presencial durante la pandemia debido a las necesidades log&iacute;sticas del comercio electr&oacute;nico, defendiendo que la cultura de la empresa se basa en el trabajo presencial, ya que permite colaborar y aprender de una forma m&aacute;s eficiente.<\/div>\n<div style=\"text-align: justify;\">\n\t&nbsp;<\/div>\n<div style=\"text-align: justify;\">\n<h2 class=\"h2Noticia\">\n\t\tAdaptados al teletrabajo, pero con ganas de volver a las oficinas<\/h2>\n<hr \/>\n<\/div>\n<div style=\"text-align: justify;\">\n\tEn Espa&ntilde;a, el panorama no es muy distinto: los trabajadores (y no s&oacute;lo las empresas) ya est&aacute;n reclamando la vuelta a las oficinas. La firma inmobiliaria Cushman and Wakefield ha presentado el estudio &ldquo;In Place 2&rdquo;, que recoge las percepciones de los profesionales en cuanto al trabajo en remoto, en el que han participado cerca de 1.000 profesionales de Espa&ntilde;a de diferentes sectores y perfiles.&nbsp;<\/div>\n<div style=\"text-align: justify;\">\n\t&nbsp;<\/div>\n<div style=\"text-align: justify;\">\n\tPues bien, los resultados m&aacute;s destacados del estudio concluyen que el 91% de los encuestados echa de menos la oficina, con un aumento del 83% de los que creen que el trabajo presencial permite interactuar mejor con los compa&ntilde;eros en la oficina. Adem&aacute;s, crece en un 60% el porcentaje de personas que piensan que es m&aacute;s f&aacute;cil mantener el sentimiento de pertenencia hacia la empresa trabajando en la oficina. Por tanto, en l&iacute;nea de otros estudios realizados en el sector, parece detr&aacute;s de las ganas de volver a compartir espacio con los compa&ntilde;eros de trabajo hay una necesidad de interacci&oacute;n social y vinculaci&oacute;n con la empresa.&nbsp;<\/div>\n<div style=\"text-align: justify;\">\n\t&nbsp;<\/div>\n<div style=\"text-align: justify;\">\n\tEsta intenci&oacute;n tambi&eacute;n se materializa en la contrataci&oacute;n de oficinas en el primer trimestre en Barcelona, que ha aumentado con fuerza: se han contratado 82.500 metros cuadrados, lo que representa un 64% por encima del mismo trimestre del a&ntilde;o anterior, seg&uacute;n datos de Cushman and Wakefield. Las estimaciones de la consultora inmobiliaria CBRE van en la misma l&iacute;nea: un 55% m&aacute;s de contrataciones en Barcelona con una contrataci&oacute;n de 70.000 metros cuadrados.<\/div>\n<div style=\"text-align: justify;\">\n\t&nbsp;<\/div>\n<div style=\"text-align: justify;\">\n<h2 class=\"h2Noticia\">\n\t\tCINC te ayuda a hacer m&aacute;s f&aacute;cil la vuelta a la normalidad<\/h2>\n<hr \/>\n<\/div>\n<div style=\"text-align: justify;\">\n\tEn CINC estamos preparados para adaptar tu espacio de trabajo corporativo a la f&oacute;rmula flexible que necesites. Llevamos m&aacute;s de 15 a&ntilde;os liderando la preparaci&oacute;n de espacios en el 22@ y el centro de Girona, ayudando a empresas nacionales e internacionales a aterrizar en el distrito tecnol&oacute;gico de Catalu&ntilde;a facilitando todo el soporte humano y log&iacute;stico para contribuir al crecimiento de tu empresa. Adem&aacute;s, te ofrecemos un apoyo integral gracias a nuestros servicios de asesor&iacute;a de empresas, corredur&iacute;a de seguros y programas dirigidos a nuevos emprendedores.&nbsp;<\/div>\n<div style=\"text-align: justify;\">\n\t&nbsp;<\/div>\n<div style=\"text-align: justify;\">\n\tSi quieres un regreso a las oficinas seguro y flexible, CINC te ofrece soluciones a medida con todas las facilidades en un entorno &uacute;nico que te permitir&aacute; reforzar los v&iacute;nculos y el sentimiento de pertenencia de la empresa.&nbsp;<\/div>\n<div>\n\t&nbsp;<\/div>\n","protected":false},"excerpt":{"rendered":"<p style=\"text-align: justify;\">\n\tDespu&eacute;s de poco m&aacute;s de un a&ntilde;o de teletrabajo debido a la pandemia, parece que la mayor parte de las compa&ntilde;&iacute;as ya echan de menos el trabajo presencial y est&aacute;n empezando a planear una vuelta gradual a las oficinas. &iquest;Tendremos que despedirnos del trabajo a distancia? &iquest;Qu&eacute; factores han motivado esta vuelta inminente a los puestos de trabajo?&nbsp;<\/p>\n","protected":false},"author":2,"featured_media":7785,"comment_status":"open","ping_status":"open","sticky":false,"template":"","format":"standard","meta":{"_acf_changed":false,"_uag_custom_page_level_css":"","_jetpack_memberships_contains_paid_content":false,"footnotes":""},"categories":[25],"tags":[],"class_list":["post-7784","post","type-post","status-publish","format-standard","has-post-thumbnail","hentry","category-centro-de-negocios"],"acf":[],"jetpack_featured_media_url":"https:\/\/www.cinc.com\/wp-content\/uploads\/2023\/03\/1344.jpg","uagb_featured_image_src":{"full":["https:\/\/www.cinc.com\/wp-content\/uploads\/2023\/03\/1344.jpg",905,515,false],"thumbnail":["https:\/\/www.cinc.com\/wp-content\/uploads\/2023\/03\/1344.jpg",150,85,false],"medium":["https:\/\/www.cinc.com\/wp-content\/uploads\/2023\/03\/1344.jpg",300,171,false],"medium_large":["https:\/\/www.cinc.com\/wp-content\/uploads\/2023\/03\/1344.jpg",768,437,false],"large":["https:\/\/www.cinc.com\/wp-content\/uploads\/2023\/03\/1344.jpg",905,515,false],"1536x1536":["https:\/\/www.cinc.com\/wp-content\/uploads\/2023\/03\/1344.jpg",905,515,false],"2048x2048":["https:\/\/www.cinc.com\/wp-content\/uploads\/2023\/03\/1344.jpg",905,515,false],"gform-image-choice-sm":["https:\/\/www.cinc.com\/wp-content\/uploads\/2023\/03\/1344.jpg",300,171,false],"gform-image-choice-md":["https:\/\/www.cinc.com\/wp-content\/uploads\/2023\/03\/1344.jpg",400,228,false],"gform-image-choice-lg":["https:\/\/www.cinc.com\/wp-content\/uploads\/2023\/03\/1344.jpg",600,341,false]},"uagb_author_info":{"display_name":"Utrans","author_link":"https:\/\/www.cinc.com\/es\/author\/utrans\/"},"uagb_comment_info":0,"uagb_excerpt":"Despu&eacute;s de poco m&aacute;s de un a&ntilde;o de teletrabajo debido a la pandemia, parece que la mayor parte de las compa&ntilde;&iacute;as ya echan de menos el trabajo presencial y est&aacute;n empezando a planear una vuelta gradual a las oficinas. &iquest;Tendremos que despedirnos del trabajo a distancia? &iquest;Qu&eacute; factores han motivado esta vuelta inminente a los&hellip;","jetpack_sharing_enabled":true,"_links":{"self":[{"href":"https:\/\/www.cinc.com\/es\/wp-json\/wp\/v2\/posts\/7784","targetHints":{"allow":["GET"]}}],"collection":[{"href":"https:\/\/www.cinc.com\/es\/wp-json\/wp\/v2\/posts"}],"about":[{"href":"https:\/\/www.cinc.com\/es\/wp-json\/wp\/v2\/types\/post"}],"author":[{"embeddable":true,"href":"https:\/\/www.cinc.com\/es\/wp-json\/wp\/v2\/users\/2"}],"replies":[{"embeddable":true,"href":"https:\/\/www.cinc.com\/es\/wp-json\/wp\/v2\/comments?post=7784"}],"version-history":[{"count":0,"href":"https:\/\/www.cinc.com\/es\/wp-json\/wp\/v2\/posts\/7784\/revisions"}],"wp:featuredmedia":[{"embeddable":true,"href":"https:\/\/www.cinc.com\/es\/wp-json\/wp\/v2\/media\/7785"}],"wp:attachment":[{"href":"https:\/\/www.cinc.com\/es\/wp-json\/wp\/v2\/media?parent=7784"}],"wp:term":[{"taxonomy":"category","embeddable":true,"href":"https:\/\/www.cinc.com\/es\/wp-json\/wp\/v2\/categories?post=7784"},{"taxonomy":"post_tag","embeddable":true,"href":"https:\/\/www.cinc.com\/es\/wp-json\/wp\/v2\/tags?post=7784"}],"curies":[{"name":"wp","href":"https:\/\/api.w.org\/{rel}","templated":true}]}}