{"id":7754,"date":"2021-04-06T00:00:00","date_gmt":"2021-04-06T00:00:00","guid":{"rendered":"https:\/\/www.cinc.com\/nuevo-impuesto-sobre-las-emisiones-co2-de-los-vehiculos-de-traccion-mecanica\/"},"modified":"2021-04-06T00:00:00","modified_gmt":"2021-04-06T00:00:00","slug":"nuevo-impuesto-sobre-las-emisiones-co2-de-los-vehiculos-de-traccion-mecanica","status":"publish","type":"post","link":"https:\/\/www.cinc.com\/es\/nuevo-impuesto-sobre-las-emisiones-co2-de-los-vehiculos-de-traccion-mecanica\/","title":{"rendered":"Nuevo impuesto sobre las emisiones CO2 de los veh\u00edculos de tracci\u00f3n mec\u00e1nica"},"content":{"rendered":"<div style=\"text-align: justify;\">\n\tA partir del 1 de septiembre de 2021, entra en vigor el impuesto sobre las emisiones de CO2, un tributo creado por la Generalitat de Catalu&ntilde;a que tiene como finalidad gravar las emisiones de CO2.<\/div>\n<div style=\"text-align: justify;\">\n\t&nbsp;<\/div>\n<div style=\"text-align: justify;\">\n<h2 class=\"h2Noticia\">\n\t\t&iquest;Qui&eacute;n debe pagar este nuevo impuesto?<\/h2>\n<hr \/>\n<\/div>\n<div style=\"text-align: justify;\">\n\tAfecta a los siguientes titulares de veh&iacute;culos:<\/div>\n<div style=\"text-align: justify;\">\n\t&nbsp;<\/div>\n<ul>\n<li style=\"text-align: justify;\">\n\t\tPersonas f&iacute;sicas y jur&iacute;dicas que sean titulares de un veh&iacute;culo (turismo, furgoneta o motocicleta) con domicilio fiscal en Catalu&ntilde;a en 2020.<\/li>\n<li style=\"text-align: justify;\">\n\t\tLas personas jur&iacute;dicas sin residencia fiscal en Catalu&ntilde;a, pero que tengan un establecimiento, sucursal u oficina y veh&iacute;culos registrados a fecha de 31 de diciembre de 2020.<\/li>\n<\/ul>\n<div style=\"text-align: justify;\">\n<h2 class=\"h2Noticia\">\n\t\tCuando se abonar&aacute; este impuesto?<\/h2>\n<hr \/>\n<\/div>\n<ul>\n<li style=\"text-align: justify;\">\n\t\tA partir del 1 de septiembre de 2021: pago a trav&eacute;s de la sede electr&oacute;nica de la Agencia Tributaria de Catalu&ntilde;a.<\/li>\n<li style=\"text-align: justify;\">\n\t\tA partir de octubre de 2021: pago una vez recibida la notificaci&oacute;n.<\/li>\n<\/ul>\n<p style=\"text-align: justify;\">\n\tEl impuesto se gestiona mediante el padr&oacute;n y es elaborado y aprobado por el ATC a partir de los datos de que dispone. Se podr&aacute; consultar el padr&oacute;n municipal a partir del 1 de mayo de 2021 con identificaci&oacute;n digital a trav&eacute;s del idCat M&oacute;vil (en el caso de las personas f&iacute;sicas).<\/p>\n<div style=\"text-align: justify;\">\n\tLa recaudaci&oacute;n se destinar&aacute; &iacute;ntegramente al Fondo clim&aacute;tico y al Fondo del patrimonio natural con el objetivo de invertir en acciones de mejora del entorno y del transporte p&uacute;blico, as&iacute; como fomentar las energ&iacute;as renovables y los veh&iacute;culos limpios impulsar la movilidad sostenible, la gesti&oacute;n de los parques naturales y la investigaci&oacute;n.<\/div>\n<div style=\"text-align: justify;\">\n\t&nbsp;<\/div>\n<div style=\"text-align: justify;\">\n<h2 class=\"h2Noticia\">\n\t\t&iquest;Cu&aacute;l es la cuant&iacute;a que corresponde pagar?<\/h2>\n<hr \/>\n<\/div>\n<div style=\"text-align: justify;\">\n\tLa cuota depender&aacute; de las emisiones de CO2 que figuran en la etiqueta t&eacute;cnica del veh&iacute;culo. De este modo, cuanto m&aacute;s emisiones produzca, mayor ser&aacute; la cuota resultante a pagar.<\/div>\n<div style=\"text-align: justify;\">\n\t&nbsp;<\/div>\n<div style=\"text-align: justify;\">\n\tLa cuant&iacute;a puede ir de los 6 a los 60 &euro; anuales para la mayor&iacute;a de turismos. No habr&aacute; obligaci&oacute;n de pagar el impuesto cuando la cantidad total a ingresar sea inferior a 6 &euro;.<\/div>\n<div style=\"text-align: justify;\">\n\t&nbsp;<\/div>\n<div style=\"text-align: justify;\">\n\tDurante el ejercicio 2020, los turismos y motocicletas tributan a partir de 120g\/km de emisiones de CO2, y las furgonetas a partir de 160g\/km. Para el ejercicio 2021, los turismos pasar&aacute;n de tributar a partir de 95 g\/km y las furgonetas a partir de 140 g\/km.<\/div>\n<div style=\"text-align: justify;\">\n\t&nbsp;<\/div>\n<div style=\"text-align: justify;\">\n\tEste importe se publica el padr&oacute;n provisional a partir del 1 de mayo de 2021, y tambi&eacute;n se puede consultar el importe orientativo <a href=\"https:\/\/atc.gencat.cat\/ca\/tributs\/impost-emissions-vehicles\/simulador-emissions\/\" target=\"_blank\" rel=\"noopener\">a trav&eacute;s de un simulador<\/a>.<\/div>\n<div style=\"text-align: justify;\">\n\t&nbsp;<\/div>\n","protected":false},"excerpt":{"rendered":"<p style=\"text-align: justify;\">\n\tA partir del 1 de septiembre de 2021, entra en vigor el impuesto sobre las emisiones de CO2, un tributo creado por la Generalitat de Catalu&ntilde;a que tiene como finalidad gravar las emisiones de CO2<\/p>\n","protected":false},"author":2,"featured_media":7755,"comment_status":"open","ping_status":"open","sticky":false,"template":"","format":"standard","meta":{"_acf_changed":false,"_uag_custom_page_level_css":"","_jetpack_memberships_contains_paid_content":false,"footnotes":""},"categories":[26],"tags":[],"class_list":["post-7754","post","type-post","status-publish","format-standard","has-post-thumbnail","hentry","category-asesoria"],"acf":[],"jetpack_featured_media_url":"https:\/\/www.cinc.com\/wp-content\/uploads\/2023\/03\/1338.jpg","uagb_featured_image_src":{"full":["https:\/\/www.cinc.com\/wp-content\/uploads\/2023\/03\/1338.jpg",1113,361,false],"thumbnail":["https:\/\/www.cinc.com\/wp-content\/uploads\/2023\/03\/1338.jpg",150,49,false],"medium":["https:\/\/www.cinc.com\/wp-content\/uploads\/2023\/03\/1338.jpg",300,97,false],"medium_large":["https:\/\/www.cinc.com\/wp-content\/uploads\/2023\/03\/1338.jpg",768,249,false],"large":["https:\/\/www.cinc.com\/wp-content\/uploads\/2023\/03\/1338.jpg",960,311,false],"1536x1536":["https:\/\/www.cinc.com\/wp-content\/uploads\/2023\/03\/1338.jpg",1113,361,false],"2048x2048":["https:\/\/www.cinc.com\/wp-content\/uploads\/2023\/03\/1338.jpg",1113,361,false],"gform-image-choice-sm":["https:\/\/www.cinc.com\/wp-content\/uploads\/2023\/03\/1338.jpg",300,97,false],"gform-image-choice-md":["https:\/\/www.cinc.com\/wp-content\/uploads\/2023\/03\/1338.jpg",400,130,false],"gform-image-choice-lg":["https:\/\/www.cinc.com\/wp-content\/uploads\/2023\/03\/1338.jpg",600,195,false]},"uagb_author_info":{"display_name":"Utrans","author_link":"https:\/\/www.cinc.com\/es\/author\/utrans\/"},"uagb_comment_info":0,"uagb_excerpt":"A partir del 1 de septiembre de 2021, entra en vigor el impuesto sobre las emisiones de CO2, un tributo creado por la Generalitat de Catalu&ntilde;a que tiene como finalidad gravar las emisiones de CO2","jetpack_sharing_enabled":true,"_links":{"self":[{"href":"https:\/\/www.cinc.com\/es\/wp-json\/wp\/v2\/posts\/7754","targetHints":{"allow":["GET"]}}],"collection":[{"href":"https:\/\/www.cinc.com\/es\/wp-json\/wp\/v2\/posts"}],"about":[{"href":"https:\/\/www.cinc.com\/es\/wp-json\/wp\/v2\/types\/post"}],"author":[{"embeddable":true,"href":"https:\/\/www.cinc.com\/es\/wp-json\/wp\/v2\/users\/2"}],"replies":[{"embeddable":true,"href":"https:\/\/www.cinc.com\/es\/wp-json\/wp\/v2\/comments?post=7754"}],"version-history":[{"count":0,"href":"https:\/\/www.cinc.com\/es\/wp-json\/wp\/v2\/posts\/7754\/revisions"}],"wp:featuredmedia":[{"embeddable":true,"href":"https:\/\/www.cinc.com\/es\/wp-json\/wp\/v2\/media\/7755"}],"wp:attachment":[{"href":"https:\/\/www.cinc.com\/es\/wp-json\/wp\/v2\/media?parent=7754"}],"wp:term":[{"taxonomy":"category","embeddable":true,"href":"https:\/\/www.cinc.com\/es\/wp-json\/wp\/v2\/categories?post=7754"},{"taxonomy":"post_tag","embeddable":true,"href":"https:\/\/www.cinc.com\/es\/wp-json\/wp\/v2\/tags?post=7754"}],"curies":[{"name":"wp","href":"https:\/\/api.w.org\/{rel}","templated":true}]}}