{"id":7643,"date":"2021-01-28T00:00:00","date_gmt":"2021-01-28T00:00:00","guid":{"rendered":"https:\/\/www.cinc.com\/nueva-prorroga-de-la-prestacion-por-cese-de-actividad-de-los-autonomos\/"},"modified":"2021-01-28T00:00:00","modified_gmt":"2021-01-28T00:00:00","slug":"nueva-prorroga-de-la-prestacion-por-cese-de-actividad-de-los-autonomos","status":"publish","type":"post","link":"https:\/\/www.cinc.com\/es\/nueva-prorroga-de-la-prestacion-por-cese-de-actividad-de-los-autonomos\/","title":{"rendered":"Nueva pr\u00f3rroga de la prestaci\u00f3n por cese de actividad de los aut\u00f3nomos"},"content":{"rendered":"<div style=\"text-align: justify;\">\n\tA partir del 1 de febrero, las personas trabajadoras aut&oacute;nomas podr&aacute;n acceder a cuatro tipos de prestaci&oacute;n por cese de actividad, reguladas a trav&eacute;s del Real Decreto-Ley 2\/2021, de 26 de enero, de refuerzo y consolidaci&oacute;n de medidas sociales en defensa del empleo.<\/div>\n<div style=\"text-align: justify;\">\n\t&nbsp;<\/div>\n<div style=\"text-align: justify;\">\n<h2 class=\"h2Noticia\">\n\t\tPrestaci&oacute;n extraordinaria por suspensi&oacute;n temporal de la actividad<\/h2>\n<hr \/>\n<\/div>\n<div style=\"text-align: justify;\">\n\tLos trabajadores aut&oacute;nomos que se vean obligados a suspender todas sus actividades como consecuencia de una resoluci&oacute;n adoptada por la autoridad competente, como medida de contenci&oacute;n de la pandemia, tendr&aacute;n derecho a una nueva prestaci&oacute;n extraordinaria.<\/div>\n<div style=\"text-align: justify;\">\n\t&nbsp;<\/div>\n<div style=\"text-align: justify;\">\n\t<strong>Requisitos:<\/strong><\/div>\n<div style=\"text-align: justify;\">\n\t&nbsp;<\/div>\n<ul>\n<li style=\"text-align: justify;\">\n\t\tEstar afiliado en el R&eacute;gimen especial de aut&oacute;nomos antes del 1 de febrero de 2021.<\/li>\n<li style=\"text-align: justify;\">\n\t\tHallarse al corriente de pago de las cuotas de la Seguridad Social.<\/li>\n<\/ul>\n<div style=\"text-align: justify;\">\n\t<strong>Cuant&iacute;a:<\/strong><\/div>\n<div style=\"text-align: justify;\">\n\t&nbsp;<\/div>\n<div style=\"text-align: justify;\">\n\tLa cuant&iacute;a de la prestaci&oacute;n ser&aacute; del 50% de la base m&iacute;nima de cotizaci&oacute;n que corresponda, se incrementar&aacute; en un 20% si el trabajador aut&oacute;nomo tiene reconocida la condici&oacute;n de miembro de familia numerosa.<\/div>\n<div style=\"text-align: justify;\">\n\t&nbsp;<\/div>\n<div style=\"text-align: justify;\">\n\t<strong>Exoneraci&oacute;n:<\/strong><\/div>\n<div style=\"text-align: justify;\">\n\t&nbsp;<\/div>\n<div style=\"text-align: justify;\">\n\tEl trabajador aut&oacute;nomo quedar&aacute; exonerado de pagar las cuotas a la Seguridad Social desde el primer d&iacute;a del mes en el que se adopta la medida de cierre de actividad hasta el &uacute;ltimo d&iacute;a del mes siguiente al que se levante dicha medida o hasta el 31 de mayo de 2021.<\/div>\n<div style=\"text-align: justify;\">\n\t&nbsp;<\/div>\n<div style=\"text-align: justify;\">\n\tLa percepci&oacute;n de la prestaci&oacute;n tendr&aacute; una duraci&oacute;n m&aacute;xima de 4 meses, y el derecho a su acceso finalizar&aacute; el &uacute;ltimo d&iacute;a del mes en que se acuerde el levantamiento de las medidas o el 31 de mayo de 2021 si esta &uacute;ltima fecha es anterior.<\/div>\n<div style=\"text-align: justify;\">\n<div>\n\t\t&nbsp;<\/div>\n<div>\n\t\t<strong>Reconocimiento:<\/strong><\/div>\n<div>\n\t\t&nbsp;<\/div>\n<div>\n\t\tEl reconocimiento de la prestaci&oacute;n deber&aacute; solicitarse dentro de los primeros 21 d&iacute;as naturales siguientes a la resoluci&oacute;n de cierre de actividad, en caso de que la solicitud se presente fuera del plazo. El derecho a la presentaci&oacute;n se iniciar&aacute; el d&iacute;a de la solicitud.<\/div>\n<\/div>\n<div style=\"text-align: justify;\">\n\t&nbsp;<\/div>\n<div style=\"text-align: justify;\">\n<h2 class=\"h2Noticia\">\n\t\tPrestaci&oacute;n por cese de actividad compatible con el trabajo por cuenta propia<\/h2>\n<hr \/>\n<\/div>\n<div style=\"text-align: justify;\">\n\tA partir del 1 de febrero los trabajadores aut&oacute;nomos podr&aacute;n solicitar la prestaci&oacute;n por cese de actividad prevista en el art&iacute;culo 327 del texto refundido de la Ley General de la Seguridad Social, aprobado por el Real Decreto Legislativo 8\/2015, de 30 de octubre, siempre que concurran los requisitos establecidos en este precepto y en los apartados a), b), d) y e) del art&iacute;culo 330.1 del texto refundido de la Ley General de la Seguridad Social.<\/div>\n<div style=\"text-align: justify;\">\n\t&nbsp;<\/div>\n<div style=\"text-align: justify;\">\n\t<strong>Requisitos:<\/strong><\/div>\n<div style=\"text-align: justify;\">\n\t&nbsp;<\/div>\n<ul>\n<li style=\"text-align: justify;\">\n\t\tAcreditar en el primer semestre de 2021 una reducci&oacute;n de los ingresos computables fiscalmente de la actividad por cuenta propia de m&aacute;s del 50 % de los habidos en el segundo semestre de 2019; as&iacute; como no haber obtenido durante el semestre indicado de 2021 unos rendimientos netos computables fiscalmente superiores a 7.980 euros.&nbsp;<\/li>\n<li style=\"text-align: justify;\">\n<div>\n\t\t\tPara el c&aacute;lculo de la reducci&oacute;n de ingresos se tendr&aacute; en cuenta el per&iacute;odo en alta en el segundo semestre de 2019 y se comparar&aacute; con la parte proporcional de los ingresos en el primer semestre de 2021.<\/div>\n<\/li>\n<\/ul>\n<div style=\"text-align: justify;\">\n\t<strong>Cuant&iacute;a:<\/strong><\/div>\n<div style=\"text-align: justify;\">\n\t&nbsp;<\/div>\n<div style=\"text-align: justify;\">\n\tLa cuant&iacute;a de la prestaci&oacute;n ser&aacute; el 50 % de la base de cotizaci&oacute;n m&iacute;nima que le corresponda en funci&oacute;n de la actividad y se podr&aacute; solicitar del 1 al 21 de febrero.<\/div>\n<div style=\"text-align: justify;\">\n\t&nbsp;<\/div>\n<div style=\"text-align: justify;\">\n\t<strong>Reconocimiento:<\/strong><\/div>\n<div style=\"text-align: justify;\">\n\t&nbsp;<\/div>\n<div style=\"text-align: justify;\">\n\tEsta prestaci&oacute;n podr&aacute; percibirse como m&aacute;ximo hasta el 31 de mayo. El trabajador aut&oacute;nomo, durante el tiempo que est&eacute; percibiendo la prestaci&oacute;n deber&aacute; ingresar en la TGSS la totalidad de las cotizaciones.<\/div>\n<div style=\"text-align: justify;\">\n\t&nbsp;<\/div>\n<div style=\"text-align: justify;\">\n\tLa mutua colaboradora abonar&aacute; al trabajador junto con la prestaci&oacute;n por cese en la actividad, el importe de las cotizaciones por contingencias comunes que le hubiera correspondido ingresar de encontrarse sin desarrollar actividad alguna.<\/div>\n<div style=\"text-align: justify;\">\n\t&nbsp;<\/div>\n<div style=\"text-align: justify;\">\n<h2 class=\"h2Noticia\">\n\t\tPrestaci&oacute;n extraordinaria por cese de actividad para aut&oacute;nomos de temporada<\/h2>\n<hr \/>\n<\/div>\n<div style=\"text-align: justify;\">\n\tSe consideran trabajadores de temporada aquellos trabajadores aut&oacute;nomos cuyo &uacute;nico trabajo a lo largo de los a&ntilde;os 2018 y 2019 se hubiera desarrollad en el RE Aut&oacute;nomos. Durante un m&iacute;nimo de 4 meses y un m&aacute;ximo de 6 en cada uno de los a&ntilde;os.<\/div>\n<div style=\"text-align: justify;\">\n<div>\n\t\t&nbsp;<\/div>\n<div>\n\t\t<strong>Requisitos:<\/strong><\/div>\n<div>\n\t\t&nbsp;<\/div>\n<ul>\n<li>\n\t\t\tEsta prestaci&oacute;n requerir&aacute; haber cotizado un m&iacute;nimo de cuatro meses y un m&aacute;ximo de 6 meses de cada uno de los a&ntilde;os 2018 y 2019.<\/li>\n<li>\n\t\t\tNo haber estado en alta o asimilado al alta cono trabajador por cuenta ajena m&aacute;s de 60 d&iacute;as durante el primer semestre del 2021.<\/li>\n<li>\n\t\t\tNo obtener durante la primera mitad del a&ntilde;o 2021 unos ingresos netos computables fiscalmente que superen los 6.650 euros.<\/li>\n<li>\n\t\t\tHallarse al corriente de pago de las cuotas de la seguridad social.&nbsp;&nbsp;<\/li>\n<li>\n\t\t\tIncompatible con el trabajo por cuenta ajena.<\/li>\n<\/ul>\n<p>\n\t\t<strong>Cuant&iacute;a:<\/strong><\/p>\n<ul>\n<li>\n\t\t\tLa cuant&iacute;a de esta prestaci&oacute;n ser&aacute; equivalente al 70% de la base m&iacute;nima de cotizaci&oacute;n e incluye la exoneraci&oacute;n de las cuotas<\/li>\n<\/ul>\n<p>\n\t\t<strong>Exoneraciones:<\/strong><\/p>\n<ul>\n<li>\n\t\t\tDurante la percepci&oacute;n de la prestaci&oacute;n no existir&aacute; obligaci&oacute;n de cotizar<\/li>\n<\/ul>\n<\/div>\n<div style=\"text-align: justify;\">\n<h2 class=\"h2Noticia\">\n\t\tPrestaci&oacute;n extraordinaria por cese de actividad para trabajadores que no puedan causar derecho a la prestaci&oacute;n ordinaria<\/h2>\n<hr \/>\n<\/div>\n<div style=\"text-align: justify;\">\n\tLos trabajadores aut&oacute;nomos que no puedan causar derecho a la prestaci&oacute;n ordinaria de cese de actividad prevista en el art&iacute;culo 7 o a la prestaci&oacute;n de cese de actividad regulada en los art&iacute;culos 327 y siguientes del texto refundido de la Ley General de la Seguridad Social, podr&aacute;n acceder a partir de la entrada en vigor de esta norma, a la prestaci&oacute;n econ&oacute;mica de cese de actividad de naturaleza extraordinaria prevista en este art&iacute;culo.<\/div>\n<div style=\"text-align: justify;\">\n\t&nbsp;<\/div>\n<div style=\"text-align: justify;\">\n\t<strong>Requisitos:<\/strong><\/div>\n<div style=\"text-align: justify;\">\n\t&nbsp;<\/div>\n<ul>\n<li style=\"text-align: justify;\">\n\t\tEstar dado de alta y al corriente en el pago de las cotizaciones en el R&eacute;gimen Especial de Trabajadores Aut&oacute;nomos desde antes del 1 de abril de 2020.<\/li>\n<li style=\"text-align: justify;\">\n\t\tNo tener rendimientos netos computables fiscalmente procedentes de la actividad por cuenta propia en el primer semestre de 2020 y superiores a 6.650 euros.<\/li>\n<li style=\"text-align: justify;\">\n\t\tNo tener derecho a la prestaci&oacute;n de cese de actividad.&nbsp;<\/li>\n<li style=\"text-align: justify;\">\n\t\tAcreditar en el primer semestre del 2021 unos ingresos computables fiscalmente de la actividad por cuenta propia inferiores a los habidos en el primer trimestre de 2020<\/li>\n<\/ul>\n<div style=\"text-align: justify;\">\n\t<strong>Cuant&iacute;a:<\/strong><\/div>\n<div style=\"text-align: justify;\">\n\t&nbsp;<\/div>\n<div style=\"text-align: justify;\">\n\tLa cuant&iacute;a de la prestaci&oacute;n ser&aacute; del 50% de la base m&iacute;nima de cotizaci&oacute;n.<\/div>\n<div style=\"text-align: justify;\">\n\t&nbsp;<\/div>\n<div style=\"text-align: justify;\">\n\t<strong>Exoneraciones:<\/strong><\/div>\n<div style=\"text-align: justify;\">\n\t&nbsp;<\/div>\n<div style=\"text-align: justify;\">\n\tDurante el tiempo de percepci&oacute;n de la prestaci&oacute;n se mantendr&aacute; el alta en el r&eacute;gimen quedando el trabajador exonerado de la obligaci&oacute;n de cotizar (este periodo se entender&aacute; como cotizado).<\/div>\n<div style=\"text-align: justify;\">\n\t&nbsp;<\/div>\n<div style=\"text-align: justify;\">\n\t<strong>Reconocimiento:<\/strong><\/div>\n<div style=\"text-align: justify;\">\n\t&nbsp;<\/div>\n<div style=\"text-align: justify;\">\n<ul>\n<li>\n\t\t\tLa prestaci&oacute;n podr&aacute;&nbsp; comenzar a devenengarse con efectos del 1 de febrero de 2021 y tendr&aacute; una duraci&oacute;n m&aacute;xima de 4 meses, siempre que la solicitud se presente dentro de los primeros 21 d&iacute;as naturales de febrero. En caso contrario, los efectos ser&aacute;n a partir del primer d&iacute;a del mes siguiente al de la prestaci&oacute;n de la solicitud sin que su duraci&oacute;n pueda exceder del 31 de mayo.&nbsp;<\/li>\n<li>\n\t\t\tLa percepci&oacute;n de la prestaci&oacute;n ser&aacute; incompatible con la percepci&oacute;n de una retribuci&oacute;n de trabajo por cuenta ajena.<\/li>\n<li>\n\t\t\tLos trabajadores aut&oacute;nomos que perciban esta prestaci&oacute;n deben cotizar por cese de actividad a partir del mes siguiente en que finalice la percepci&oacute;n de la prestaci&oacute;n.<\/li>\n<li>\n\t\t\tLa gesti&oacute;n de la prestaci&oacute;n corresponde a las mutuas de la Seguridad Social.<\/li>\n<li>\n\t\t\tPara poder iniciar el tr&aacute;mite se deber&aacute; aportar una declaraci&oacute;n jurada de los ingresos que se perciben.<\/li>\n<li>\n\t\t\tEs incompatible con el trabajo por cuenta ajena.&nbsp;<\/li>\n<\/ul>\n<p>\n\t\t&nbsp;<\/p>\n<\/div>\n<p style=\"text-align: center;\">\n\t<a class=\"button botoTextBlanc btn-primary btn-round\" href=\"https:\/\/www.cinc.com\/pubDocs\/Cuadro%20resumen%20prestaciones%20aut%c3%b3nomos%20-%20CINC%20Asesor%c3%ada.pdf\">Ver cuadro resumen de las prestaciones<\/a><\/p>\n","protected":false},"excerpt":{"rendered":"<p style=\"text-align: justify;\">\n\t<span style=\"text-align: justify;\">A partir del 1 de febrero, las personas trabajadoras aut&oacute;nomas podr&aacute;n acceder a cuatro tipos de prestaci&oacute;n por cese de actividad, reguladas a trav&eacute;s del Real Decreto-Ley 2\/2021, de 26 de enero, de refuerzo y consolidaci&oacute;n de medidas sociales en defensa del empleo.<\/span><\/p>\n","protected":false},"author":2,"featured_media":7644,"comment_status":"open","ping_status":"open","sticky":false,"template":"","format":"standard","meta":{"_acf_changed":false,"_uag_custom_page_level_css":"","_jetpack_memberships_contains_paid_content":false,"footnotes":""},"categories":[26],"tags":[],"class_list":["post-7643","post","type-post","status-publish","format-standard","has-post-thumbnail","hentry","category-asesoria"],"acf":[],"jetpack_featured_media_url":"https:\/\/www.cinc.com\/wp-content\/uploads\/2023\/03\/1311.jpg","uagb_featured_image_src":{"full":["https:\/\/www.cinc.com\/wp-content\/uploads\/2023\/03\/1311.jpg",1113,361,false],"thumbnail":["https:\/\/www.cinc.com\/wp-content\/uploads\/2023\/03\/1311.jpg",150,49,false],"medium":["https:\/\/www.cinc.com\/wp-content\/uploads\/2023\/03\/1311.jpg",300,97,false],"medium_large":["https:\/\/www.cinc.com\/wp-content\/uploads\/2023\/03\/1311.jpg",768,249,false],"large":["https:\/\/www.cinc.com\/wp-content\/uploads\/2023\/03\/1311.jpg",960,311,false],"1536x1536":["https:\/\/www.cinc.com\/wp-content\/uploads\/2023\/03\/1311.jpg",1113,361,false],"2048x2048":["https:\/\/www.cinc.com\/wp-content\/uploads\/2023\/03\/1311.jpg",1113,361,false],"gform-image-choice-sm":["https:\/\/www.cinc.com\/wp-content\/uploads\/2023\/03\/1311.jpg",300,97,false],"gform-image-choice-md":["https:\/\/www.cinc.com\/wp-content\/uploads\/2023\/03\/1311.jpg",400,130,false],"gform-image-choice-lg":["https:\/\/www.cinc.com\/wp-content\/uploads\/2023\/03\/1311.jpg",600,195,false]},"uagb_author_info":{"display_name":"Utrans","author_link":"https:\/\/www.cinc.com\/es\/author\/utrans\/"},"uagb_comment_info":0,"uagb_excerpt":"A partir del 1 de febrero, las personas trabajadoras aut&oacute;nomas podr&aacute;n acceder a cuatro tipos de prestaci&oacute;n por cese de actividad, reguladas a trav&eacute;s del Real Decreto-Ley 2\/2021, de 26 de enero, de refuerzo y consolidaci&oacute;n de medidas sociales en defensa del empleo.","jetpack_sharing_enabled":true,"_links":{"self":[{"href":"https:\/\/www.cinc.com\/es\/wp-json\/wp\/v2\/posts\/7643","targetHints":{"allow":["GET"]}}],"collection":[{"href":"https:\/\/www.cinc.com\/es\/wp-json\/wp\/v2\/posts"}],"about":[{"href":"https:\/\/www.cinc.com\/es\/wp-json\/wp\/v2\/types\/post"}],"author":[{"embeddable":true,"href":"https:\/\/www.cinc.com\/es\/wp-json\/wp\/v2\/users\/2"}],"replies":[{"embeddable":true,"href":"https:\/\/www.cinc.com\/es\/wp-json\/wp\/v2\/comments?post=7643"}],"version-history":[{"count":0,"href":"https:\/\/www.cinc.com\/es\/wp-json\/wp\/v2\/posts\/7643\/revisions"}],"wp:featuredmedia":[{"embeddable":true,"href":"https:\/\/www.cinc.com\/es\/wp-json\/wp\/v2\/media\/7644"}],"wp:attachment":[{"href":"https:\/\/www.cinc.com\/es\/wp-json\/wp\/v2\/media?parent=7643"}],"wp:term":[{"taxonomy":"category","embeddable":true,"href":"https:\/\/www.cinc.com\/es\/wp-json\/wp\/v2\/categories?post=7643"},{"taxonomy":"post_tag","embeddable":true,"href":"https:\/\/www.cinc.com\/es\/wp-json\/wp\/v2\/tags?post=7643"}],"curies":[{"name":"wp","href":"https:\/\/api.w.org\/{rel}","templated":true}]}}