{"id":7512,"date":"2020-11-19T00:00:00","date_gmt":"2020-11-19T00:00:00","guid":{"rendered":"https:\/\/www.cinc.com\/se-amplia-el-plazo-de-concesion-y-devolucion-de-avales-ico\/"},"modified":"2020-11-19T00:00:00","modified_gmt":"2020-11-19T00:00:00","slug":"se-amplia-el-plazo-de-concesion-y-devolucion-de-avales-ico","status":"publish","type":"post","link":"https:\/\/www.cinc.com\/es\/se-amplia-el-plazo-de-concesion-y-devolucion-de-avales-ico\/","title":{"rendered":"Se ampl\u00eda el plazo de concesi\u00f3n y devoluci\u00f3n de avales ICO"},"content":{"rendered":"<div style=\"text-align: justify;\">\n\tEl Real Decreto-ley 34\/2020, de 17 de noviembre, alarga hasta el 30 junio la concesi&oacute;n de avales del ICO, ampl&iacute;a los plazos de amortizaci&oacute;n hasta 3 a&ntilde;os adicionales, con un m&aacute;ximo de 8 a&ntilde;os, y duplica el periodo de carencia de 12 hasta 24 meses. Gracias a estas medidas, las empresas pueden disponer de m&aacute;s tiempo para recuperar su actividad empresarial, afectada por las medidas de restricci&oacute;n del estado de alarma, y hacer frente a sus obligaciones financieras.<\/div>\n<div style=\"text-align: justify;\">\n\t&nbsp;<\/div>\n<div style=\"text-align: justify;\">\n\tSe trata de dos grandes l&iacute;neas de avales, una de ellas de 100.000 millones de euros, aprobada en marzo, y otra adicional de 40.000 millones de euros, aprobada en julio. Los bancos deber&aacute;n aprobar la ampliaci&oacute;n en el plazo m&aacute;ximo de un mes, siempre que la compa&ntilde;&iacute;a no se encuentre en situaci&oacute;n de mora ni en ning&uacute;n proceso concursal.&nbsp;<\/div>\n<div style=\"text-align: justify;\">\n\t&nbsp;<\/div>\n<div style=\"text-align: justify;\">\n\tPara optar a estas nuevas medidas, las personas solicitantes deber&aacute;n cumplir los siguientes requisitos:&nbsp;<\/div>\n<div style=\"text-align: justify;\">\n\t&nbsp;<\/div>\n<ul>\n<li style=\"text-align: justify;\">\n\t\tLa solicitud debe realizarse no m&aacute;s tarde del 15 de mayo de 2021.&nbsp;<\/li>\n<li style=\"text-align: justify;\">\n\t\tSe requiere la solicitud del deudor, que deber&aacute; ser resuelta en un plazo de 30 d&iacute;as naturales.&nbsp;<\/li>\n<li style=\"text-align: justify;\">\n\t\tLa operaci&oacute;n de la financiaci&oacute;n avalada no debe estar en mora (impagada de m&aacute;s de 90 d&iacute;as), ni tampoco ninguna de las financiaciones otorgadas por la entidad del mismo cliente.<\/li>\n<li style=\"text-align: justify;\">\n\t\tEl deudor no debe encontrarse en situaci&oacute;n de morosidad ni estar sujeto a ning&uacute;n procedimiento concursal.<\/li>\n<li style=\"text-align: justify;\">\n\t\tLa entidad financiera no debe de haber comunicado a la entidad que concede el aval ning&uacute;n impago de la operaci&oacute;n avalada con el deudor.<\/li>\n<li style=\"text-align: justify;\">\n\t\tEl deudor debe cumplir los l&iacute;mites establecidos en la normativa de Ayudas de Estado de la Uni&oacute;n Europea.<\/li>\n<\/ul>\n<div>\n\t&nbsp;<\/div>\n","protected":false},"excerpt":{"rendered":"<p style=\"text-align: justify;\">\n\t<span style=\"text-align: justify;\">El Real Decreto-ley 34\/2020, de 17 de noviembre, alarga hasta el 30 junio la concesi&oacute;n de avales del ICO, ampl&iacute;a los plazos de amortizaci&oacute;n hasta 3 a&ntilde;os adicionales, con un m&aacute;ximo de 8 a&ntilde;os, y duplica el periodo de carencia de 12 hasta 24 meses. Gracias a estas medidas, las empresas pueden disponer de m&aacute;s tiempo para recuperar su actividad empresarial, afectada por las medidas de restricci&oacute;n del estado de alarma, y hacer frente a sus obligaciones financieras.<\/span><\/p>\n","protected":false},"author":2,"featured_media":7513,"comment_status":"open","ping_status":"open","sticky":false,"template":"","format":"standard","meta":{"_acf_changed":false,"_uag_custom_page_level_css":"","_jetpack_memberships_contains_paid_content":false,"footnotes":""},"categories":[26],"tags":[],"class_list":["post-7512","post","type-post","status-publish","format-standard","has-post-thumbnail","hentry","category-asesoria"],"acf":[],"jetpack_featured_media_url":"https:\/\/www.cinc.com\/wp-content\/uploads\/2023\/03\/1283.jpg","uagb_featured_image_src":{"full":["https:\/\/www.cinc.com\/wp-content\/uploads\/2023\/03\/1283.jpg",1112,325,false],"thumbnail":["https:\/\/www.cinc.com\/wp-content\/uploads\/2023\/03\/1283.jpg",150,44,false],"medium":["https:\/\/www.cinc.com\/wp-content\/uploads\/2023\/03\/1283.jpg",300,88,false],"medium_large":["https:\/\/www.cinc.com\/wp-content\/uploads\/2023\/03\/1283.jpg",768,224,false],"large":["https:\/\/www.cinc.com\/wp-content\/uploads\/2023\/03\/1283.jpg",960,281,false],"1536x1536":["https:\/\/www.cinc.com\/wp-content\/uploads\/2023\/03\/1283.jpg",1112,325,false],"2048x2048":["https:\/\/www.cinc.com\/wp-content\/uploads\/2023\/03\/1283.jpg",1112,325,false],"gform-image-choice-sm":["https:\/\/www.cinc.com\/wp-content\/uploads\/2023\/03\/1283.jpg",300,88,false],"gform-image-choice-md":["https:\/\/www.cinc.com\/wp-content\/uploads\/2023\/03\/1283.jpg",400,117,false],"gform-image-choice-lg":["https:\/\/www.cinc.com\/wp-content\/uploads\/2023\/03\/1283.jpg",600,175,false]},"uagb_author_info":{"display_name":"Utrans","author_link":"https:\/\/www.cinc.com\/es\/author\/utrans\/"},"uagb_comment_info":0,"uagb_excerpt":"El Real Decreto-ley 34\/2020, de 17 de noviembre, alarga hasta el 30 junio la concesi&oacute;n de avales del ICO, ampl&iacute;a los plazos de amortizaci&oacute;n hasta 3 a&ntilde;os adicionales, con un m&aacute;ximo de 8 a&ntilde;os, y duplica el periodo de carencia de 12 hasta 24 meses. Gracias a estas medidas, las empresas pueden disponer de m&aacute;s&hellip;","jetpack_sharing_enabled":true,"_links":{"self":[{"href":"https:\/\/www.cinc.com\/es\/wp-json\/wp\/v2\/posts\/7512","targetHints":{"allow":["GET"]}}],"collection":[{"href":"https:\/\/www.cinc.com\/es\/wp-json\/wp\/v2\/posts"}],"about":[{"href":"https:\/\/www.cinc.com\/es\/wp-json\/wp\/v2\/types\/post"}],"author":[{"embeddable":true,"href":"https:\/\/www.cinc.com\/es\/wp-json\/wp\/v2\/users\/2"}],"replies":[{"embeddable":true,"href":"https:\/\/www.cinc.com\/es\/wp-json\/wp\/v2\/comments?post=7512"}],"version-history":[{"count":0,"href":"https:\/\/www.cinc.com\/es\/wp-json\/wp\/v2\/posts\/7512\/revisions"}],"wp:featuredmedia":[{"embeddable":true,"href":"https:\/\/www.cinc.com\/es\/wp-json\/wp\/v2\/media\/7513"}],"wp:attachment":[{"href":"https:\/\/www.cinc.com\/es\/wp-json\/wp\/v2\/media?parent=7512"}],"wp:term":[{"taxonomy":"category","embeddable":true,"href":"https:\/\/www.cinc.com\/es\/wp-json\/wp\/v2\/categories?post=7512"},{"taxonomy":"post_tag","embeddable":true,"href":"https:\/\/www.cinc.com\/es\/wp-json\/wp\/v2\/tags?post=7512"}],"curies":[{"name":"wp","href":"https:\/\/api.w.org\/{rel}","templated":true}]}}