{"id":7502,"date":"2020-11-17T00:00:00","date_gmt":"2020-11-17T00:00:00","guid":{"rendered":"https:\/\/www.cinc.com\/sistemas-de-reconocimiento-facial-en-comercios-cumplen-con-la-proteccion-de-datos\/"},"modified":"2025-05-02T12:03:37","modified_gmt":"2025-05-02T11:03:37","slug":"sistemas-de-reconocimiento-facial-en-comercios-cumplen-con-la-proteccion-de-datos","status":"publish","type":"post","link":"https:\/\/www.cinc.com\/es\/sistemas-de-reconocimiento-facial-en-comercios-cumplen-con-la-proteccion-de-datos\/","title":{"rendered":"Sistemas de reconocimiento facial en comercios: \u00bfcumplen con la Protecci\u00f3n de Datos?"},"content":{"rendered":"<div style=\"text-align: justify;\">La cadena de supermercados Mercadona ha implementado en algunos de sus centros un sistema de reconocimiento facial que permite identificar a aquellos sujetos que quieran acceder a los mismos, sobre los que pese una orden de alejamiento reca\u00edda en sentencia firme o bien adoptada como medida cautelar.<\/div>\n<div style=\"text-align: justify;\"><\/div>\n<div style=\"text-align: justify;\">La captaci\u00f3n de im\u00e1genes est\u00e1 convenientemente advertida a los usuarios mediante carteles informativos, y su finalidad es la de poder detectar la presencia de estos sujetos en sus locales y advertir de ello a las fuerzas de seguridad, que son las encargadas de dar cumplimiento a dichas \u00f3rdenes de alejamiento. De esta manera, no se guarda ning\u00fan tipo de informaci\u00f3n adicional y los datos se conservan mientras dure el proceso de identificaci\u00f3n y descarte.<\/div>\n<div style=\"text-align: justify;\"><\/div>\n<div style=\"text-align: justify;\">La AEPD siempre ha sido favorable a la adopci\u00f3n e implantaci\u00f3n, por parte del responsable del tratamiento, de los avances tecnol\u00f3gicos, como una manifestaci\u00f3n m\u00e1s de la actitud proactiva del mismo en el dise\u00f1o de sus pol\u00edticas de privacidad, pero siempre respetando todos los derechos de los usuarios, en especial, cuando el uso de estas tecnolog\u00edas pueda suponer un riesgo para la protecci\u00f3n de la privacidad e intimidad de los usuarios.<\/div>\n<div style=\"text-align: justify;\"><\/div>\n<div style=\"text-align: justify;\">En este sentido, cabe destacar la intensa labor de la AEPD en esta materia mediante la publicaci\u00f3n de diferentes gu\u00edas e informes jur\u00eddicos a los que se puede acceder a trav\u00e9s de <a href=\"https:\/\/www.aepd.es\/es\/areas-de-actuacion\/videovigilancia\" target=\"_blank\" rel=\"noopener\">este enlace<\/a>.<\/div>\n<div style=\"text-align: justify;\"><\/div>\n<div style=\"text-align: justify;\">Resulta especialmente\u00a0 interesante\u00a0 y\u00a0 explicativa\u00a0 la informaci\u00f3n publicada en la AEPD en junio de este a\u00f1o titulado \u201c14 equ\u00edvocos con relaci\u00f3n a la identificaci\u00f3n y autenticaci\u00f3n\u00a0 biom\u00e9trica\u201d.<\/div>\n<div style=\"text-align: justify;\"><\/div>\n<div style=\"text-align: justify;\">Para cualquier duda, puedes contactar con el Departamento de Protecci\u00f3n de Datos de CINC Asesor\u00eda (rgpd@cinc.es).<\/div>\n<div><\/div>\n","protected":false},"excerpt":{"rendered":"<p style=\"text-align: justify;\">\n\t<span style=\"text-align: justify;\">La cadena de supermercados Mercadona ha implementado en algunos de sus centros un sistema de reconocimiento facial que permite identificar a aquellos sujetos que quieran acceder a los mismos, sobre los que pese una orden de alejamiento reca&iacute;da en sentencia firme o bien adoptada como medida cautelar.<\/span><\/p>\n","protected":false},"author":2,"featured_media":7503,"comment_status":"open","ping_status":"open","sticky":false,"template":"","format":"standard","meta":{"_acf_changed":false,"_uag_custom_page_level_css":"","_jetpack_memberships_contains_paid_content":false,"footnotes":""},"categories":[26,25],"tags":[],"class_list":["post-7502","post","type-post","status-publish","format-standard","has-post-thumbnail","hentry","category-asesoria","category-centro-de-negocios"],"acf":[],"jetpack_featured_media_url":"https:\/\/www.cinc.com\/wp-content\/uploads\/2023\/03\/1281.jpg","uagb_featured_image_src":{"full":["https:\/\/www.cinc.com\/wp-content\/uploads\/2023\/03\/1281.jpg",1113,362,false],"thumbnail":["https:\/\/www.cinc.com\/wp-content\/uploads\/2023\/03\/1281.jpg",150,49,false],"medium":["https:\/\/www.cinc.com\/wp-content\/uploads\/2023\/03\/1281.jpg",300,98,false],"medium_large":["https:\/\/www.cinc.com\/wp-content\/uploads\/2023\/03\/1281.jpg",768,250,false],"large":["https:\/\/www.cinc.com\/wp-content\/uploads\/2023\/03\/1281.jpg",960,312,false],"1536x1536":["https:\/\/www.cinc.com\/wp-content\/uploads\/2023\/03\/1281.jpg",1113,362,false],"2048x2048":["https:\/\/www.cinc.com\/wp-content\/uploads\/2023\/03\/1281.jpg",1113,362,false],"gform-image-choice-sm":["https:\/\/www.cinc.com\/wp-content\/uploads\/2023\/03\/1281.jpg",300,98,false],"gform-image-choice-md":["https:\/\/www.cinc.com\/wp-content\/uploads\/2023\/03\/1281.jpg",400,130,false],"gform-image-choice-lg":["https:\/\/www.cinc.com\/wp-content\/uploads\/2023\/03\/1281.jpg",600,195,false]},"uagb_author_info":{"display_name":"Utrans","author_link":"https:\/\/www.cinc.com\/es\/author\/utrans\/"},"uagb_comment_info":0,"uagb_excerpt":"La cadena de supermercados Mercadona ha implementado en algunos de sus centros un sistema de reconocimiento facial que permite identificar a aquellos sujetos que quieran acceder a los mismos, sobre los que pese una orden de alejamiento reca&iacute;da en sentencia firme o bien adoptada como medida cautelar.","jetpack_sharing_enabled":true,"_links":{"self":[{"href":"https:\/\/www.cinc.com\/es\/wp-json\/wp\/v2\/posts\/7502","targetHints":{"allow":["GET"]}}],"collection":[{"href":"https:\/\/www.cinc.com\/es\/wp-json\/wp\/v2\/posts"}],"about":[{"href":"https:\/\/www.cinc.com\/es\/wp-json\/wp\/v2\/types\/post"}],"author":[{"embeddable":true,"href":"https:\/\/www.cinc.com\/es\/wp-json\/wp\/v2\/users\/2"}],"replies":[{"embeddable":true,"href":"https:\/\/www.cinc.com\/es\/wp-json\/wp\/v2\/comments?post=7502"}],"version-history":[{"count":1,"href":"https:\/\/www.cinc.com\/es\/wp-json\/wp\/v2\/posts\/7502\/revisions"}],"predecessor-version":[{"id":29856,"href":"https:\/\/www.cinc.com\/es\/wp-json\/wp\/v2\/posts\/7502\/revisions\/29856"}],"wp:featuredmedia":[{"embeddable":true,"href":"https:\/\/www.cinc.com\/es\/wp-json\/wp\/v2\/media\/7503"}],"wp:attachment":[{"href":"https:\/\/www.cinc.com\/es\/wp-json\/wp\/v2\/media?parent=7502"}],"wp:term":[{"taxonomy":"category","embeddable":true,"href":"https:\/\/www.cinc.com\/es\/wp-json\/wp\/v2\/categories?post=7502"},{"taxonomy":"post_tag","embeddable":true,"href":"https:\/\/www.cinc.com\/es\/wp-json\/wp\/v2\/tags?post=7502"}],"curies":[{"name":"wp","href":"https:\/\/api.w.org\/{rel}","templated":true}]}}