{"id":7477,"date":"2020-11-04T00:00:00","date_gmt":"2020-11-04T00:00:00","guid":{"rendered":"https:\/\/www.cinc.com\/la-generalitat-de-cataluna-crea-una-nueva-linea-ayudas-de-2-000-euros-para-autonomos\/"},"modified":"2020-11-04T00:00:00","modified_gmt":"2020-11-04T00:00:00","slug":"la-generalitat-de-cataluna-crea-una-nueva-linea-ayudas-de-2-000-euros-para-autonomos","status":"publish","type":"post","link":"https:\/\/www.cinc.com\/es\/la-generalitat-de-cataluna-crea-una-nueva-linea-ayudas-de-2-000-euros-para-autonomos\/","title":{"rendered":"La Generalitat de Catalu\u00f1a crea una nueva l\u00ednea ayudas de 2.000 euros para aut\u00f3nomos"},"content":{"rendered":"<div style=\"text-align: justify;\">\n<div>\n\t\tLa Generalitat de Catalu&ntilde;a ha aprobado el decreto-ley 39\/2020, de 3 de noviembre, de medidas extraordinarias de car&aacute;cter social para hacer frente a las consecuencias de la pandemia COVID-19.<\/div>\n<div>\n\t\t&nbsp;<\/div>\n<div>\n\t\tEntre estas medidas, se ha establecido una ayuda extraordinaria de 2.000 euros de pago &uacute;nico, con el fin de contribuir al mantenimiento de la actividad econ&oacute;mica de las personas trabajadoras aut&oacute;nomas, sean personas f&iacute;sicas o formen parte de microempresas, ante los efectos derivados del estado de alarma por la situaci&oacute;n de pandemia actual.<\/div>\n<div>\n\t\t&nbsp;<\/div>\n<div>\n\t\tEsta ayuda es compatible con otras subvenciones y subsidios.<\/div>\n<div>\n\t\t&nbsp;<\/div>\n<div>\n<h2 class=\"h2Noticia\">\n\t\t\t&iquest;Cu&aacute;les son los requisitos para acceder a la ayuda?<\/h2>\n<hr \/><\/div>\n<div>\n\t\t&nbsp;<\/div>\n<ul>\n<li>\n\t\t\tTener el domicilio fiscal en un municipio de Catalu&ntilde;a.<\/li>\n<li>\n\t\t\tEstar dado de alta en el RETA o en una mutualidad como sistema alternativo al RETA de forma ininterrumpida, seg&uacute;n lo que se determine en las correspondientes convocatorias.<\/li>\n<li>\n\t\t\tLa base imponible de la &uacute;ltima declaraci&oacute;n de la renta de las personas f&iacute;sicas disponible debe ser igual o inferior a 35.000 euros, en caso de acogerse al sistema de tributaci&oacute;n individual, y de igual cuant&iacute;a, con relaci&oacute;n a la parte de la base imponible correspondiente al solicitante, en caso de acogerse al sistema de tributaci&oacute;n conjunta.<\/li>\n<li>\n\t\t\tEl rendimiento neto de la actividad de los tres primeros trimestres de 2020 no debe superar el importe de 13.125 euros.<\/li>\n<\/ul>\n<div>\n\t\t&nbsp;<\/div>\n<div>\n<h2 class=\"h2Noticia\">\n\t\t\t&iquest;Qui&eacute;n puede beneficiarse?<\/h2>\n<hr \/><\/div>\n<div>\n\t\t&nbsp;<\/div>\n<ul>\n<li>\n\t\t\tPersonas trabajadoras aut&oacute;nomas dadas de alta en el RETA que ejercen su actividad como persona f&iacute;sica, con o sin personas a cargo. <strong>Excepci&oacute;n<\/strong>: No pueden solicitar la ayuda si el sumatorio de las personas trabajadoras aut&oacute;nomas y las personas contratadas por cuenta ajena de la unidad de negocio es superior a seis, tomando como referencia la media del a&ntilde;o anterior a la convocatoria.<\/li>\n<li>\n\t\t\tLas personas trabajadoras aut&oacute;nomas dadas de alta a una mutualidad como sistema alternativo al RETA y que ejercen la actividad econ&oacute;mica como persona f&iacute;sica a t&iacute;tulo individual o con personas trabajadoras a su cargo. <strong>Excepci&oacute;n:<\/strong> no pueden acceder a la ayuda si la suma de las personas en r&eacute;gimen de aut&oacute;nomos y las contratadas por cuenta ajena es mayor de seis, bas&aacute;ndose en la media del a&ntilde;o anterior a la convocatoria.<\/li>\n<li>\n\t\t\tLas personas trabajadoras aut&oacute;nomas dadas de alta en el RETA, o bien a una mutualidad como sistema alternativo al RETA, que han constituido una empresa con personalidad jur&iacute;dica propia, sea unipersonal o con otros socios. En este caso, el n&uacute;mero de socios debe ser como m&aacute;ximo tres, de acuerdo con la media de socios del a&ntilde;o anterior de la convocatoria. <strong>Excepci&oacute;n: <\/strong>no pueden solicitar la ayuda las personas trabajadoras aut&oacute;nomas de empresas con personalidad jur&iacute;dica en las que el sumatorio de personas socias y personas trabajadoras por cuenta ajena sea superior a seis, tomando como referencia la media del a&ntilde;o anterior a la convocatoria.<\/li>\n<li>\n\t\t\tLos socios de las cooperativas que cotizan en el RETA o en una mutualidad como sistema alternativo al RETA siempre que la cooperativa est&eacute; formada como m&aacute;ximo por tres socios, de acuerdo con la media de socios. <strong>Excepci&oacute;n:<\/strong> No pueden solicitar la ayuda las personas socias de las cooperativas dadas de alta como aut&oacute;nomos al RETA en que el sumatorio de las personas socias y personas trabajadoras no socias sea superior a seis, tomando como referencia la media del a&ntilde;o anterior a la convocatoria.<\/li>\n<\/ul>\n<div>\n\t\tNo pueden solicitar la ayuda las personas trabajadoras aut&oacute;nomas colaboradoras.<\/div>\n<div>\n\t\t&nbsp;<\/div>\n<div>\n<h2 class=\"h2Noticia\">\n\t\t\t&iquest;Cu&aacute;l es el plazo para presentar la solicitud?<\/h2>\n<hr \/><\/div>\n<div>\n\t\tLas solicitudes deber&aacute;n presentarse de forma telem&aacute;tica a trav&eacute;s del espacio del <a href=\"http:\/\/canalempresa.gencat.cat\/ca\/integraciodepartamentaltramit\/tramit\/PerTemes\/22248_ajut_extraordinari_autonoms_microempreses_covid19?category=&amp;moda=1\" target=\"_blank\" rel=\"noopener\">portal de Tr&aacute;mites Canal Empresa<\/a> <strong>desde el 9 de noviembre (a partir de las 9h) hasta al 20 de noviembre<\/strong>.&nbsp;<\/div>\n<\/div>\n<p>\n\t&nbsp;<\/p>\n","protected":false},"excerpt":{"rendered":"<p style=\"text-align: justify;\">\n\t<span style=\"text-align: justify;\">La Generalitat de Catalu&ntilde;a ha aprobado el decreto-ley 39\/2020, de 3 de noviembre, de medidas extraordinarias de car&aacute;cter social para hacer frente a las consecuencias de la pandemia COVID-19.<\/span><\/p>\n","protected":false},"author":2,"featured_media":7478,"comment_status":"open","ping_status":"open","sticky":false,"template":"","format":"standard","meta":{"_acf_changed":false,"_uag_custom_page_level_css":"","_jetpack_memberships_contains_paid_content":false,"footnotes":""},"categories":[26],"tags":[],"class_list":["post-7477","post","type-post","status-publish","format-standard","has-post-thumbnail","hentry","category-asesoria"],"acf":[],"jetpack_featured_media_url":"https:\/\/www.cinc.com\/wp-content\/uploads\/2023\/03\/1274.jpg","uagb_featured_image_src":{"full":["https:\/\/www.cinc.com\/wp-content\/uploads\/2023\/03\/1274.jpg",1113,361,false],"thumbnail":["https:\/\/www.cinc.com\/wp-content\/uploads\/2023\/03\/1274.jpg",150,49,false],"medium":["https:\/\/www.cinc.com\/wp-content\/uploads\/2023\/03\/1274.jpg",300,97,false],"medium_large":["https:\/\/www.cinc.com\/wp-content\/uploads\/2023\/03\/1274.jpg",768,249,false],"large":["https:\/\/www.cinc.com\/wp-content\/uploads\/2023\/03\/1274.jpg",960,311,false],"1536x1536":["https:\/\/www.cinc.com\/wp-content\/uploads\/2023\/03\/1274.jpg",1113,361,false],"2048x2048":["https:\/\/www.cinc.com\/wp-content\/uploads\/2023\/03\/1274.jpg",1113,361,false],"gform-image-choice-sm":["https:\/\/www.cinc.com\/wp-content\/uploads\/2023\/03\/1274.jpg",300,97,false],"gform-image-choice-md":["https:\/\/www.cinc.com\/wp-content\/uploads\/2023\/03\/1274.jpg",400,130,false],"gform-image-choice-lg":["https:\/\/www.cinc.com\/wp-content\/uploads\/2023\/03\/1274.jpg",600,195,false]},"uagb_author_info":{"display_name":"Utrans","author_link":"https:\/\/www.cinc.com\/es\/author\/utrans\/"},"uagb_comment_info":0,"uagb_excerpt":"La Generalitat de Catalu&ntilde;a ha aprobado el decreto-ley 39\/2020, de 3 de noviembre, de medidas extraordinarias de car&aacute;cter social para hacer frente a las consecuencias de la pandemia COVID-19.","jetpack_sharing_enabled":true,"_links":{"self":[{"href":"https:\/\/www.cinc.com\/es\/wp-json\/wp\/v2\/posts\/7477","targetHints":{"allow":["GET"]}}],"collection":[{"href":"https:\/\/www.cinc.com\/es\/wp-json\/wp\/v2\/posts"}],"about":[{"href":"https:\/\/www.cinc.com\/es\/wp-json\/wp\/v2\/types\/post"}],"author":[{"embeddable":true,"href":"https:\/\/www.cinc.com\/es\/wp-json\/wp\/v2\/users\/2"}],"replies":[{"embeddable":true,"href":"https:\/\/www.cinc.com\/es\/wp-json\/wp\/v2\/comments?post=7477"}],"version-history":[{"count":0,"href":"https:\/\/www.cinc.com\/es\/wp-json\/wp\/v2\/posts\/7477\/revisions"}],"wp:featuredmedia":[{"embeddable":true,"href":"https:\/\/www.cinc.com\/es\/wp-json\/wp\/v2\/media\/7478"}],"wp:attachment":[{"href":"https:\/\/www.cinc.com\/es\/wp-json\/wp\/v2\/media?parent=7477"}],"wp:term":[{"taxonomy":"category","embeddable":true,"href":"https:\/\/www.cinc.com\/es\/wp-json\/wp\/v2\/categories?post=7477"},{"taxonomy":"post_tag","embeddable":true,"href":"https:\/\/www.cinc.com\/es\/wp-json\/wp\/v2\/tags?post=7477"}],"curies":[{"name":"wp","href":"https:\/\/api.w.org\/{rel}","templated":true}]}}