{"id":7467,"date":"2020-10-22T00:00:00","date_gmt":"2020-10-22T00:00:00","guid":{"rendered":"https:\/\/www.cinc.com\/nuevas-subvenciones-en-el-ambito-de-la-restauracion-y-estetica-por-el-covid-19\/"},"modified":"2020-10-22T00:00:00","modified_gmt":"2020-10-22T00:00:00","slug":"nuevas-subvenciones-en-el-ambito-de-la-restauracion-y-estetica-por-el-covid-19","status":"publish","type":"post","link":"https:\/\/www.cinc.com\/es\/nuevas-subvenciones-en-el-ambito-de-la-restauracion-y-estetica-por-el-covid-19\/","title":{"rendered":"Nuevas subvenciones en el \u00e1mbito de la restauraci\u00f3n y est\u00e9tica por el COVID-19"},"content":{"rendered":"<div style=\"text-align: justify;\">\n<div>\n\t\t<em><strong>Actualizaci&oacute;n 9\/11: pr&oacute;ximamente la Generalitat abrir&aacute; una nueva convocatoria de esta ayuda; te mantendremos informado\/a.<\/strong><\/em><\/div>\n<div>\n\t\t&nbsp;<\/div>\n<div>\n\t\tAnte las nuevas medidas de contenci&oacute;n del brote epid&eacute;mico de la pandemia de COVID-19 en el territorio de Catalu&ntilde;a, la Generalitat ha dotado en 40 millones de euros la ayuda destinada a paliar los efectos econ&oacute;micos de estas, que afectan, sobre todo, al sector de la restauraci&oacute;n y a los centros de est&eacute;tica, que han visto suspendida su actividad por un per&iacute;odo inicial de 15 d&iacute;as.<\/div>\n<div>\n\t\t&nbsp;<\/div>\n<div>\n<h2 class=\"h2Noticia\">\n\t\t\t&iquest;Qu&eacute; sectores podr&aacute;n solicitar la ayuda aprobada?<\/h2>\n<hr \/><\/div>\n<div>\n\t\tEstas ayudas se conceden en forma de subvenci&oacute;n destinada al sector de la restauraci&oacute;n y centros de est&eacute;tica.<\/div>\n<div>\n\t\t&nbsp;<\/div>\n<div>\n<h2 class=\"h2Noticia\">\n\t\t\t&iquest;Qu&eacute; actuaciones se subvencionan y cu&aacute;les son los requisitos?<\/h2>\n<hr \/><\/div>\n<div>\n\t\tCualquier actuaci&oacute;n que pueda suponer para la empresa una recuperaci&oacute;n o incremento del volumen de ventas, as&iacute; como la estimulaci&oacute;n de la demanda, y fortalecer la solvencia financiera. Tambi&eacute;n todas aquellas actuaciones destinadas a fomentar la creaci&oacute;n de sistemas efectivos y &aacute;giles de venta on-line y su log&iacute;stica.<\/div>\n<div>\n\t\t&nbsp;<\/div>\n<div>\n\t\tSe consideran actuaciones subvencionables aquellas que responden inequ&iacute;vocamente a la naturaleza del negocio y que resulten estrictamente necesarias para la recuperaci&oacute;n y estimulaci&oacute;n de la demanda.<\/div>\n<div>\n\t\t&nbsp;<\/div>\n<div>\n\t\tLas actuaciones deben constar efectivamente pagadas por el beneficiario antes del plazo de presentaci&oacute;n de la justificaci&oacute;n econ&oacute;mica.<\/div>\n<div>\n\t\t&nbsp;<\/div>\n<div>\n\t\tLas actuaciones deben estar comprendidas durante el periodo del 1 de enero y el 31 de diciembre de 2020.<\/div>\n<div>\n\t\t&nbsp;<\/div>\n<div>\n\t\tLas actuaciones subvencionadas deber&aacute;n llevar el patrocinio y logotipo de la Generalitat de Catalunya conforme a la normativa gr&aacute;fica. http:\/\/identitatcorporativa.gencat.cat<\/div>\n<div>\n\t\t&nbsp;<\/div>\n<div>\n\t\tLos beneficiarios deber&aacute;n adherirse a todas las campa&ntilde;as de reactivaci&oacute;n del sector comercial y de servicios que impulse la CCAM.<\/div>\n<div>\n\t\t&nbsp;<\/div>\n<div>\n<h2 class=\"h2Noticia\">\n\t\t\t&iquest;Cu&aacute;l es la cuant&iacute;a de la subvenci&oacute;n y c&oacute;mo se hace efectiva?<\/h2>\n<hr \/><\/div>\n<div>\n\t\tEl importe de la subvenci&oacute;n ser&aacute; de un m&aacute;ximo de 1.500 &euro; y hay que destinarla a realizar la actuaci&oacute;n subvencionada.<\/div>\n<div>\n\t\t&nbsp;<\/div>\n<div>\n\t\tLa cuant&iacute;a otorgada no podr&aacute; superar el coste de las actuaciones subvencionables. En este sentido, se permitir&aacute; una desviaci&oacute;n que no exceda del 20%.<\/div>\n<div>\n\t\t&nbsp;<\/div>\n<div>\n\t\tNo se podr&aacute;n subvencionar actuaciones el coste de las que ya hayan sido subvencionadas previamente. De haber sido parcialmente subvencionadas, se podr&aacute; solicitar por la parte no cubierta.<\/div>\n<div>\n\t\t&nbsp;<\/div>\n<div>\n\t\tEl pago de la subvenci&oacute;n, que ser&aacute; en una &uacute;nica entrega, se har&aacute; efectivo una vez justificada y comprobada la ejecuci&oacute;n de las actuaciones subvencionadas.<\/div>\n<div>\n\t\t&nbsp;<\/div>\n<div>\n<h2 class=\"h2Noticia\">\n\t\t\t&iquest;Quienes son los beneficiarios?<\/h2>\n<hr \/><\/div>\n<div>\n\t\tLos profesionales aut&oacute;nomos y pymes*:<\/div>\n<div>\n\t\t&nbsp;<\/div>\n<ul>\n<li>\n\t\t\tQue presten actividades de restauraci&oacute;n (bares, restaurantes y cafeter&iacute;as, incluido aquellos que prestan este servicio dentro de un colectivo como puede ser un centro comercial o mercados municipales) o bien,<\/li>\n<li>\n\t\t\tQue sean titulares de un centro de est&eacute;tica y belleza.<\/li>\n<li>\n\t\t\tQuedan excluidas aquellas empresas que se encuentran participadas en m&aacute;s de un 50% por capital p&uacute;blico y fundaciones.<\/li>\n<\/ul>\n<div>\n<h2 class=\"h2Noticia\">\n\t\t\t&iquest;Qu&eacute; requisitos se piden para obtener la condici&oacute;n de beneficiario?<\/h2>\n<hr \/><\/div>\n<ul>\n<li>\n\t\t\tEmpresas con 50 o m&aacute;s: dar empleo a menos en un 2% a personas con discapacidad o bien aplicar medidas alternativas de car&aacute;cter excepcional.<\/li>\n<li>\n\t\t\tCumplimiento de las obligaciones tributarias ante el Estado y la Generalitat. En caso de aplazamientos, moratorias o pr&oacute;rrogas acordados con las correspondientes administraciones p&uacute;blicas, deber&aacute;n acreditarse documentalmente.<\/li>\n<li>\n\t\t\tEmpresas de 25 o m&aacute;s trabajadores: disponer de medios de prevenci&oacute;n y detecci&oacute;n de casos de acoso sexual. Adem&aacute;s, la empresa beneficiar&iacute;a no puede haber sido nunca objeto de sanciones firmes o sentencias firmes por haber tolerado estas pr&aacute;cticas.<\/li>\n<li>\n\t\t\tCumplir con requisitos de pol&iacute;tica ling&uuml;&iacute;stica, entre ellas, la se&ntilde;alizaci&oacute;n y carteles de informaci&oacute;n en catal&aacute;n.<\/li>\n<li>\n\t\t\tNo contar con sanciones firmes o sentencias firmes para la comisi&oacute;n de infracciones graves en materia de integraci&oacute;n laboral de discapacitados.<\/li>\n<li>\n\t\t\tDisponer de un sistema de organizaci&oacute;n y de gesti&oacute;n de prevenci&oacute;n de riesgos laborales.<\/li>\n<li>\n\t\t\tCumplir con las disposiciones de las normativas para la igualdad efectiva entre hombres y mujeres.<\/li>\n<li>\n\t\t\tNo encontrarse en situaci&oacute;n concursal.<\/li>\n<li>\n\t\t\tRespetar la normativa vigente en materia de desarrollo sostenible.<\/li>\n<li>\n\t\t\tComunicar a trav&eacute;s del modelo normalizado la obtenci&oacute;n de otras subvenciones p&uacute;blicas para la misma actividad.<\/li>\n<li>\n\t\t\tAlta en el censo del impuesto de actividades econ&oacute;micas.<\/li>\n<\/ul>\n<div>\n\t\tSe acreditar&aacute; el cumplimiento de todos los requisitos mediante la presentaci&oacute;n de Declaraci&oacute;n Responsable.<\/div>\n<div>\n\t\t&nbsp;<\/div>\n<div>\n<h2 class=\"h2Noticia\">\n\t\t\t&iquest;C&oacute;mo se tramita la subvenci&oacute;n?<\/h2>\n<hr \/><\/div>\n<div>\n\t\tLa gesti&oacute;n de estas ayudas se articula a trav&eacute;s del Consorcio de Comercio, Artesan&iacute;a y Moda de Catalu&ntilde;a (CCAM).<\/div>\n<div>\n\t\t&nbsp;<\/div>\n<div>\n\t\tLas solicitudes se presentar&aacute;n por medios telem&aacute;ticos mediante modelo normalizado.<\/div>\n<div>\n\t\t&nbsp;<\/div>\n<div>\n\t\tDeber&aacute; adjuntar:<\/div>\n<div>\n\t\t&nbsp;<\/div>\n<ul>\n<li>\n\t\t\tFotograf&iacute;a de la fachada<\/li>\n<li>\n\t\t\tModelo de declaraci&oacute;n responsable<\/li>\n<\/ul>\n<div>\n\t\tPara la tramitaci&oacute;n habr&aacute; cualquier sistema de firma electr&oacute;nica de la persona solicitante.<\/div>\n<div>\n\t\t&nbsp;<\/div>\n<div>\n\t\tToda la tramitaci&oacute;n hasta la concesi&oacute;n final se har&aacute; por medios electr&oacute;nicos.<\/div>\n<div>\n\t\tLas concesiones de la subvenci&oacute;n se resolver&aacute;n en orden cronol&oacute;gico de presentaci&oacute;n de las solicitudes.<\/div>\n<div>\n\t\t&nbsp;<\/div>\n<div>\n\t\tEl &oacute;rgano competente para resolver en materia de la presente subvenci&oacute;n dispone de 6 meses para resolver. De no hacerlo, se entender&aacute; desestimada la solicitud.<\/div>\n<div>\n\t\t&nbsp;<\/div>\n<div>\n<h2 class=\"h2Noticia\">\n\t\t\t&iquest;De qu&eacute; plazo se dispone para solicitar la subvenci&oacute;n?<\/h2>\n<hr \/><\/div>\n<div>\n\t\tEl plazo para presentar la solicitud desde el 23 de octubre hasta el 6 de noviembre o hasta agotar presupuesto.<\/div>\n<div>\n\t\t&nbsp;<\/div>\n<div>\n<h2 class=\"h2Noticia\">\n\t\t\t&iquest;C&oacute;mo se justifican las actuaciones subvencionables?<\/h2>\n<hr \/><\/div>\n<div>\n\t\tUna vez finalizadas las actuaciones, deber&aacute; presentar telem&aacute;ticamente mediante modelo normalizado una memoria justificativa donde se acredite la realizaci&oacute;n de las actuaciones.<\/div>\n<div>\n\t\t&nbsp;<\/div>\n<div>\n\t\tDe no justificarse las actuaciones subvencionables o justificarse parcialmente, la parte proporcional no destinada a las referidas actuaciones ser&aacute; revocada.<\/div>\n<div>\n\t\t&nbsp;<\/div>\n<div>\n<h2 class=\"h2Noticia\">\n\t\t\t&iquest;D&oacute;nde puedo encontrar los enlaces web para la tramitaci&oacute;n de la subvenci&oacute;n y justificaci&oacute;n de las actuaciones?<\/h2>\n<hr \/><\/div>\n<div>\n\t\tCanal Empresa de la Generalitat de Catalu&ntilde;a (<a href=\"http:\/\/canalempresa.gencat.cat\" target=\"_blank\" rel=\"noopener\">http:\/\/canalempresa.gencat.cat<\/a>).<\/div>\n<div>\n\t\tConsorcio de Comercio, Artesan&iacute;a y Moda de Catalu&ntilde;a (<a href=\"http:\/\/ccam.gencat.cat\" target=\"_blank\" rel=\"noopener\">http:\/\/ccam.gencat.cat<\/a>).<\/div>\n<div>\n\t\tDepartamento de Empresa y Conocimiento (<a href=\"http:\/\/empresa.gencat.cat\/ca\/inici\/\" target=\"_blank\" rel=\"noopener\">http:\/\/empresa.gencat.cat\/ca\/inici\/<\/a>).<\/div>\n<div>\n\t\t&nbsp;<\/div>\n<div>\n<div>\n\t\t\t* Se entiende por PYMES, a efectos de esta subvenci&oacute;n de conformidad con el Reglamento (UE) n&ordm; 651\/2014 de la Comisi&oacute;n, de 17 de junio de 2014:<\/div>\n<div>\n\t\t\t&nbsp;<\/div>\n<div>\n\t\t\tMediana empresa: ocupa menos de 250 personas y tiene un volumen de negocio anual que no excede los 50 millones de euros o un balance general anual que no excede los 43 millones de euros.<\/div>\n<div>\n\t\t\t&nbsp;<\/div>\n<div>\n\t\t\tPeque&ntilde;a empresa: ocupa menos de 50 personas y tiene un volumen de negocio anual o un balance general anual que no supera los 10 millones de euros. Microempresa: ocupa menos de 10 personas y tiene un volumen de negocio anual o un balance general anual no supera los 2 millones de euros.<\/div>\n<div>\n\t\t\t&nbsp;<\/div>\n<\/p><\/div>\n<\/div>\n<div style=\"text-align: justify;\">\n<h2 class=\"h2Noticia\">\n\t\tPreguntas frecuentes:<\/h2>\n<hr \/>\n<\/div>\n<div style=\"text-align: justify;\">\n\t<strong>&iquest;En caso de tener m&aacute;s de un establecimiento, se puede pedir m&aacute;s de una subvenci&oacute;n?<\/strong><\/div>\n<div style=\"text-align: justify;\">\n\t&nbsp;<\/div>\n<div style=\"text-align: justify;\">\n\tNo. S&oacute;lo se permite una solicitud por beneficiario (NIF).<\/div>\n<div style=\"text-align: justify;\">\n\t&nbsp;<\/div>\n<div style=\"text-align: justify;\">\n\t<strong>&iquest;Es incompatible con alguna otra subvenci&oacute;n que he pedido este a&ntilde;o al CCAM o a otros organismos?<\/strong><\/div>\n<div style=\"text-align: justify;\">\n\t&nbsp;<\/div>\n<div style=\"text-align: justify;\">\n\tNo. Esta subvenci&oacute;n es compatible con cualquier l&iacute;nea de ayuda del estado o de la Generalitat.<\/div>\n<div style=\"text-align: justify;\">\n\t&nbsp;<\/div>\n<div style=\"text-align: justify;\">\n\t<strong>&iquest;Si un restaurante est&aacute; cerrado pero hace comida para llevar, se considera beneficiario?<\/strong><\/div>\n<div style=\"text-align: justify;\">\n\t&nbsp;<\/div>\n<div style=\"text-align: justify;\">\n\tS&iacute;, es beneficiario de este programa de subvenciones.<\/div>\n<div style=\"text-align: justify;\">\n\t&nbsp;<\/div>\n<div style=\"text-align: justify;\">\n\t<strong>&iquest;Si es una peluquer&iacute;a que tiene dada de alta la actividad de est&eacute;tica en el mismo establecimiento, se considera beneficiar&iacute;a?<\/strong><\/div>\n<div style=\"text-align: justify;\">\n\t&nbsp;<\/div>\n<div style=\"text-align: justify;\">\n\tS&iacute;, es beneficiaria de este programa de subvenciones.<\/div>\n<div style=\"text-align: justify;\">\n\t&nbsp;<\/div>\n<div style=\"text-align: justify;\">\n\t<strong>&iquest;Si es una panader&iacute;a con degustaci&oacute;n, se considera beneficiario?<\/strong><\/div>\n<div style=\"text-align: justify;\">\n\t&nbsp;<\/div>\n<div style=\"text-align: justify;\">\n\tS&oacute;lo en el caso de que haya sido obligado al cierre.<\/div>\n<div style=\"text-align: justify;\">\n\t&nbsp;<\/div>\n<div style=\"text-align: justify;\">\n\t<strong>&iquest;Una empresa de servicio de catering puede solicitar esta subvenci&oacute;n?<\/strong><\/div>\n<div style=\"text-align: justify;\">\n\t&nbsp;<\/div>\n<div style=\"text-align: justify;\">\n\tNo, no se considera un posible beneficiario.<\/div>\n<div style=\"text-align: justify;\">\n\t&nbsp;<\/div>\n<div style=\"text-align: justify;\">\n\t<strong>&iquest;Es necesario que el establecimiento est&eacute; a pie de calle?<\/strong><\/div>\n<div style=\"text-align: justify;\">\n\t&nbsp;<\/div>\n<div style=\"text-align: justify;\">\n\tNo. Pueden solicitar la subvenci&oacute;n todos los centros de belleza aunque no est&eacute;n situados a pie de calle.<\/div>\n","protected":false},"excerpt":{"rendered":"<p style=\"text-align: justify;\">\n\tAnte las nuevas medidas de contenci&oacute;n del brote epid&eacute;mico de la pandemia de COVID-19 en el territorio de Catalu&ntilde;a, la Generalitat ha dotado en 40 millones de euros la ayuda destinada a paliar los efectos econ&oacute;micos de estas, que afectan, sobre todo, al sector de la restauraci&oacute;n y a los centros de est&eacute;tica, que han visto suspendida su actividad por un per&iacute;odo inicial de 15 d&iacute;as.<\/p>\n","protected":false},"author":2,"featured_media":7468,"comment_status":"open","ping_status":"open","sticky":false,"template":"","format":"standard","meta":{"_acf_changed":false,"_uag_custom_page_level_css":"","_jetpack_memberships_contains_paid_content":false,"footnotes":""},"categories":[26],"tags":[],"class_list":["post-7467","post","type-post","status-publish","format-standard","has-post-thumbnail","hentry","category-asesoria"],"acf":[],"jetpack_featured_media_url":"https:\/\/www.cinc.com\/wp-content\/uploads\/2023\/03\/1272.jpg","uagb_featured_image_src":{"full":["https:\/\/www.cinc.com\/wp-content\/uploads\/2023\/03\/1272.jpg",1113,361,false],"thumbnail":["https:\/\/www.cinc.com\/wp-content\/uploads\/2023\/03\/1272.jpg",150,49,false],"medium":["https:\/\/www.cinc.com\/wp-content\/uploads\/2023\/03\/1272.jpg",300,97,false],"medium_large":["https:\/\/www.cinc.com\/wp-content\/uploads\/2023\/03\/1272.jpg",768,249,false],"large":["https:\/\/www.cinc.com\/wp-content\/uploads\/2023\/03\/1272.jpg",960,311,false],"1536x1536":["https:\/\/www.cinc.com\/wp-content\/uploads\/2023\/03\/1272.jpg",1113,361,false],"2048x2048":["https:\/\/www.cinc.com\/wp-content\/uploads\/2023\/03\/1272.jpg",1113,361,false],"gform-image-choice-sm":["https:\/\/www.cinc.com\/wp-content\/uploads\/2023\/03\/1272.jpg",300,97,false],"gform-image-choice-md":["https:\/\/www.cinc.com\/wp-content\/uploads\/2023\/03\/1272.jpg",400,130,false],"gform-image-choice-lg":["https:\/\/www.cinc.com\/wp-content\/uploads\/2023\/03\/1272.jpg",600,195,false]},"uagb_author_info":{"display_name":"Utrans","author_link":"https:\/\/www.cinc.com\/es\/author\/utrans\/"},"uagb_comment_info":0,"uagb_excerpt":"Ante las nuevas medidas de contenci&oacute;n del brote epid&eacute;mico de la pandemia de COVID-19 en el territorio de Catalu&ntilde;a, la Generalitat ha dotado en 40 millones de euros la ayuda destinada a paliar los efectos econ&oacute;micos de estas, que afectan, sobre todo, al sector de la restauraci&oacute;n y a los centros de est&eacute;tica, que han&hellip;","jetpack_sharing_enabled":true,"_links":{"self":[{"href":"https:\/\/www.cinc.com\/es\/wp-json\/wp\/v2\/posts\/7467","targetHints":{"allow":["GET"]}}],"collection":[{"href":"https:\/\/www.cinc.com\/es\/wp-json\/wp\/v2\/posts"}],"about":[{"href":"https:\/\/www.cinc.com\/es\/wp-json\/wp\/v2\/types\/post"}],"author":[{"embeddable":true,"href":"https:\/\/www.cinc.com\/es\/wp-json\/wp\/v2\/users\/2"}],"replies":[{"embeddable":true,"href":"https:\/\/www.cinc.com\/es\/wp-json\/wp\/v2\/comments?post=7467"}],"version-history":[{"count":0,"href":"https:\/\/www.cinc.com\/es\/wp-json\/wp\/v2\/posts\/7467\/revisions"}],"wp:featuredmedia":[{"embeddable":true,"href":"https:\/\/www.cinc.com\/es\/wp-json\/wp\/v2\/media\/7468"}],"wp:attachment":[{"href":"https:\/\/www.cinc.com\/es\/wp-json\/wp\/v2\/media?parent=7467"}],"wp:term":[{"taxonomy":"category","embeddable":true,"href":"https:\/\/www.cinc.com\/es\/wp-json\/wp\/v2\/categories?post=7467"},{"taxonomy":"post_tag","embeddable":true,"href":"https:\/\/www.cinc.com\/es\/wp-json\/wp\/v2\/tags?post=7467"}],"curies":[{"name":"wp","href":"https:\/\/api.w.org\/{rel}","templated":true}]}}