{"id":7462,"date":"2020-10-15T00:00:00","date_gmt":"2020-10-15T00:00:00","guid":{"rendered":"https:\/\/www.cinc.com\/nuevas-subvenciones-en-el-ambito-de-restauracion-y-estetica\/"},"modified":"2020-10-15T00:00:00","modified_gmt":"2020-10-15T00:00:00","slug":"nuevas-subvenciones-en-el-ambito-de-restauracion-y-estetica","status":"publish","type":"post","link":"https:\/\/www.cinc.com\/es\/nuevas-subvenciones-en-el-ambito-de-restauracion-y-estetica\/","title":{"rendered":"Nuevas subvenciones en el \u00e1mbito de restauraci\u00f3n y est\u00e9tica"},"content":{"rendered":"<div style=\"text-align: justify;\">\n<div>\n\t\tA trav&eacute;s de la Resoluci&oacute;n SLT\/2546\/2020, de 15 de octubre, se han adoptado una serie de nuevas medidas de salud p&uacute;blica para la contenci&oacute;n del brote epid&eacute;mico de la pandemia de Covid-19 en Catalu&ntilde;a, modificada por la Resoluci&oacute;n SLT\/2568\/2020, de 19 de octubre, que deja en suspensi&oacute;n de actividad en todo tipo de establecimientos y locales de restauraci&oacute;n y centros de est&eacute;tica y belleza.<\/div>\n<div>\n\t\t&nbsp;<\/div>\n<div>\n\t\tEn este sentido, el Consorcio de Comercio, Artesan&iacute;a y Moda de Catalu&ntilde;a (CCAM) impulsa unas ayudas para dar respuesta a los establecimientos afectados, cuyas bases se han publicado a trav&eacute;s del DOGC.<\/div>\n<div>\n\t\t&nbsp;<\/div>\n<div>\n<h2 class=\"h2Noticia\">\n\t\t\t&iquest;Qui&eacute;n puede solicitar esta subvenci&oacute;n?<\/h2>\n<hr \/><\/div>\n<div>\n\t\tTodos los profesionales aut&oacute;nomos y pymes que presten actividades de restauraci&oacute;n (bares, restaurantes y cafeter&iacute;as y aquellos que prestan su actividad dentro de un establecimiento colectivo, como centros comerciales o mercados municipales) y titulares de un centro de est&eacute;tica y belleza, dadas de alta en el censo del impuesto de actividades econ&oacute;micas, que han sido obligadas al cierre en base a la Resoluci&oacute;n SLT\/2546\/2020, de 15 de octubre, por la que se adoptan nuevas medidas de salud p&uacute;blica para la contenci&oacute;n del brote epid&eacute;mico de la pandemia de Covid-19 al territorio de Catalu&ntilde;a.<\/div>\n<div>\n\t\t&nbsp;<\/div>\n<div>\n<h2 class=\"h2Noticia\">\n\t\t\t&iquest;Cu&aacute;l es el plazo de solicitudes?<\/h2>\n<hr \/><\/div>\n<div>\n\t\tEl plazo se abrir&aacute; el d&iacute;a siguiente que se publique la convocatoria en el DOGC y estar&aacute; abierto durante 15 d&iacute;as naturales o agotamiento de presupuesto.<\/div>\n<div>\n\t\t&nbsp;<\/div>\n<div>\n<h2 class=\"h2Noticia\">\n\t\t\t&iquest;Cu&aacute;les son los requisitos?<\/h2>\n<hr \/><\/div>\n<div>\n\t\tLas personas solicitantes deben cumplir los siguientes requisitos:<\/div>\n<div>\n\t\t&nbsp;<\/div>\n<div>\n\t\ta) En el caso de empresas con 50 o m&aacute;s trabajadores, dar empleo, al menos, a un 2% de trabajadores\/as con discapacidad sobre el n&uacute;mero total de trabajadores\/as de la entidad, o bien aplicar las medidas alternativas de acuerdo con lo dispuesto en el art&iacute;culo 42 del Real decreto legislativo 1\/2013, de 29 de noviembre, por el que se aprueba el Texto refundido de la Ley general de derechos de las personas con discapacidad y su inclusi&oacute;n social; el Real Decreto 364\/2005, de 8 de abril, que regula el cumplimiento alternativo con car&aacute;cter excepcional de la cuota de reserva a favor de las personas trabajadoras con discapacidad y el Decreto 86\/2015, de 2 de junio, sobre la aplicaci&oacute;n de la cuota de reserva del 2% a favor de personas con discapacidad en empresas de 50 o m&aacute;s personas trabajadoras y de las medidas alternativas de car&aacute;cter excepcional a su cumplimiento.<\/div>\n<div>\n\t\t&nbsp;<\/div>\n<div>\n\t\tb) Cumplir las obligaciones tributarias ante el Estado y la Generalitat y las obligaciones ante la Seguridad Social.<\/div>\n<div>\n\t\t&nbsp;<\/div>\n<div>\n\t\tc) No encontrarse en ninguna de las circunstancias que impiden adquirir la condici&oacute;n de beneficiario previstas en el art&iacute;culo 13 de la Ley 38\/2003, General de Subvenciones.<\/div>\n<div>\n\t\t&nbsp;<\/div>\n<div>\n\t\td) Indicar, de acuerdo con los agentes sociales, los medios que utilizan para prevenir y detectar casos de acoso sexual y de acoso por raz&oacute;n de sexo y para intervenir en sus centros de trabajo, de conformidad con la Ley 5\/2008, de 24 de abril, del derecho de las mujeres a erradicar la violencia machista. Este requisito s&oacute;lo es aplicable en el caso de empresas con una plantilla igual o superior a 25 personas. No haber sido objeto de sanciones administrativas firmes ni de sentencias firmes condenatorias porque han ejercido o tolerado pr&aacute;cticas laborales consideradas discriminatorias por raz&oacute;n de sexo o de g&eacute;nero, de acuerdo con lo establecido en el art&iacute;culo 11.1 de la Ley 17\/2015, de 21 de julio, de igualdad efectiva entre mujeres y hombres.<\/div>\n<div>\n\t\t&nbsp;<\/div>\n<div>\n\t\te) Cumplir los requisitos establecidos en los art&iacute;culos 32.1, 32.3 y 36.4 de la Ley 1\/1998, de 7 de enero, de pol&iacute;tica ling&uuml;&iacute;stica.<\/div>\n<div>\n\t\t&nbsp;<\/div>\n<div>\n\t\tf) No haber sido sancionadas, en resoluci&oacute;n firme, por la comisi&oacute;n de infracci&oacute;n grave en materia de integraci&oacute;n laboral de discapacitados o muy grave en materia de relaciones laborales o en materia de seguridad y salud en el trabajo, durante el a&ntilde;o anterior a la convocatoria, de conformidad con el Texto refundido de la Ley sobre infracciones y sanciones del orden social, aprobado por Real decreto legislativo 5\/2000, de 4 de agosto, o, si han sido sancionadas, hayan aplicado las medidas correctoras previstas y abonado las cantidades requeridas por este concepto.<\/div>\n<div>\n\t\t&nbsp;<\/div>\n<div>\n\t\tg) Cumplir las obligaciones y no incurrir en los supuestos de prohibici&oacute;n establecidos en los art&iacute;culos 90 bis y 92.bis del Decreto Legislativo 3\/2002, de 24 de diciembre, por el que se aprueba el Texto refundido de la Ley de finanzas p&uacute;blicas de Catalu&ntilde;a .<\/div>\n<div>\n\t\t&nbsp;<\/div>\n<div>\n\t\th) Disponer de un sistema de organizaci&oacute;n y de gesti&oacute;n de la prevenci&oacute;n, de acuerdo con la Ley 31\/1995, de 8 de noviembre, de prevenci&oacute;n de riesgos laborales; con el Real Decreto 39\/1997, de 17 de enero, por el que se aprueba el Reglamento de los Servicios de Prevenci&oacute;n; as&iacute; como, de acuerdo con las modificaciones posteriores introducidas por la Ley 54\/2003, de 12 de diciembre, de reforma del marco normativo de la prevenci&oacute;n de riesgos laborales.<\/div>\n<div>\n\t\t&nbsp;<\/div>\n<div>\n\t\ti) Cumplir la obligaci&oacute;n de respetar la igualdad de trato y de oportunidades en el &aacute;mbito laboral y, con este fin, adoptar medidas dirigidas a evitar cualquier tipo de discriminaci&oacute;n laboral entre hombres y mujeres, respetando lo establecido en el art&iacute;culo 45 de la Ley Org&aacute;nica 3\/2007, de 22 de marzo, por la igualdad.<\/div>\n<div>\n\t\t&nbsp;<\/div>\n<div>\n\t\te) Cumplir los requisitos establecidos en los art&iacute;culos 32.1, 32.3 y 36.4 de la Ley 1\/1998, de 7 de enero, de pol&iacute;tica ling&uuml;&iacute;stica.<\/div>\n<div>\n\t\t&nbsp;<\/div>\n<div>\n\t\tf) No haber sido sancionadas, en resoluci&oacute;n firme, por la comisi&oacute;n de infracci&oacute;n grave en materia de integraci&oacute;n laboral de discapacitados o muy grave en materia de relaciones laborales o en materia de seguridad y salud en el trabajo, durante el a&ntilde;o anterior a la convocatoria, de conformidad con el Texto refundido de la Ley sobre infracciones y sanciones del orden social, aprobado por Real decreto legislativo 5\/2000, de 4 de agosto, o, si han sido sancionadas, hayan aplicado las medidas correctoras previstas y abonado las cantidades requeridas por este concepto.<\/div>\n<div>\n\t\t&nbsp;<\/div>\n<div>\n\t\tg) Cumplir las obligaciones y no incurrir en los supuestos de prohibici&oacute;n establecidos en los art&iacute;culos 90 bis y 92.bis del Decreto Legislativo 3\/2002, de 24 de diciembre, por el que se aprueba el Texto refundido de la Ley de finanzas p&uacute;blicas de Catalu&ntilde;a .<\/div>\n<div>\n\t\t&nbsp;<\/div>\n<div>\n\t\th) Disponer de un sistema de organizaci&oacute;n y de gesti&oacute;n de la prevenci&oacute;n, de acuerdo con la Ley 31\/1995, de 8 de noviembre, de prevenci&oacute;n de riesgos laborales; con el Real Decreto 39\/1997, de 17 de enero, por el que se aprueba el Reglamento de los Servicios de Prevenci&oacute;n; as&iacute; como, de acuerdo con las modificaciones posteriores introducidas por la Ley 54\/2003, de 12 de diciembre, de reforma del marco normativo de la prevenci&oacute;n de riesgos laborales.<\/div>\n<div>\n\t\t&nbsp;<\/div>\n<div>\n\t\te) Cumplir la obligaci&oacute;n de respetar la igualdad de trato y de oportunidades en el &aacute;mbito laboral y, con este fin, adoptar medidas dirigidas a evitar cualquier tipo de discriminaci&oacute;n laboral entre hombres y mujeres, respetando lo establecido en el art&iacute;culo 45 de la Ley Org&aacute;nica 3\/2007, de 22 de marzo, para la igualdad efectiva de mujeres y hombres y la Ley 17\/2015, del 21 de julio, de igualdad efectiva de mujeres y hombres.<\/div>\n<div>\n\t\t&nbsp;<\/div>\n<div>\n\t\tj) No haber sido condenadas en sentencia firme, ni la persona jur&iacute;dica solicitante ni las personas f&iacute;sicas adscritas a la ejecuci&oacute;n de la actividad subvencionada, por alg&uacute;n delito contra la libertad e indemnidad sexual, as&iacute; como para tr&aacute;fico de seres humanos con fines de explotaci&oacute;n sexual, incluyendo la pornograf&iacute;a, de conformidad con la Ley org&aacute;nica 1\/1996, de 15 de enero, de protecci&oacute;n jur&iacute;dica del menor, en la redacci&oacute;n dada por la Ley 26\/2015, de 28 de julio, de modificaci&oacute;n del sistema de protecci&oacute;n a la infancia ya la adolescencia.<\/div>\n<div>\n\t\t&nbsp;<\/div>\n<div>\n\t\tk) No encontrarse en situaci&oacute;n de crisis (concurso de acreedores).<\/div>\n<div>\n\t\t&nbsp;<\/div>\n<div>\n\t\tl) Respetar la normativa vigente en materia de desarrollo sostenible.<\/div>\n<div>\n\t\t&nbsp;<\/div>\n<div>\n\t\tm) En caso de que los beneficiarios sean personas f&iacute;sicas empresarias hay que estar dado de alta en el censo del impuesto sobre actividades econ&oacute;micas.<\/div>\n<div>\n\t\t&nbsp;<\/div>\n<div>\n\t\tn) En caso de que la realizaci&oacute;n de la actividad utilice cualquier elemento susceptible de generar derechos de autor cumplir con la normativa sobre propiedad intelectual.<\/div>\n<div>\n\t\t&nbsp;<\/div>\n<div>\n\t\to) Cumplir con la obligaci&oacute;n de comunicar la obtenci&oacute;n de otras subvenciones p&uacute;blicas o privadas para la misma actividad.<\/div>\n<div>\n\t\t&nbsp;<\/div>\n<div>\n\t\tp) Cumplir cualquier otra obligaci&oacute;n legal o reglamentaria que les pueda afectar.<\/div>\n<div>\n\t\t&nbsp;<\/div>\n<div>\n<h2 class=\"h2Noticia\">\n\t\t\t&iquest;Qu&eacute; cuant&iacute;a tiene la subvenci&oacute;n?<\/h2>\n<hr \/><\/div>\n<div>\n\t\tLa subvenci&oacute;n otorgada tiene el car&aacute;cter de importe m&aacute;ximo y se destinar&aacute; a la realizaci&oacute;n de la actuaci&oacute;n subvencionada, y la cuant&iacute;a de la subvenci&oacute;n otorgada no podr&aacute; superar el coste subvencionable del proyecto.<\/div>\n<div>\n\t\t&nbsp;<\/div>\n<div>\n\t\tSi el coste final efectivo de la actividad es inferior al coste inicialmente presupuestado en un 20%, se reducir&aacute;, en la misma proporci&oacute;n, la cuant&iacute;a de la ayuda.<\/div>\n<div>\n\t\t&nbsp;<\/div>\n<div>\n\t\tSi la desviaci&oacute;n presupuestaria entre el coste inicialmente presupuestado y el coste final justificado de la actividad objeto de la ayuda no excede del 20% no conlleva la reducci&oacute;n de la cuant&iacute;a de la ayuda. S&oacute;lo se puede aplicar este porcentaje si se garantiza que se ha cumplido el objeto y la finalidad de la ayuda.<\/div>\n<div>\n\t\t&nbsp;<\/div>\n<div>\n\t\tEn ning&uacute;n caso el importe de las subvenciones otorgadas puede ser de una cuant&iacute;a que, aisladamente o en concurrencia con subvenciones de otras entidades, ayudas, ingresos o recursos, supere el coste de la actividad a desarrollar por el beneficiario.<\/div>\n<div>\n\t\t&nbsp;<\/div>\n<div>\n<h2 class=\"h2Noticia\">\n\t\t\t&iquest;Qu&eacute; gastos son subvencionables?<\/h2>\n<hr \/><\/div>\n<div>\n\t\tCualquier gasto generado desde el 1 de enero de 2020 hasta el 31 de diciembre de 2020 (alquileres, suministros, compra de productos\/mercanc&iacute;as, gastos de gestor&iacute;a, etc.) de la que tengamos una factura.<\/div>\n<div>\n\t\t&nbsp;<\/div>\n<div>\n\t\tSe considerar&aacute;n gastos <u><strong>no<\/strong><\/u> subvencionables los siguientes:<\/div>\n<div>\n\t\t&nbsp;<\/div>\n<ul>\n<li>\n\t\t\tIntereses deudores de cuentas bancarias.<\/li>\n<li>\n\t\t\tIntereses, recargos y sanciones administrativas y penales.<\/li>\n<li>\n\t\t\tGastos de procedimientos legales y judiciales.<\/li>\n<li>\n\t\t\tImpuestos indirectos, como el IVA, y los impuestos personales sobre la renta, y cualquier otro impuesto.<\/li>\n<li>\n\t\t\tGastos de transacciones financieras.<\/li>\n<li>\n\t\t\tComisiones y p&eacute;rdidas de cambio y otros gastos puramente financieros, tales como comisiones por mantenimiento de cuentas o transferencias.<\/li>\n<li>\n\t\t\tGastos justificados con facturas de fecha anterior o posterior en m&aacute;s de un mes al inicio o finalizaci&oacute;n de la actuaci&oacute;n otorgada.<\/li>\n<li>\n\t\t\tLos estudios.<\/li>\n<li>\n\t\t\tLos patrocinios y premios.<\/li>\n<li>\n\t\t\tLos caterings y los gastos de alimentaci&oacute;n.<\/li>\n<\/ul>\n<div>\n<h2 class=\"h2Noticia\">\n\t\t\t&iquest;Cu&aacute;l es la forma para presentar las solicitudes?<\/h2>\n<hr \/><\/div>\n<div>\n\t\tLa presentaci&oacute;n de las solicitudes s&oacute;lo se podr&aacute; realizar de forma telem&aacute;tica a trav&eacute;s de un certificado digital.<\/div>\n<div>\n\t\t&nbsp;<\/div>\n<div>\n<h2 class=\"h2Noticia\">\n\t\t\tPreguntas frecuentes:<\/h2>\n<hr \/><\/div>\n<div>\n\t\t<strong>&iquest;En caso de tener m&aacute;s de un establecimiento, se puede pedir m&aacute;s de una subvenci&oacute;n?<\/strong><\/div>\n<div>\n\t\t&nbsp;<\/div>\n<div>\n\t\tNo. S&oacute;lo se permite una solicitud por beneficiario (NIF).<\/div>\n<div>\n\t\t&nbsp;<\/div>\n<div>\n\t\t<strong>&iquest;Es incompatible con alguna otra subvenci&oacute;n que he pedido este a&ntilde;o al CCAM o a otros organismos?<\/strong><\/div>\n<div>\n\t\t&nbsp;<\/div>\n<div>\n\t\tNo. Esta subvenci&oacute;n es compatible con cualquier l&iacute;nea de ayuda del estado o de la Generalitat.<\/div>\n<div>\n\t\t&nbsp;<\/div>\n<div>\n\t\t<strong>&iquest;Si un restaurante est&aacute; cerrado pero hace comida para llevar, se considera beneficiario?<\/strong><\/div>\n<div>\n\t\t&nbsp;<\/div>\n<div>\n\t\tS&iacute;, es beneficiario de este programa de subvenciones.<\/div>\n<div>\n\t\t&nbsp;<\/div>\n<div>\n\t\t<strong>&iquest;Si es una peluquer&iacute;a que tiene dada de alta la actividad de est&eacute;tica en el mismo establecimiento, se considera beneficiar&iacute;a?<\/strong><\/div>\n<div>\n\t\t&nbsp;<\/div>\n<div>\n\t\tS&iacute;, es beneficiaria de este programa de subvenciones.<\/div>\n<div>\n\t\t&nbsp;<\/div>\n<div>\n\t\t<strong>&iquest;Si es una panader&iacute;a con degustaci&oacute;n, se considera beneficiario?<\/strong><\/div>\n<div>\n\t\t&nbsp;<\/div>\n<div>\n\t\tS&oacute;lo en el caso de que haya sido obligado al cierre.<\/div>\n<div>\n\t\t&nbsp;<\/div>\n<div>\n\t\t<strong>&iquest;Una empresa de servicio de catering puede solicitar esta subvenci&oacute;n?<\/strong><\/div>\n<div>\n\t\t&nbsp;<\/div>\n<div>\n\t\tNo, no se considera un posible beneficiario.<\/div>\n<div>\n\t\t&nbsp;<\/div>\n<div>\n\t\t<strong>&iquest;Es necesario que el establecimiento est&eacute; a pie de calle?<\/strong><\/div>\n<div>\n\t\t&nbsp;<\/div>\n<div>\n\t\tNo. Pueden solicitar la subvenci&oacute;n todos los centros de belleza aunque no est&eacute;n situados a pie de calle.<\/div>\n<\/div>\n<p>\n\t&nbsp;<\/p>\n","protected":false},"excerpt":{"rendered":"<div style=\"text-align: justify;\">\n\tA trav&eacute;s de la Resoluci&oacute;n SLT\/2546\/2020, de 15 de octubre, se han adoptado una serie de nuevas medidas de salud p&uacute;blica para la contenci&oacute;n del brote epid&eacute;mico de la pandemia de Covid-19 en Catalu&ntilde;a, modificada por la Resoluci&oacute;n SLT\/2568\/2020, de 19 de octubre, que deja en suspensi&oacute;n de actividad en todo tipo de establecimientos y locales de restauraci&oacute;n y centros de est&eacute;tica y belleza.<\/div>\n<div>\n\t&nbsp;<\/div>\n","protected":false},"author":2,"featured_media":7463,"comment_status":"open","ping_status":"open","sticky":false,"template":"","format":"standard","meta":{"_acf_changed":false,"_uag_custom_page_level_css":"","_jetpack_memberships_contains_paid_content":false,"footnotes":""},"categories":[26],"tags":[],"class_list":["post-7462","post","type-post","status-publish","format-standard","has-post-thumbnail","hentry","category-asesoria"],"acf":[],"jetpack_featured_media_url":"https:\/\/www.cinc.com\/wp-content\/uploads\/2023\/03\/1271.jpg","uagb_featured_image_src":{"full":["https:\/\/www.cinc.com\/wp-content\/uploads\/2023\/03\/1271.jpg",1113,361,false],"thumbnail":["https:\/\/www.cinc.com\/wp-content\/uploads\/2023\/03\/1271.jpg",150,49,false],"medium":["https:\/\/www.cinc.com\/wp-content\/uploads\/2023\/03\/1271.jpg",300,97,false],"medium_large":["https:\/\/www.cinc.com\/wp-content\/uploads\/2023\/03\/1271.jpg",768,249,false],"large":["https:\/\/www.cinc.com\/wp-content\/uploads\/2023\/03\/1271.jpg",960,311,false],"1536x1536":["https:\/\/www.cinc.com\/wp-content\/uploads\/2023\/03\/1271.jpg",1113,361,false],"2048x2048":["https:\/\/www.cinc.com\/wp-content\/uploads\/2023\/03\/1271.jpg",1113,361,false],"gform-image-choice-sm":["https:\/\/www.cinc.com\/wp-content\/uploads\/2023\/03\/1271.jpg",300,97,false],"gform-image-choice-md":["https:\/\/www.cinc.com\/wp-content\/uploads\/2023\/03\/1271.jpg",400,130,false],"gform-image-choice-lg":["https:\/\/www.cinc.com\/wp-content\/uploads\/2023\/03\/1271.jpg",600,195,false]},"uagb_author_info":{"display_name":"Utrans","author_link":"https:\/\/www.cinc.com\/es\/author\/utrans\/"},"uagb_comment_info":0,"uagb_excerpt":"A trav&eacute;s de la Resoluci&oacute;n SLT\/2546\/2020, de 15 de octubre, se han adoptado una serie de nuevas medidas de salud p&uacute;blica para la contenci&oacute;n del brote epid&eacute;mico de la pandemia de Covid-19 en Catalu&ntilde;a, modificada por la Resoluci&oacute;n SLT\/2568\/2020, de 19 de octubre, que deja en suspensi&oacute;n de actividad en todo tipo de establecimientos y&hellip;","jetpack_sharing_enabled":true,"_links":{"self":[{"href":"https:\/\/www.cinc.com\/es\/wp-json\/wp\/v2\/posts\/7462","targetHints":{"allow":["GET"]}}],"collection":[{"href":"https:\/\/www.cinc.com\/es\/wp-json\/wp\/v2\/posts"}],"about":[{"href":"https:\/\/www.cinc.com\/es\/wp-json\/wp\/v2\/types\/post"}],"author":[{"embeddable":true,"href":"https:\/\/www.cinc.com\/es\/wp-json\/wp\/v2\/users\/2"}],"replies":[{"embeddable":true,"href":"https:\/\/www.cinc.com\/es\/wp-json\/wp\/v2\/comments?post=7462"}],"version-history":[{"count":0,"href":"https:\/\/www.cinc.com\/es\/wp-json\/wp\/v2\/posts\/7462\/revisions"}],"wp:featuredmedia":[{"embeddable":true,"href":"https:\/\/www.cinc.com\/es\/wp-json\/wp\/v2\/media\/7463"}],"wp:attachment":[{"href":"https:\/\/www.cinc.com\/es\/wp-json\/wp\/v2\/media?parent=7462"}],"wp:term":[{"taxonomy":"category","embeddable":true,"href":"https:\/\/www.cinc.com\/es\/wp-json\/wp\/v2\/categories?post=7462"},{"taxonomy":"post_tag","embeddable":true,"href":"https:\/\/www.cinc.com\/es\/wp-json\/wp\/v2\/tags?post=7462"}],"curies":[{"name":"wp","href":"https:\/\/api.w.org\/{rel}","templated":true}]}}