{"id":7402,"date":"2020-10-05T00:00:00","date_gmt":"2020-10-05T00:00:00","guid":{"rendered":"https:\/\/www.cinc.com\/se-amplia-el-bono-social-electrico-para-autonomos-hasta-el-21-de-junio-de-2021\/"},"modified":"2020-10-05T00:00:00","modified_gmt":"2020-10-05T00:00:00","slug":"se-amplia-el-bono-social-electrico-para-autonomos-hasta-el-21-de-junio-de-2021","status":"publish","type":"post","link":"https:\/\/www.cinc.com\/es\/se-amplia-el-bono-social-electrico-para-autonomos-hasta-el-21-de-junio-de-2021\/","title":{"rendered":"Se ampl\u00eda el bono social el\u00e9ctrico para aut\u00f3nomos hasta el 21 de junio de 2021"},"content":{"rendered":"<div style=\"text-align: justify;\">\n\tEl nuevo Real Decreto 30\/2020, de 29 de septiembre, prev&eacute; una serie de medidas sociales destinadas a amortiguar las consecuencias socioecon&oacute;micas derivadas de la situaci&oacute;n de pandemia por el COVID-19.<\/div>\n<div style=\"text-align: justify;\">\n\t&nbsp;<\/div>\n<div style=\"text-align: justify;\">\n\tEntre ellas, se ha aprobado un nuevo supuesto para acogerse al bono social el&eacute;ctrico que ampl&iacute;a y sustituye la medida que aprobaba esta ayuda destinada inicialmente solo a aquellas personas trabajadoras aut&oacute;nomas que hubieran cesado su actividad a partir del 14 de marzo con la entrada en vigor del estado de alarma, y que vieran reducida su facturaci&oacute;n en al menos un 75%.&nbsp;<\/div>\n<div style=\"text-align: justify;\">\n\t&nbsp;<\/div>\n<div style=\"text-align: justify;\">\n<h2 class=\"h2Noticia\">\n\t\t&iquest;Qui&eacute;n podr&aacute; acogerse al nuevo bono social a partir de ahora?<\/h2>\n<hr \/>\n<\/div>\n<div style=\"text-align: justify;\">\n\tDesde el 1 de octubre, adem&aacute;s de los trabajadores aut&oacute;nomos, tambi&eacute;n tendr&aacute;n la consideraci&oacute;n de consumidores vulnerables:<\/div>\n<ul>\n<li style=\"text-align: justify;\">\n\t\tLas personas en situaci&oacute;n de desempleo o en ERTE.<\/li>\n<li style=\"text-align: justify;\">\n\t\tLas que hayan visto reducida su jornada laboral por cuidados.<\/li>\n<li style=\"text-align: justify;\">\n\t\tLas que afronten circunstancias similares que supongan una p&eacute;rdida sustancial de ingresos.<\/li>\n<li style=\"text-align: justify;\">\n\t\tPersonas en cuya unidad familiar alg&uacute;n miembro se encuentre entre las situaciones mencionadas anteriormente.<\/li>\n<\/ul>\n<div style=\"text-align: justify;\">\n\tEstos colectivos tendr&aacute;n un descuento directo del 25% en la factura de la luz.&nbsp;&nbsp;<\/div>\n<div style=\"text-align: justify;\">\n\t&nbsp;<\/div>\n<div style=\"text-align: justify;\">\n<h2 class=\"h2Noticia\">\n\t\t&iquest;Cu&aacute;les son los requisitos para solicitarlo?<\/h2>\n<hr \/>\n<\/div>\n<div style=\"text-align: justify;\">\n\tDeber&aacute; acreditarse que el titular del punto de suministro, o alguno de los miembros de su unidad familiar, se encuentra en situaci&oacute;n de desempleo, Expediente Temporal de Regulaci&oacute;n de Empleo (ERTE), o ha visto reducida su jornada por motivo de cuidados, en caso de ser empresario, u otras circunstancias similares que supongan una p&eacute;rdida sustancial de ingresos, no alcanzando por ello el conjunto de los ingresos de los miembros de la unidad familiar, en el mes anterior al momento en que se presenta la solicitud del bono social completa, con toda la documentaci&oacute;n requerida, las siguientes cantidades:<\/div>\n<div style=\"text-align: justify;\">\n\t&nbsp;<\/div>\n<ul>\n<li style=\"text-align: justify;\">\n\t\t1,5 veces la doceava parte del Indicador P&uacute;blico de Renta de Efectos M&uacute;ltiples (IPREM) de 14 pagas, en el caso de que no forme parte de una unidad familiar o no haya ning&uacute;n menor en la unidad familiar.<\/li>\n<li style=\"text-align: justify;\">\n\t\t2 veces la doceava parte del &iacute;ndice IPREM de 14 pagas, en el caso de que haya un menor en la unidad familiar; 2,5 veces la doceava parte del &iacute;ndice.<\/li>\n<li style=\"text-align: justify;\">\n\t\tIPREM de 14 pagas, en el caso de que haya dos menores en la unidad familiar.<\/li>\n<\/ul>\n<div style=\"text-align: justify;\">\n\tEstos multiplicadores de renta respecto del &iacute;ndice IPREM de 14 pagas se incrementar&aacute;n, en cada caso, en 0,5, siempre que concurra alguna de las siguientes circunstancias especiales:&nbsp;<\/div>\n<div style=\"text-align: justify;\">\n\t&nbsp;<\/div>\n<ol>\n<li style=\"text-align: justify;\">\n\t\tQue el consumidor o alguno de los miembros de la unidad familiar tenga discapacidad reconocida igual o superior al 33%.<\/li>\n<li style=\"text-align: justify;\">\n\t\tQue el consumidor o alguno de los miembros de la unidad familiar acredite la situaci&oacute;n de violencia de g&eacute;nero, conforme a lo establecido en la legislaci&oacute;n vigente.<\/li>\n<li style=\"text-align: justify;\">\n\t\tQue el consumidor o alguno de los miembros de la unidad familiar tenga la condici&oacute;n de v&iacute;ctima de terrorismo, conforme a lo establecido en la legislaci&oacute;n vigente.<\/li>\n<li style=\"text-align: justify;\">\n\t\tQue el consumidor o alguno de los miembros de la unidad familiar se encuentre en situaci&oacute;n de dependencia reconocida de grado II o III, conforme a lo establecido en la legislaci&oacute;n vigente.&nbsp;<\/li>\n<li style=\"text-align: justify;\">\n\t\tQue el consumidor acredite que la unidad familiar est&aacute; integrada por un &uacute;nico progenitor y, al menos, un menor. A los &uacute;nicos efectos de comprobaci&oacute;n de esta circunstancia especial, el comercializador comprobar&aacute; a trav&eacute;s del libro de familia y del certificado de empadronamiento que no reside en la vivienda a cuyo suministro se encuentra ligado el bono social, un segundo progenitor.<\/li>\n<\/ol>\n<p style=\"text-align: justify;\">\n\t&nbsp;<\/p>\n<div style=\"text-align: justify;\">\n<h2 class=\"h2Noticia\">\n\t\t&iquest;C&oacute;mo debe tramitarse?<\/h2>\n<hr \/>\n<\/div>\n<div style=\"text-align: justify;\">\n\tAquellas personas que se encuentren en algunos de los supuestos mencionados para solicitar el bono social deber&aacute;n presentar una declaraci&oacute;n responsable -incluida en el modelo de solicitud- a la empresa comercializadora, en la que manifiesten su situaci&oacute;n, o la de alg&uacute;n miembro de su unidad familiar, as&iacute; como los ingresos de la unidad familiar.<\/div>\n<div style=\"text-align: justify;\">\n\t&nbsp;<\/div>\n<div style=\"text-align: justify;\">\n\tEl derecho a percibir el bono social se extinguir&aacute; cuando dejen de concurrir los requisitos requeridos para ser beneficiario y el usuario est&aacute; obligado a comunicar este hecho a la empresa comercializadora en el plazo m&aacute;ximo de un mes.<\/div>\n<div style=\"text-align: justify;\">\n\t&nbsp;<\/div>\n<div style=\"text-align: justify;\">\n\tEn cualquier caso, el derecho a percibir el bono social, se extinguir&aacute; el 30 de junio de 2021, aunque el perceptor podr&aacute; pasar a beneficiarse de otros supuestos de esta ayuda si cumple con los requisitos necesarios.&nbsp;<\/div>\n<div style=\"text-align: justify;\">\n\t&nbsp;<\/div>\n<div style=\"text-align: justify;\">\n\tSi un usuario se beneficia del bono social recogido en este nuevo supuesto sin reunir los requisitos marcados en la norma, ser&aacute; responsable de los da&ntilde;os y perjuicios que se pudieran producir, as&iacute; como de todos los gastos generados en aplicaci&oacute;n de esta medida. Todo ello, sin perjuicio de las responsabilidades de otro orden que pudiera dar lugar su conducta.<\/div>\n<div>\n\t&nbsp;<\/div>\n","protected":false},"excerpt":{"rendered":"<p style=\"text-align: justify;\">\n\t<span style=\"text-align: justify;\">El nuevo Real Decreto 30\/2020, de 29 de septiembre, prev&eacute; una serie de medidas sociales destinadas a amortiguar las consecuencias socioecon&oacute;micas derivadas de la situaci&oacute;n de pandemia por el COVID-19.<\/span><\/p>\n","protected":false},"author":2,"featured_media":7403,"comment_status":"open","ping_status":"open","sticky":false,"template":"","format":"standard","meta":{"_acf_changed":false,"_uag_custom_page_level_css":"","_jetpack_memberships_contains_paid_content":false,"footnotes":""},"categories":[26],"tags":[],"class_list":["post-7402","post","type-post","status-publish","format-standard","has-post-thumbnail","hentry","category-asesoria"],"acf":[],"jetpack_featured_media_url":"https:\/\/www.cinc.com\/wp-content\/uploads\/2023\/03\/1258.jpg","uagb_featured_image_src":{"full":["https:\/\/www.cinc.com\/wp-content\/uploads\/2023\/03\/1258.jpg",1112,361,false],"thumbnail":["https:\/\/www.cinc.com\/wp-content\/uploads\/2023\/03\/1258.jpg",150,49,false],"medium":["https:\/\/www.cinc.com\/wp-content\/uploads\/2023\/03\/1258.jpg",300,97,false],"medium_large":["https:\/\/www.cinc.com\/wp-content\/uploads\/2023\/03\/1258.jpg",768,249,false],"large":["https:\/\/www.cinc.com\/wp-content\/uploads\/2023\/03\/1258.jpg",960,312,false],"1536x1536":["https:\/\/www.cinc.com\/wp-content\/uploads\/2023\/03\/1258.jpg",1112,361,false],"2048x2048":["https:\/\/www.cinc.com\/wp-content\/uploads\/2023\/03\/1258.jpg",1112,361,false],"gform-image-choice-sm":["https:\/\/www.cinc.com\/wp-content\/uploads\/2023\/03\/1258.jpg",300,97,false],"gform-image-choice-md":["https:\/\/www.cinc.com\/wp-content\/uploads\/2023\/03\/1258.jpg",400,130,false],"gform-image-choice-lg":["https:\/\/www.cinc.com\/wp-content\/uploads\/2023\/03\/1258.jpg",600,195,false]},"uagb_author_info":{"display_name":"Utrans","author_link":"https:\/\/www.cinc.com\/es\/author\/utrans\/"},"uagb_comment_info":0,"uagb_excerpt":"El nuevo Real Decreto 30\/2020, de 29 de septiembre, prev&eacute; una serie de medidas sociales destinadas a amortiguar las consecuencias socioecon&oacute;micas derivadas de la situaci&oacute;n de pandemia por el COVID-19.","jetpack_sharing_enabled":true,"_links":{"self":[{"href":"https:\/\/www.cinc.com\/es\/wp-json\/wp\/v2\/posts\/7402","targetHints":{"allow":["GET"]}}],"collection":[{"href":"https:\/\/www.cinc.com\/es\/wp-json\/wp\/v2\/posts"}],"about":[{"href":"https:\/\/www.cinc.com\/es\/wp-json\/wp\/v2\/types\/post"}],"author":[{"embeddable":true,"href":"https:\/\/www.cinc.com\/es\/wp-json\/wp\/v2\/users\/2"}],"replies":[{"embeddable":true,"href":"https:\/\/www.cinc.com\/es\/wp-json\/wp\/v2\/comments?post=7402"}],"version-history":[{"count":0,"href":"https:\/\/www.cinc.com\/es\/wp-json\/wp\/v2\/posts\/7402\/revisions"}],"wp:featuredmedia":[{"embeddable":true,"href":"https:\/\/www.cinc.com\/es\/wp-json\/wp\/v2\/media\/7403"}],"wp:attachment":[{"href":"https:\/\/www.cinc.com\/es\/wp-json\/wp\/v2\/media?parent=7402"}],"wp:term":[{"taxonomy":"category","embeddable":true,"href":"https:\/\/www.cinc.com\/es\/wp-json\/wp\/v2\/categories?post=7402"},{"taxonomy":"post_tag","embeddable":true,"href":"https:\/\/www.cinc.com\/es\/wp-json\/wp\/v2\/tags?post=7402"}],"curies":[{"name":"wp","href":"https:\/\/api.w.org\/{rel}","templated":true}]}}