{"id":7292,"date":"2020-07-07T00:00:00","date_gmt":"2020-07-07T00:00:00","guid":{"rendered":"https:\/\/www.cinc.com\/nuevas-bonificaciones-en-la-contratacion-de-trabajadores-fijos-discontinuos-en-empresas-del-ambito-turistico\/"},"modified":"2020-07-07T00:00:00","modified_gmt":"2020-07-07T00:00:00","slug":"nuevas-bonificaciones-en-la-contratacion-de-trabajadores-fijos-discontinuos-en-empresas-del-ambito-turistico","status":"publish","type":"post","link":"https:\/\/www.cinc.com\/es\/nuevas-bonificaciones-en-la-contratacion-de-trabajadores-fijos-discontinuos-en-empresas-del-ambito-turistico\/","title":{"rendered":"Nuevas bonificaciones en la contrataci\u00f3n de trabajadores fijos-discontinuos en empresas del \u00e1mbito tur\u00edstico"},"content":{"rendered":"<div style=\"text-align: justify;\">\n<div>\n\t\tLa situaci&oacute;n excepcional provocada por el COVID-19 est&aacute; teniendo una incidencia notoria en el empleo de los trabajadores fijos-discontinuos que trabajan en el &aacute;mbito tur&iacute;stico y en los sectores vinculados. En este sentido, el Real Decreto 25\/2020, de 3 de julio, de medidas urgentes para apoyar la reactivaci&oacute;n econ&oacute;mica y el empleo, publicado en el BOE este lunes 6 de julio, favorece el retorno gradual a las actividades vinculadas al turismo durante el proceso de desescalada a trav&eacute;s de la aplicaci&oacute;n de las bonificaciones de las cuotas de la Seguridad Social de los trabajadores fijos-discontinuos.<\/div>\n<div>\n\t\t&nbsp;<\/div>\n<div>\n\t\t<strong>&iquest;En qu&eacute; consiste esta bonificaci&oacute;n y cu&aacute;les son los requisitos para aplicarla?<\/strong><\/div>\n<div>\n\t\t&nbsp;<\/div>\n<div>\n\t\tPodr&aacute;n aplicar de forma excepcional una bonificaci&oacute;n del 50% de las cuotas empresariales a la Seguridad Social por contingencias comunes, desempleo, Fogasa y Formaci&oacute;n profesional las empresas que cumplan los siguientes requisitos:<\/div>\n<div>\n\t\t&nbsp;<\/div>\n<ul>\n<li>\n\t\t\tEmpresas dedicadas a las actividades encuadradas en el &aacute;mbito del turismo, comercio y hosteler&iacute;a, siempre que se encuentren en el sector turismo.<\/li>\n<li>\n\t\t\tQue generen actividad productiva durante los meses de julio, agosto, septiembre y octubre de 2020.<\/li>\n<li>\n\t\t\tQue inicien o mantengan en alta durante estos meses la ocupaci&oacute;n de los trabajadores en contratos de fijos-discontinuos.<\/li>\n<\/ul>\n<div>\n\t\tEstas bonificaciones son compatibles con las exoneraciones de las cuotas de la Seguridad Social, aunque en ning&uacute;n caso se podr&aacute; superar el 100% de la cuota empresarial.<\/div>\n<div>\n\t\t&nbsp;<\/div>\n<div>\n\t\tSe aplicar&aacute;n a instancia de la empresa, previa declaraci&oacute;n responsable que vincule la misma al sector turismo y habr&aacute; emitirla antes de pedir el c&aacute;lculo de la liquidaci&oacute;n de cuotas<\/div>\n<\/div>\n<p>\n\t&nbsp;<\/p>\n","protected":false},"excerpt":{"rendered":"<p style=\"text-align: justify;\">\n\tLa situaci&oacute;n excepcional provocada por el COVID-19 est&aacute; teniendo una incidencia notoria en el empleo de los trabajadores fijos-discontinuos que trabajan en el &aacute;mbito tur&iacute;stico y en los sectores vinculados.<\/p>\n","protected":false},"author":2,"featured_media":7293,"comment_status":"open","ping_status":"open","sticky":false,"template":"","format":"standard","meta":{"_acf_changed":false,"_uag_custom_page_level_css":"","_jetpack_memberships_contains_paid_content":false,"footnotes":""},"categories":[26],"tags":[],"class_list":["post-7292","post","type-post","status-publish","format-standard","has-post-thumbnail","hentry","category-asesoria"],"acf":[],"jetpack_featured_media_url":"https:\/\/www.cinc.com\/wp-content\/uploads\/2023\/03\/1236.jpg","uagb_featured_image_src":{"full":["https:\/\/www.cinc.com\/wp-content\/uploads\/2023\/03\/1236.jpg",1112,361,false],"thumbnail":["https:\/\/www.cinc.com\/wp-content\/uploads\/2023\/03\/1236.jpg",150,49,false],"medium":["https:\/\/www.cinc.com\/wp-content\/uploads\/2023\/03\/1236.jpg",300,97,false],"medium_large":["https:\/\/www.cinc.com\/wp-content\/uploads\/2023\/03\/1236.jpg",768,249,false],"large":["https:\/\/www.cinc.com\/wp-content\/uploads\/2023\/03\/1236.jpg",960,312,false],"1536x1536":["https:\/\/www.cinc.com\/wp-content\/uploads\/2023\/03\/1236.jpg",1112,361,false],"2048x2048":["https:\/\/www.cinc.com\/wp-content\/uploads\/2023\/03\/1236.jpg",1112,361,false],"gform-image-choice-sm":["https:\/\/www.cinc.com\/wp-content\/uploads\/2023\/03\/1236.jpg",300,97,false],"gform-image-choice-md":["https:\/\/www.cinc.com\/wp-content\/uploads\/2023\/03\/1236.jpg",400,130,false],"gform-image-choice-lg":["https:\/\/www.cinc.com\/wp-content\/uploads\/2023\/03\/1236.jpg",600,195,false]},"uagb_author_info":{"display_name":"Utrans","author_link":"https:\/\/www.cinc.com\/es\/author\/utrans\/"},"uagb_comment_info":0,"uagb_excerpt":"La situaci&oacute;n excepcional provocada por el COVID-19 est&aacute; teniendo una incidencia notoria en el empleo de los trabajadores fijos-discontinuos que trabajan en el &aacute;mbito tur&iacute;stico y en los sectores vinculados.","jetpack_sharing_enabled":true,"_links":{"self":[{"href":"https:\/\/www.cinc.com\/es\/wp-json\/wp\/v2\/posts\/7292","targetHints":{"allow":["GET"]}}],"collection":[{"href":"https:\/\/www.cinc.com\/es\/wp-json\/wp\/v2\/posts"}],"about":[{"href":"https:\/\/www.cinc.com\/es\/wp-json\/wp\/v2\/types\/post"}],"author":[{"embeddable":true,"href":"https:\/\/www.cinc.com\/es\/wp-json\/wp\/v2\/users\/2"}],"replies":[{"embeddable":true,"href":"https:\/\/www.cinc.com\/es\/wp-json\/wp\/v2\/comments?post=7292"}],"version-history":[{"count":0,"href":"https:\/\/www.cinc.com\/es\/wp-json\/wp\/v2\/posts\/7292\/revisions"}],"wp:featuredmedia":[{"embeddable":true,"href":"https:\/\/www.cinc.com\/es\/wp-json\/wp\/v2\/media\/7293"}],"wp:attachment":[{"href":"https:\/\/www.cinc.com\/es\/wp-json\/wp\/v2\/media?parent=7292"}],"wp:term":[{"taxonomy":"category","embeddable":true,"href":"https:\/\/www.cinc.com\/es\/wp-json\/wp\/v2\/categories?post=7292"},{"taxonomy":"post_tag","embeddable":true,"href":"https:\/\/www.cinc.com\/es\/wp-json\/wp\/v2\/tags?post=7292"}],"curies":[{"name":"wp","href":"https:\/\/api.w.org\/{rel}","templated":true}]}}