{"id":7207,"date":"2020-05-21T00:00:00","date_gmt":"2020-05-21T00:00:00","guid":{"rendered":"https:\/\/www.cinc.com\/empresas-con-trabajadores-en-erte-que-no-han-cobrado-aun-la-prestacion-como-funciona-el-procedimiento-de-reclamacion\/"},"modified":"2025-05-02T11:55:15","modified_gmt":"2025-05-02T10:55:15","slug":"empresas-con-trabajadores-en-erte-que-no-han-cobrado-aun-la-prestacion-como-funciona-el-procedimiento-de-reclamacion","status":"publish","type":"post","link":"https:\/\/www.cinc.com\/es\/empresas-con-trabajadores-en-erte-que-no-han-cobrado-aun-la-prestacion-como-funciona-el-procedimiento-de-reclamacion\/","title":{"rendered":"Empresas con trabajadores en ERTE que no han cobrado a\u00fan la prestaci\u00f3n: c\u00f3mo funciona el procedimiento de reclamaci\u00f3n"},"content":{"rendered":"<div style=\"text-align: justify;\">A ra\u00edz de la aprobaci\u00f3n de los ERTE por fuerza mayor, ha surgido una avalancha de peticiones de prestaciones por desempleo, y algunas empresas se encuentran con que sus empleados no han podido cobrarlas a\u00fan. Aunque la solicitud del ERTE la haya realizado la empresa, hay que recordar que es el propio empleado quien deber\u00e1 realizar la reclamaci\u00f3n al SEPE de forma telem\u00e1tica a trav\u00e9s de su web.<\/div>\n<div style=\"text-align: justify;\"><\/div>\n<div style=\"text-align: justify;\">Este hecho puede darse por dos circunstancias: que el pago no se haya realizado, o bien que el SEPE haya rechazado o abonado una cantidad incorrecta. Seg\u00fan el caso, la persona trabajadora tendr\u00e1 dos opciones:<\/div>\n<div style=\"text-align: justify;\"><\/div>\n<div style=\"text-align: justify;\">En el primer supuesto (se tiene derecho a la prestaci\u00f3n, pero no se ha recibido), deber\u00e1 presentar una reclamaci\u00f3n patrimonial ante el SEPE, que podr\u00e1 realizar desde el d\u00eda siguiente al que se tiene derecho a cobrar la prestaci\u00f3n. La Administraci\u00f3n dispone un plazo de seis meses para contestar; por tanto, si pasado ese tiempo no ha habido respuesta, se entender\u00e1 como silencio administrativo y el trabajador podr\u00e1 proceder a realizar una demanda judicial. Si la resoluci\u00f3n resultara desfavorable, el plazo para presentar la demanda ser\u00eda de dos meses desde esta notificaci\u00f3n.<\/div>\n<div style=\"text-align: justify;\"><\/div>\n<div style=\"text-align: justify;\">En el segundo supuesto (petici\u00f3n rechazada o la cantidad abonada no es correcta), el trabajador tendr\u00e1 30 d\u00edas h\u00e1biles para reclamar al SEPE. Si no obtiene respuesta en un plazo de 45 d\u00edas desde la reclamaci\u00f3n, puede depositar una demanda ante los Juzgados de lo Social en los siguientes 30 d\u00edas h\u00e1biles.<\/div>\n<div style=\"text-align: justify;\"><\/div>\n","protected":false},"excerpt":{"rendered":"<div style=\"text-align: justify;\">\n\tA ra&iacute;z de la aprobaci&oacute;n de los ERTE por fuerza mayor, ha surgido una avalancha de peticiones de prestaciones por desempleo, y algunas empresas se encuentran con que sus empleados no han podido cobrarlas a&uacute;n. Aunque la solicitud del ERTE la haya realizado la empresa, hay que recordar que es el propio empleado quien deber&aacute; realizar la reclamaci&oacute;n al SEPE de forma telem&aacute;tica a trav&eacute;s de su web.<\/div>\n<div>\n\t&nbsp;<\/div>\n","protected":false},"author":2,"featured_media":7208,"comment_status":"open","ping_status":"open","sticky":false,"template":"","format":"standard","meta":{"_acf_changed":false,"_uag_custom_page_level_css":"","_jetpack_memberships_contains_paid_content":false,"footnotes":""},"categories":[26],"tags":[],"class_list":["post-7207","post","type-post","status-publish","format-standard","has-post-thumbnail","hentry","category-asesoria"],"acf":[],"jetpack_featured_media_url":"https:\/\/www.cinc.com\/wp-content\/uploads\/2023\/03\/1218.jpg","uagb_featured_image_src":{"full":["https:\/\/www.cinc.com\/wp-content\/uploads\/2023\/03\/1218.jpg",1113,361,false],"thumbnail":["https:\/\/www.cinc.com\/wp-content\/uploads\/2023\/03\/1218.jpg",150,49,false],"medium":["https:\/\/www.cinc.com\/wp-content\/uploads\/2023\/03\/1218.jpg",300,97,false],"medium_large":["https:\/\/www.cinc.com\/wp-content\/uploads\/2023\/03\/1218.jpg",768,249,false],"large":["https:\/\/www.cinc.com\/wp-content\/uploads\/2023\/03\/1218.jpg",960,311,false],"1536x1536":["https:\/\/www.cinc.com\/wp-content\/uploads\/2023\/03\/1218.jpg",1113,361,false],"2048x2048":["https:\/\/www.cinc.com\/wp-content\/uploads\/2023\/03\/1218.jpg",1113,361,false],"gform-image-choice-sm":["https:\/\/www.cinc.com\/wp-content\/uploads\/2023\/03\/1218.jpg",300,97,false],"gform-image-choice-md":["https:\/\/www.cinc.com\/wp-content\/uploads\/2023\/03\/1218.jpg",400,130,false],"gform-image-choice-lg":["https:\/\/www.cinc.com\/wp-content\/uploads\/2023\/03\/1218.jpg",600,195,false]},"uagb_author_info":{"display_name":"Utrans","author_link":"https:\/\/www.cinc.com\/es\/author\/utrans\/"},"uagb_comment_info":0,"uagb_excerpt":"A ra&iacute;z de la aprobaci&oacute;n de los ERTE por fuerza mayor, ha surgido una avalancha de peticiones de prestaciones por desempleo, y algunas empresas se encuentran con que sus empleados no han podido cobrarlas a&uacute;n. Aunque la solicitud del ERTE la haya realizado la empresa, hay que recordar que es el propio empleado quien deber&aacute;&hellip;","jetpack_sharing_enabled":true,"_links":{"self":[{"href":"https:\/\/www.cinc.com\/es\/wp-json\/wp\/v2\/posts\/7207","targetHints":{"allow":["GET"]}}],"collection":[{"href":"https:\/\/www.cinc.com\/es\/wp-json\/wp\/v2\/posts"}],"about":[{"href":"https:\/\/www.cinc.com\/es\/wp-json\/wp\/v2\/types\/post"}],"author":[{"embeddable":true,"href":"https:\/\/www.cinc.com\/es\/wp-json\/wp\/v2\/users\/2"}],"replies":[{"embeddable":true,"href":"https:\/\/www.cinc.com\/es\/wp-json\/wp\/v2\/comments?post=7207"}],"version-history":[{"count":1,"href":"https:\/\/www.cinc.com\/es\/wp-json\/wp\/v2\/posts\/7207\/revisions"}],"predecessor-version":[{"id":29838,"href":"https:\/\/www.cinc.com\/es\/wp-json\/wp\/v2\/posts\/7207\/revisions\/29838"}],"wp:featuredmedia":[{"embeddable":true,"href":"https:\/\/www.cinc.com\/es\/wp-json\/wp\/v2\/media\/7208"}],"wp:attachment":[{"href":"https:\/\/www.cinc.com\/es\/wp-json\/wp\/v2\/media?parent=7207"}],"wp:term":[{"taxonomy":"category","embeddable":true,"href":"https:\/\/www.cinc.com\/es\/wp-json\/wp\/v2\/categories?post=7207"},{"taxonomy":"post_tag","embeddable":true,"href":"https:\/\/www.cinc.com\/es\/wp-json\/wp\/v2\/tags?post=7207"}],"curies":[{"name":"wp","href":"https:\/\/api.w.org\/{rel}","templated":true}]}}