{"id":7177,"date":"2020-05-15T00:00:00","date_gmt":"2020-05-15T00:00:00","guid":{"rendered":"https:\/\/www.cinc.com\/control-de-temperatura-de-los-trabajadores-la-aepd-muestra-su-preocupacion-ante-esta-practica-a-traves-de-un-comunicado\/"},"modified":"2020-05-15T00:00:00","modified_gmt":"2020-05-15T00:00:00","slug":"control-de-temperatura-de-los-trabajadores-la-aepd-muestra-su-preocupacion-ante-esta-practica-a-traves-de-un-comunicado","status":"publish","type":"post","link":"https:\/\/www.cinc.com\/es\/control-de-temperatura-de-los-trabajadores-la-aepd-muestra-su-preocupacion-ante-esta-practica-a-traves-de-un-comunicado\/","title":{"rendered":"Control de temperatura de los trabajadores: la AEPD muestra su preocupaci\u00f3n ante esta pr\u00e1ctica a trav\u00e9s de un comunicado"},"content":{"rendered":"<div style=\"text-align: justify;\">\n<div>\n\t\tParece ser que, aunque de una manera muy lenta y sutil, volvemos a la normalidad. Si bien en esta situaci&oacute;n de confinamiento las empresas han incorporado el teletrabajo como medida preventiva para evitar la propagaci&oacute;n del COVID-19, ahora, y en coherencia con lo previsto en las autoridades sanitarias, es la hora de adaptarse a la desescalada y adoptar todas aquellas medidas que puedan garantizar la salud en los centros de trabajo, comercios y establecimientos en general.<\/div>\n<div>\n\t\t&nbsp;<\/div>\n<div>\n\t\tAnte esta situaci&oacute;n, y dada la naturaleza de algunas de estas medidas, la Agencia Espa&ntilde;ola de Protecci&oacute;n de Datos (AEPD) ha emitido un comunicado donde se establecen una serie de recomendaciones para evitar que algunas de ellas supongan una intromisi&oacute;n ileg&iacute;tima en los derechos de las personas. Nos referimos, principalmente, al hecho de tomar la temperatura de manera generalizada para permitir la entrada a centros de trabajo, escuelas, comercios o establecimientos en general.<\/div>\n<div>\n\t\t&nbsp;<\/div>\n<div>\n\t\tLa AEPD destaca que el valor de la temperatura corporal es un dato de salud en s&iacute; mismo, pero tambi&eacute;n nos puede indicar si se sufre o no una enfermedad, que podr&iacute;a ser el coronavirus, o bien un simple resfriado. Adem&aacute;s, normalmente los controles de temperatura se llevan a cabo en espacios p&uacute;blicos y, por tanto, la denegaci&oacute;n del acceso al centro de trabajo, centro educativo o establecimiento en general estar&iacute;a desvelando a terceros (que no tienen por qu&eacute; saberlo) que la persona afectada tiene una temperatura por encima de lo que se considera normal, pero, sobre todo, que puede haber sido contagiada por el virus. Y es especialmente en este &uacute;ltimo extremo y, en seg&uacute;n qu&eacute; circunstancias, lo que puede suponer un importante impacto para la persona afectada.<\/div>\n<div>\n\t\t&nbsp;<\/div>\n<div>\n\t\tSeg&uacute;n la AEPD, estas medidas &uacute;nicamente se aplicar&aacute;n en atenci&oacute;n a los criterios de utilidad y proporcionalidad establecidos por las autoridades sanitarias. Habr&iacute;a que plantear, por tanto, hasta qu&eacute; punto estas medidas podr&iacute;an o no ser sustituidas, con la misma eficacia, por medidas menos intrusivas. No olvidemos que la finalidad de estas medidas &uacute;nicamente es la de evitar el contagio de personas sanas como medio de control de la pandemia, prohibiendo al presunto &quot;infectado&quot; el acceso al centro de trabajo, escuela o establecimientos en general.<\/div>\n<div>\n\t\t&nbsp;<\/div>\n<div>\n\t\tEl establecimiento de estas medidas debe ser respetuoso con la normativa sobre Protecci&oacute;n de Datos Personales, y deben ir acompa&ntilde;adas por la implementaci&oacute;n, por parte del responsable del tratamiento, de un sistema de garant&iacute;as y del respeto de los derechos de los interesados, como por ejemplo, el principio de exactitud o el cumplimiento del derecho de informaci&oacute;n de las personas afectadas.<\/div>\n<div>\n\t\t&nbsp;<\/div>\n<div>\n\t\tPuedes consultar el comunicado de la AEPD&nbsp;<a href=\"https:\/\/www.aepd.es\/es\/prensa-y-comunicacion\/notas-de-prensa\/comunicado-aepd-temperatura-establecimientos\" target=\"_blank\" rel=\"noopener\">en este enlace<\/a>.&nbsp;<\/div>\n<div>\n\t\t&nbsp;<\/div>\n<div>\n\t\tPara resolver cualquier duda, puedes contactar con el Departamento de Protecci&oacute;n de Datos de CINC Asesor&iacute;a (monica.vilallave@cinc.es).&nbsp;<\/div>\n<\/div>\n<p>\n\t&nbsp;<\/p>\n","protected":false},"excerpt":{"rendered":"<p style=\"text-align: justify;\">\n\tParece ser que, aunque de una manera muy lenta y sutil, volvemos a la normalidad. Si bien en esta situaci&oacute;n de confinamiento las empresas han incorporado el teletrabajo como medida preventiva para evitar la propagaci&oacute;n del COVID-19, ahora, y en coherencia con lo previsto en las autoridades sanitarias, es la hora de adaptarse a la desescalada y adoptar todas aquellas medidas que puedan garantizar la salud en los centros de trabajo, comercios y establecimientos en general.<\/p>\n","protected":false},"author":2,"featured_media":7178,"comment_status":"open","ping_status":"open","sticky":false,"template":"","format":"standard","meta":{"_acf_changed":false,"_uag_custom_page_level_css":"","_jetpack_memberships_contains_paid_content":false,"footnotes":""},"categories":[26],"tags":[],"class_list":["post-7177","post","type-post","status-publish","format-standard","has-post-thumbnail","hentry","category-asesoria"],"acf":[],"jetpack_featured_media_url":"https:\/\/www.cinc.com\/wp-content\/uploads\/2023\/03\/1212.jpg","uagb_featured_image_src":{"full":["https:\/\/www.cinc.com\/wp-content\/uploads\/2023\/03\/1212.jpg",1113,361,false],"thumbnail":["https:\/\/www.cinc.com\/wp-content\/uploads\/2023\/03\/1212.jpg",150,49,false],"medium":["https:\/\/www.cinc.com\/wp-content\/uploads\/2023\/03\/1212.jpg",300,97,false],"medium_large":["https:\/\/www.cinc.com\/wp-content\/uploads\/2023\/03\/1212.jpg",768,249,false],"large":["https:\/\/www.cinc.com\/wp-content\/uploads\/2023\/03\/1212.jpg",960,311,false],"1536x1536":["https:\/\/www.cinc.com\/wp-content\/uploads\/2023\/03\/1212.jpg",1113,361,false],"2048x2048":["https:\/\/www.cinc.com\/wp-content\/uploads\/2023\/03\/1212.jpg",1113,361,false],"gform-image-choice-sm":["https:\/\/www.cinc.com\/wp-content\/uploads\/2023\/03\/1212.jpg",300,97,false],"gform-image-choice-md":["https:\/\/www.cinc.com\/wp-content\/uploads\/2023\/03\/1212.jpg",400,130,false],"gform-image-choice-lg":["https:\/\/www.cinc.com\/wp-content\/uploads\/2023\/03\/1212.jpg",600,195,false]},"uagb_author_info":{"display_name":"Utrans","author_link":"https:\/\/www.cinc.com\/es\/author\/utrans\/"},"uagb_comment_info":0,"uagb_excerpt":"Parece ser que, aunque de una manera muy lenta y sutil, volvemos a la normalidad. Si bien en esta situaci&oacute;n de confinamiento las empresas han incorporado el teletrabajo como medida preventiva para evitar la propagaci&oacute;n del COVID-19, ahora, y en coherencia con lo previsto en las autoridades sanitarias, es la hora de adaptarse a la&hellip;","jetpack_sharing_enabled":true,"_links":{"self":[{"href":"https:\/\/www.cinc.com\/es\/wp-json\/wp\/v2\/posts\/7177","targetHints":{"allow":["GET"]}}],"collection":[{"href":"https:\/\/www.cinc.com\/es\/wp-json\/wp\/v2\/posts"}],"about":[{"href":"https:\/\/www.cinc.com\/es\/wp-json\/wp\/v2\/types\/post"}],"author":[{"embeddable":true,"href":"https:\/\/www.cinc.com\/es\/wp-json\/wp\/v2\/users\/2"}],"replies":[{"embeddable":true,"href":"https:\/\/www.cinc.com\/es\/wp-json\/wp\/v2\/comments?post=7177"}],"version-history":[{"count":0,"href":"https:\/\/www.cinc.com\/es\/wp-json\/wp\/v2\/posts\/7177\/revisions"}],"wp:featuredmedia":[{"embeddable":true,"href":"https:\/\/www.cinc.com\/es\/wp-json\/wp\/v2\/media\/7178"}],"wp:attachment":[{"href":"https:\/\/www.cinc.com\/es\/wp-json\/wp\/v2\/media?parent=7177"}],"wp:term":[{"taxonomy":"category","embeddable":true,"href":"https:\/\/www.cinc.com\/es\/wp-json\/wp\/v2\/categories?post=7177"},{"taxonomy":"post_tag","embeddable":true,"href":"https:\/\/www.cinc.com\/es\/wp-json\/wp\/v2\/tags?post=7177"}],"curies":[{"name":"wp","href":"https:\/\/api.w.org\/{rel}","templated":true}]}}