{"id":7167,"date":"2020-05-14T00:00:00","date_gmt":"2020-05-14T00:00:00","guid":{"rendered":"https:\/\/www.cinc.com\/guias-para-la-implementacion-de-medidas-de-prevencion-frente-al-covid-19-en-el-sector-turistico\/"},"modified":"2020-05-14T00:00:00","modified_gmt":"2020-05-14T00:00:00","slug":"guias-para-la-implementacion-de-medidas-de-prevencion-frente-al-covid-19-en-el-sector-turistico","status":"publish","type":"post","link":"https:\/\/www.cinc.com\/es\/guias-para-la-implementacion-de-medidas-de-prevencion-frente-al-covid-19-en-el-sector-turistico\/","title":{"rendered":"Gu\u00edas para la implementaci\u00f3n de medidas de prevenci\u00f3n frente al COVID-19 en el sector tur\u00edstico"},"content":{"rendered":"<div style=\"text-align: justify;\">\n\tDurante la fase de desescalada es primordial extremar al m&aacute;ximo las medidas de seguridad e higiene frente al COVID-19, adem&aacute;s de adaptar los Protocolos de Riesgos Laborales.<\/div>\n<div style=\"text-align: justify;\">\n\t&nbsp;<\/div>\n<div style=\"text-align: justify;\">\n\tEn este sentido, la Secretar&iacute;a de Estado de Turismo ha preparado, en coordinaci&oacute;n con el Ministerio de Sanidad, unas gu&iacute;as con especificaciones de limpieza, desinfecci&oacute;n, mantenimiento y gesti&oacute;n del riesgo para los diferentes subsectores del sector tur&iacute;stico.<\/div>\n<div style=\"text-align: justify;\">\n\t&nbsp;<\/div>\n<div style=\"text-align: justify;\">\n\tAqu&iacute; ten&eacute;is el acceso a estos materiales:&nbsp;<\/div>\n<div style=\"text-align: justify;\">\n\t&nbsp;<\/div>\n<div>\n<ul>\n<li>\n\t\t\t<a href=\"https:\/\/www.mincotur.gob.es\/es-es\/COVID-19\/GuiasSectorTurismo\/Agencias_de_viajes.pdf\" target=\"_blank\" rel=\"noopener\">Agencias de viajes<\/a><\/li>\n<li>\n\t\t\t<a href=\"https:\/\/www.mincotur.gob.es\/es-es\/COVID-19\/GuiasSectorTurismo\/Albergues.pdf\" target=\"_blank\" rel=\"noopener\">Albergues<\/a><\/li>\n<li>\n\t\t\t<a href=\"https:\/\/www.mincotur.gob.es\/es-es\/COVID-19\/GuiasSectorTurismo\/Alojamientos_rurales.pdf\" target=\"_blank\" rel=\"noopener\">Alojamientos rurales<\/a><\/li>\n<li>\n\t\t\t<a href=\"https:\/\/www.mincotur.gob.es\/es-es\/COVID-19\/GuiasSectorTurismo\/Balnearios.pdf\" target=\"_blank\" rel=\"noopener\">Balnearios<\/a><\/li>\n<li>\n\t\t\t<a href=\"https:\/\/www.mincotur.gob.es\/es-es\/COVID-19\/GuiasSectorTurismo\/Campings.pdf\" target=\"_blank\" rel=\"noopener\">Campings<\/a><\/li>\n<li>\n\t\t\t<a href=\"https:\/\/www.mincotur.gob.es\/es-es\/COVID-19\/GuiasSectorTurismo\/Campos_de_golf.pdf\" target=\"_blank\" rel=\"noopener\">Campos de golf<\/a><\/li>\n<li>\n\t\t\t<a href=\"https:\/\/www.mincotur.gob.es\/es-es\/COVID-19\/GuiasSectorTurismo\/Oficinas_de_informacion_turistica.pdf\" target=\"_blank\" rel=\"noopener\">Gu&iacute;as tur&iacute;sticas<\/a><\/li>\n<li>\n\t\t\t<a href=\"https:\/\/www.mincotur.gob.es\/es-es\/COVID-19\/GuiasSectorTurismo\/Restaurantes.pdf\" target=\"_blank\" rel=\"noopener\">Restaurantes<\/a><\/li>\n<li>\n\t\t\t<a href=\"https:\/\/www.mincotur.gob.es\/es-es\/COVID-19\/GuiasSectorTurismo\/Turismo_activo_y_ecoturismo.pdf\" target=\"_blank\" rel=\"noopener\">Turismo activo y ecoturismo<\/a><\/li>\n<\/ul>\n<\/div>\n<p>\n\t&nbsp;<\/p>\n","protected":false},"excerpt":{"rendered":"<p style=\"text-align: justify;\">\n\t<span style=\"text-align: justify;\">Durante la fase de desescalada es primordial extremar al m&aacute;ximo las medidas de seguridad e higiene frente al COVID-19, adem&aacute;s de adaptar los Protocolos de Riesgos Laborales.&nbsp;<\/span><\/p>\n","protected":false},"author":2,"featured_media":7168,"comment_status":"open","ping_status":"open","sticky":false,"template":"","format":"standard","meta":{"_acf_changed":false,"_uag_custom_page_level_css":"","_jetpack_memberships_contains_paid_content":false,"footnotes":""},"categories":[26],"tags":[],"class_list":["post-7167","post","type-post","status-publish","format-standard","has-post-thumbnail","hentry","category-asesoria"],"acf":[],"jetpack_featured_media_url":"https:\/\/www.cinc.com\/wp-content\/uploads\/2023\/03\/1210.jpg","uagb_featured_image_src":{"full":["https:\/\/www.cinc.com\/wp-content\/uploads\/2023\/03\/1210.jpg",1113,361,false],"thumbnail":["https:\/\/www.cinc.com\/wp-content\/uploads\/2023\/03\/1210.jpg",150,49,false],"medium":["https:\/\/www.cinc.com\/wp-content\/uploads\/2023\/03\/1210.jpg",300,97,false],"medium_large":["https:\/\/www.cinc.com\/wp-content\/uploads\/2023\/03\/1210.jpg",768,249,false],"large":["https:\/\/www.cinc.com\/wp-content\/uploads\/2023\/03\/1210.jpg",960,311,false],"1536x1536":["https:\/\/www.cinc.com\/wp-content\/uploads\/2023\/03\/1210.jpg",1113,361,false],"2048x2048":["https:\/\/www.cinc.com\/wp-content\/uploads\/2023\/03\/1210.jpg",1113,361,false],"gform-image-choice-sm":["https:\/\/www.cinc.com\/wp-content\/uploads\/2023\/03\/1210.jpg",300,97,false],"gform-image-choice-md":["https:\/\/www.cinc.com\/wp-content\/uploads\/2023\/03\/1210.jpg",400,130,false],"gform-image-choice-lg":["https:\/\/www.cinc.com\/wp-content\/uploads\/2023\/03\/1210.jpg",600,195,false]},"uagb_author_info":{"display_name":"Utrans","author_link":"https:\/\/www.cinc.com\/es\/author\/utrans\/"},"uagb_comment_info":0,"uagb_excerpt":"Durante la fase de desescalada es primordial extremar al m&aacute;ximo las medidas de seguridad e higiene frente al COVID-19, adem&aacute;s de adaptar los Protocolos de Riesgos Laborales.&nbsp;","jetpack_sharing_enabled":true,"_links":{"self":[{"href":"https:\/\/www.cinc.com\/es\/wp-json\/wp\/v2\/posts\/7167","targetHints":{"allow":["GET"]}}],"collection":[{"href":"https:\/\/www.cinc.com\/es\/wp-json\/wp\/v2\/posts"}],"about":[{"href":"https:\/\/www.cinc.com\/es\/wp-json\/wp\/v2\/types\/post"}],"author":[{"embeddable":true,"href":"https:\/\/www.cinc.com\/es\/wp-json\/wp\/v2\/users\/2"}],"replies":[{"embeddable":true,"href":"https:\/\/www.cinc.com\/es\/wp-json\/wp\/v2\/comments?post=7167"}],"version-history":[{"count":0,"href":"https:\/\/www.cinc.com\/es\/wp-json\/wp\/v2\/posts\/7167\/revisions"}],"wp:featuredmedia":[{"embeddable":true,"href":"https:\/\/www.cinc.com\/es\/wp-json\/wp\/v2\/media\/7168"}],"wp:attachment":[{"href":"https:\/\/www.cinc.com\/es\/wp-json\/wp\/v2\/media?parent=7167"}],"wp:term":[{"taxonomy":"category","embeddable":true,"href":"https:\/\/www.cinc.com\/es\/wp-json\/wp\/v2\/categories?post=7167"},{"taxonomy":"post_tag","embeddable":true,"href":"https:\/\/www.cinc.com\/es\/wp-json\/wp\/v2\/tags?post=7167"}],"curies":[{"name":"wp","href":"https:\/\/api.w.org\/{rel}","templated":true}]}}