{"id":7127,"date":"2020-05-04T00:00:00","date_gmt":"2020-05-04T00:00:00","guid":{"rendered":"https:\/\/www.cinc.com\/ayudas-de-la-generalitat-para-autonomos-y-empresas-de-diseno-de-moda-y-fabricacion-textil\/"},"modified":"2020-05-04T00:00:00","modified_gmt":"2020-05-04T00:00:00","slug":"ayudas-de-la-generalitat-para-autonomos-y-empresas-de-diseno-de-moda-y-fabricacion-textil","status":"publish","type":"post","link":"https:\/\/www.cinc.com\/es\/ayudas-de-la-generalitat-para-autonomos-y-empresas-de-diseno-de-moda-y-fabricacion-textil\/","title":{"rendered":"Ayudas de la Generalitat para aut\u00f3nomos y empresas de dise\u00f1o de moda y fabricaci\u00f3n textil"},"content":{"rendered":"<div style=\"text-align: justify;\">\n<div>\n<div>\n\t\t\tEl Consorcio de Comercio, Artesan&iacute;a y Moda de Catalu&ntilde;a ha publicado unas l&iacute;neas de subvenciones para dar respuesta a los efectos causados por la declaraci&oacute;n del estado de alarma decretado el 14 de marzo por el Real Decreto 463\/2020.<\/div>\n<div>\n\t\t\t&nbsp;<\/div>\n<div>\n\t\t\tDe entre las ayudas disponibles, destacamos las del programa para la reactivaci&oacute;n de la moda catalana, que tiene como finalidad reactivar el sector de la moda apoyando la fabricaci&oacute;n y comercializaci&oacute;n de los productos de moda catalanes y aumentar el grado de internacionalizaci&oacute;n de las marcas y dise&ntilde;adores catalanes.<\/div>\n<div>\n\t\t\t&nbsp;<\/div>\n<div>\n\t\t\t<strong>&iquest;Qui&eacute;n puede beneficiarse de esta subvenci&oacute;n?<\/strong><\/div>\n<div>\n\t\t\t&nbsp;<\/div>\n<div>\n\t\t\tProfesionales aut&oacute;nomos y empresas de dise&ntilde;o de moda y empresas textiles que se dediquen en exclusiva a la fabricaci&oacute;n de productos para el sector de la moda.<\/div>\n<div>\n\t\t\t&nbsp;<\/div>\n<div>\n\t\t\tDeber&aacute;n acreditar que, por orden del Real Decreto 463\/2020, de 14 de marzo, por el que se declar&oacute; el estado de alarma, tuvieron que cerrar, o bien deber&aacute;n certificar un descenso de la facturaci&oacute;n de al menos el 70% (incluida la facturaci&oacute;n on-line) en la suma de la facturaci&oacute;n de los meses de marzo y abril de 2020, respecto al mismo per&iacute;odo del a&ntilde;o anterior.<\/div>\n<div>\n\t\t\t&nbsp;<\/div>\n<div>\n\t\t\tNo podr&aacute;n ser beneficiarios de esta ayuda importadores y distribuidores, y s&oacute;lo podr&aacute; ser beneficiaria una persona f&iacute;sica o jur&iacute;dica para cada marca comercial.<\/div>\n<div>\n\t\t\t&nbsp;<\/div>\n<div>\n\t\t\t<strong>&iquest;Qu&eacute; gastos se podr&aacute;n subvencionar?<\/strong><\/div>\n<div>\n\t\t\t&nbsp;<\/div>\n<div>\n\t\t\tSe considerar&aacute;n subvencionables aquellos gastos que se imputen al desarrollo de las acciones para responder de manera inequ&iacute;voca a su naturaleza, resulten estrictamente necesarios, se hayan realizado durante el periodo de ejecuci&oacute;n de la actuaci&oacute;n y hayan sido efectivamente pagados por el beneficiario antes de la finalizaci&oacute;n del plazo de presentaci&oacute;n de la justificaci&oacute;n econ&oacute;mica.<\/div>\n<div>\n\t\t\t&nbsp;<\/div>\n<div>\n\t\t\t<strong>&iquest;Cu&aacute;l es la cuant&iacute;a de la ayuda?<\/strong><\/div>\n<div>\n\t\t\t&nbsp;<\/div>\n<div>\n\t\t\tHasta el 100% de los gastos subvencionables. La subvenci&oacute;n tiene un importe m&aacute;ximo de 2.500 euros por beneficiario.<\/div>\n<div>\n\t\t\t&nbsp;<\/div>\n<div>\n\t\t\t<strong>&iquest;Cu&aacute;les son los requisitos para solicitar la ayuda?<\/strong><\/div>\n<div>\n\t\t\t&nbsp;<\/div>\n<div>\n\t\t\tLa empresa deber&aacute; presentar declaraci&oacute;n responsable, en la que certifique que en base al art&iacute;culo 10 del RD 463\/2020, se vio obligada a cesar la actividad, o bien acredite un descenso de la facturaci&oacute;n de, como m&iacute;nimo, un 70%, tomando como referencia los meses de marzo y abril de 2020, respecto al mismo per&iacute;odo del a&ntilde;o anterior.<\/div>\n<div>\n\t\t\t&nbsp;<\/div>\n<div>\n\t\t\tEste programa es incompatible con el programa 6 para la reactivaci&oacute;n de la empresa artesana y el programa 4 de apoyo a la inversi&oacute;n para la nueva implantaci&oacute;n de comercios y mejora comercial de los establecimientos.<\/div>\n<div>\n\t\t\t&nbsp;<\/div>\n<div>\n\t\t\t<strong>&iquest;Cu&aacute;l es el plazo para solicitar la ayuda?<\/strong><\/div>\n<div>\n\t\t\t&nbsp;<\/div>\n<div>\n\t\t\tTermina el 31 de diciembre o hasta que se agote el presupuesto.<\/div>\n<\/p><\/div>\n<\/div>\n<p>\n\t&nbsp;<\/p>\n","protected":false},"excerpt":{"rendered":"<div>\n\tEl Consorcio de Comercio, Artesan&iacute;a y Moda de Catalu&ntilde;a ha publicado unas l&iacute;neas de subvenciones para dar respuesta a los efectos causados por la declaraci&oacute;n del estado de alarma decretado el 14 de marzo por el Real Decreto 463\/2020.<\/div>\n<div>\n\t&nbsp;<\/div>\n","protected":false},"author":2,"featured_media":7128,"comment_status":"open","ping_status":"open","sticky":false,"template":"","format":"standard","meta":{"_acf_changed":false,"_uag_custom_page_level_css":"","_jetpack_memberships_contains_paid_content":false,"footnotes":""},"categories":[26],"tags":[],"class_list":["post-7127","post","type-post","status-publish","format-standard","has-post-thumbnail","hentry","category-asesoria"],"acf":[],"jetpack_featured_media_url":"https:\/\/www.cinc.com\/wp-content\/uploads\/2023\/03\/1202.jpg","uagb_featured_image_src":{"full":["https:\/\/www.cinc.com\/wp-content\/uploads\/2023\/03\/1202.jpg",1113,361,false],"thumbnail":["https:\/\/www.cinc.com\/wp-content\/uploads\/2023\/03\/1202.jpg",150,49,false],"medium":["https:\/\/www.cinc.com\/wp-content\/uploads\/2023\/03\/1202.jpg",300,97,false],"medium_large":["https:\/\/www.cinc.com\/wp-content\/uploads\/2023\/03\/1202.jpg",768,249,false],"large":["https:\/\/www.cinc.com\/wp-content\/uploads\/2023\/03\/1202.jpg",960,311,false],"1536x1536":["https:\/\/www.cinc.com\/wp-content\/uploads\/2023\/03\/1202.jpg",1113,361,false],"2048x2048":["https:\/\/www.cinc.com\/wp-content\/uploads\/2023\/03\/1202.jpg",1113,361,false],"gform-image-choice-sm":["https:\/\/www.cinc.com\/wp-content\/uploads\/2023\/03\/1202.jpg",300,97,false],"gform-image-choice-md":["https:\/\/www.cinc.com\/wp-content\/uploads\/2023\/03\/1202.jpg",400,130,false],"gform-image-choice-lg":["https:\/\/www.cinc.com\/wp-content\/uploads\/2023\/03\/1202.jpg",600,195,false]},"uagb_author_info":{"display_name":"Utrans","author_link":"https:\/\/www.cinc.com\/es\/author\/utrans\/"},"uagb_comment_info":0,"uagb_excerpt":"El Consorcio de Comercio, Artesan&iacute;a y Moda de Catalu&ntilde;a ha publicado unas l&iacute;neas de subvenciones para dar respuesta a los efectos causados por la declaraci&oacute;n del estado de alarma decretado el 14 de marzo por el Real Decreto 463\/2020. &nbsp;","jetpack_sharing_enabled":true,"_links":{"self":[{"href":"https:\/\/www.cinc.com\/es\/wp-json\/wp\/v2\/posts\/7127","targetHints":{"allow":["GET"]}}],"collection":[{"href":"https:\/\/www.cinc.com\/es\/wp-json\/wp\/v2\/posts"}],"about":[{"href":"https:\/\/www.cinc.com\/es\/wp-json\/wp\/v2\/types\/post"}],"author":[{"embeddable":true,"href":"https:\/\/www.cinc.com\/es\/wp-json\/wp\/v2\/users\/2"}],"replies":[{"embeddable":true,"href":"https:\/\/www.cinc.com\/es\/wp-json\/wp\/v2\/comments?post=7127"}],"version-history":[{"count":0,"href":"https:\/\/www.cinc.com\/es\/wp-json\/wp\/v2\/posts\/7127\/revisions"}],"wp:featuredmedia":[{"embeddable":true,"href":"https:\/\/www.cinc.com\/es\/wp-json\/wp\/v2\/media\/7128"}],"wp:attachment":[{"href":"https:\/\/www.cinc.com\/es\/wp-json\/wp\/v2\/media?parent=7127"}],"wp:term":[{"taxonomy":"category","embeddable":true,"href":"https:\/\/www.cinc.com\/es\/wp-json\/wp\/v2\/categories?post=7127"},{"taxonomy":"post_tag","embeddable":true,"href":"https:\/\/www.cinc.com\/es\/wp-json\/wp\/v2\/tags?post=7127"}],"curies":[{"name":"wp","href":"https:\/\/api.w.org\/{rel}","templated":true}]}}