{"id":7042,"date":"2020-04-07T00:00:00","date_gmt":"2020-04-07T00:00:00","guid":{"rendered":"https:\/\/www.cinc.com\/covid-19-ampliacion-de-los-plazos-del-pago-de-tasas-e-impuestos-del-ayuntamiento-de-barcelona\/"},"modified":"2025-05-02T11:55:09","modified_gmt":"2025-05-02T10:55:09","slug":"covid-19-ampliacion-de-los-plazos-del-pago-de-tasas-e-impuestos-del-ayuntamiento-de-barcelona","status":"publish","type":"post","link":"https:\/\/www.cinc.com\/es\/covid-19-ampliacion-de-los-plazos-del-pago-de-tasas-e-impuestos-del-ayuntamiento-de-barcelona\/","title":{"rendered":"COVID-19: Ampliaci\u00f3n de los plazos del pago de tasas e impuestos del Ayuntamiento de Barcelona"},"content":{"rendered":"<div style=\"text-align: justify;\">\n<div>El Ayuntamiento de Barcelona ha aprobado el aplazamiento de tasas y tributos municipales con motivo de la declaraci\u00f3n de estado de alarma por el COVID-19. De este modo, el calendario fiscal 2020 queda modificado en los siguientes t\u00e9rminos:<\/div>\n<div><\/div>\n<div><strong>Impuesto de bienes inmuebles (IBI)<\/strong><\/div>\n<div><\/div>\n<div>a) Recibos domiciliados (pago en cuatro plazos):<\/div>\n<div><\/div>\n<div>1\u00aa fracci\u00f3n: 3 de marzo<\/div>\n<div>2\u00aa fracci\u00f3n: 3 de julio<\/div>\n<div>3\u00aa fracci\u00f3n: 3 de septiembre<\/div>\n<div>4\u00aa fracci\u00f3n: 3 de diciembre<\/div>\n<div><\/div>\n<div>b) Recibos no domiciliados (pago anual): del 1 de marzo al 3 de julio, ambos inclusive.<\/div>\n<div><\/div>\n<div>c) Fecha de pago padr\u00f3n electr\u00f3nico: 3 de julio.<\/div>\n<div><\/div>\n<div><strong>Tasa de terrazas<\/strong><\/div>\n<div><\/div>\n<div>Los recibos no pagados quedar\u00e1n anulados y todas las cuotas se girar\u00e1n de nuevo en el mes de octubre, con el correspondiente descuento de los recibos de 2020 por el tiempo que las terrazas han cerrado con motivo de la declaraci\u00f3n de estado de alarma.<\/div>\n<div><\/div>\n<div>Los contribuyentes que ya hayan pagado el recibo de 2020, tendr\u00e1n que solicitar la devoluci\u00f3n del periodo de cierre por estado de alarma.<\/div>\n<div><\/div>\n<div><strong>Impuesto sobre veh\u00edculos de tracci\u00f3n mec\u00e1nica<\/strong><\/div>\n<div><\/div>\n<div>a) Recibos domiciliados: 3 de julio<\/div>\n<div>b) Recibos no domiciliados: del 15 de abril al 3 de julio, ambos inclusive.<\/div>\n<div>c) Fecha de pago padr\u00f3n electr\u00f3nico: 3 de julio<\/div>\n<div><\/div>\n<div><strong>Impuesto sobre el incremento de valor de los terrenos de naturaleza urbana (plusval\u00eda)<\/strong><\/div>\n<div><\/div>\n<div>Los plazos para obtener la autoliquidaci\u00f3n calculada son:<\/div>\n<div><\/div>\n<div>Actos inter vivos:<\/div>\n<div>30 d\u00edas h\u00e1biles a partir de la fecha de transmisi\u00f3n.<\/div>\n<div><\/div>\n<div>Actos mortis causa:<\/div>\n<div>6 meses a partir de la fecha de fallecimiento (herencias), o 12 meses si se ha pedido pr\u00f3rroga dentro de los 6 primeros meses.<\/div>\n<div><\/div>\n<div>Se prorrogar\u00e1 hasta el 3 de julio los plazos de pago de las autoliquidaciones con periodo voluntario de pago y fecha final de pago posterior al 18 de marzo.<\/div>\n<div><\/div>\n<div><a href=\"https:\/\/w123.bcn.cat\/APPS\/egaseta\/cercaAvancada.do?reqCode=downloadFile&amp;publicacionsId=19522\" target=\"_blank\" rel=\"noopener\">&gt; Ver anexo con el calendario completo<\/a><\/div>\n<div><\/div>\n<div>\n<h2 class=\"h2Noticia\">Apertura de la Oficina Tributaria Virtual<\/h2>\n<hr \/>\n<\/div>\n<\/div>\n<p style=\"text-align: justify;\">Recordamos que la atenci\u00f3n presencial en el Instituto Municipal de Hacienda est\u00e1 cerrada por el cumplimiento del decreto de alarma. Para resoluci\u00f3n de dudas, se ha creado una oficina tributaria virtual para resolver las dudas de la ciudadan\u00eda a trav\u00e9s de la p\u00e1gina web de Hacienda.<\/p>\n","protected":false},"excerpt":{"rendered":"<p style=\"text-align: justify;\">\n\t<span style=\"text-align: justify;\">El Ayuntamiento de Barcelona ha aprobado el aplazamiento de tasas y tributos municipales con motivo de la declaraci&oacute;n de estado de alarma por el COVID-19. De este modo, el calendario fiscal 2020 queda modificado en los siguientes t&eacute;rminos:<\/span><\/p>\n","protected":false},"author":2,"featured_media":7043,"comment_status":"open","ping_status":"open","sticky":false,"template":"","format":"standard","meta":{"_acf_changed":false,"_uag_custom_page_level_css":"","_jetpack_memberships_contains_paid_content":false,"footnotes":""},"categories":[26],"tags":[],"class_list":["post-7042","post","type-post","status-publish","format-standard","has-post-thumbnail","hentry","category-asesoria"],"acf":[],"jetpack_featured_media_url":"https:\/\/www.cinc.com\/wp-content\/uploads\/2023\/03\/1185-1.jpg","uagb_featured_image_src":{"full":["https:\/\/www.cinc.com\/wp-content\/uploads\/2023\/03\/1185-1.jpg",1113,361,false],"thumbnail":["https:\/\/www.cinc.com\/wp-content\/uploads\/2023\/03\/1185-1.jpg",150,49,false],"medium":["https:\/\/www.cinc.com\/wp-content\/uploads\/2023\/03\/1185-1.jpg",300,97,false],"medium_large":["https:\/\/www.cinc.com\/wp-content\/uploads\/2023\/03\/1185-1.jpg",768,249,false],"large":["https:\/\/www.cinc.com\/wp-content\/uploads\/2023\/03\/1185-1.jpg",960,311,false],"1536x1536":["https:\/\/www.cinc.com\/wp-content\/uploads\/2023\/03\/1185-1.jpg",1113,361,false],"2048x2048":["https:\/\/www.cinc.com\/wp-content\/uploads\/2023\/03\/1185-1.jpg",1113,361,false],"gform-image-choice-sm":["https:\/\/www.cinc.com\/wp-content\/uploads\/2023\/03\/1185-1.jpg",300,97,false],"gform-image-choice-md":["https:\/\/www.cinc.com\/wp-content\/uploads\/2023\/03\/1185-1.jpg",400,130,false],"gform-image-choice-lg":["https:\/\/www.cinc.com\/wp-content\/uploads\/2023\/03\/1185-1.jpg",600,195,false]},"uagb_author_info":{"display_name":"Utrans","author_link":"https:\/\/www.cinc.com\/es\/author\/utrans\/"},"uagb_comment_info":0,"uagb_excerpt":"El Ayuntamiento de Barcelona ha aprobado el aplazamiento de tasas y tributos municipales con motivo de la declaraci&oacute;n de estado de alarma por el COVID-19. De este modo, el calendario fiscal 2020 queda modificado en los siguientes t&eacute;rminos:","jetpack_sharing_enabled":true,"_links":{"self":[{"href":"https:\/\/www.cinc.com\/es\/wp-json\/wp\/v2\/posts\/7042","targetHints":{"allow":["GET"]}}],"collection":[{"href":"https:\/\/www.cinc.com\/es\/wp-json\/wp\/v2\/posts"}],"about":[{"href":"https:\/\/www.cinc.com\/es\/wp-json\/wp\/v2\/types\/post"}],"author":[{"embeddable":true,"href":"https:\/\/www.cinc.com\/es\/wp-json\/wp\/v2\/users\/2"}],"replies":[{"embeddable":true,"href":"https:\/\/www.cinc.com\/es\/wp-json\/wp\/v2\/comments?post=7042"}],"version-history":[{"count":1,"href":"https:\/\/www.cinc.com\/es\/wp-json\/wp\/v2\/posts\/7042\/revisions"}],"predecessor-version":[{"id":29837,"href":"https:\/\/www.cinc.com\/es\/wp-json\/wp\/v2\/posts\/7042\/revisions\/29837"}],"wp:featuredmedia":[{"embeddable":true,"href":"https:\/\/www.cinc.com\/es\/wp-json\/wp\/v2\/media\/7043"}],"wp:attachment":[{"href":"https:\/\/www.cinc.com\/es\/wp-json\/wp\/v2\/media?parent=7042"}],"wp:term":[{"taxonomy":"category","embeddable":true,"href":"https:\/\/www.cinc.com\/es\/wp-json\/wp\/v2\/categories?post=7042"},{"taxonomy":"post_tag","embeddable":true,"href":"https:\/\/www.cinc.com\/es\/wp-json\/wp\/v2\/tags?post=7042"}],"curies":[{"name":"wp","href":"https:\/\/api.w.org\/{rel}","templated":true}]}}