{"id":6952,"date":"2020-03-24T00:00:00","date_gmt":"2020-03-24T00:00:00","guid":{"rendered":"https:\/\/www.cinc.com\/covid-19-preguntas-frecuentes-de-los-autonomos-en-relacion-a-los-efectos-economicos-por-el-coronavirus\/"},"modified":"2024-06-06T09:50:36","modified_gmt":"2024-06-06T08:50:36","slug":"covid-19-preguntas-frecuentes-de-los-autonomos-en-relacion-a-los-efectos-economicos-por-el-coronavirus","status":"publish","type":"post","link":"https:\/\/www.cinc.com\/es\/covid-19-preguntas-frecuentes-de-los-autonomos-en-relacion-a-los-efectos-economicos-por-el-coronavirus\/","title":{"rendered":"COVID-19: Preguntas frecuentes de los aut\u00f3nomos en relaci\u00f3n a los efectos econ\u00f3micos por el coronavirus"},"content":{"rendered":"<div style=\"text-align: justify;\">\n<div>La situaci\u00f3n de crisis actual motivada por el coronavirus ha afectado de forma especial a la actividad de muchas empresas y aut\u00f3nomos, con la consiguiente p\u00e9rdida o reducci\u00f3n de ingresos. Son muchas las dudas que se plantean durante estos d\u00edas, y por ello os mostramos una recopilaci\u00f3n de las preguntas m\u00e1s frecuentes:<\/div>\n<div><\/div>\n<div>\n<h2 class=\"h2Noticia\">\u00bfCu\u00e1les son las ayudas que pueden solicitar los aut\u00f3nomos? \u00bfSon compatibles entre ellas?<\/h2>\n<hr \/>\n<\/div>\n<div>En estos momentos, son dos las ayudas p\u00fablicas que pueden recibir los aut\u00f3nomos para hacer frente a las p\u00e9rdidas econ\u00f3micas y \/o cese de actividad, y no son compatibles entre ellas:<\/div>\n<div><\/div>\n<div><strong>a) Ayudas de la Generalitat de Catalu\u00f1a:<\/strong><\/div>\n<div><\/div>\n<div>Tienen como finalidad compensar los aut\u00f3nomos en caso de p\u00e9rdida econ\u00f3mica de la actividad durante marzo de 2020 a ra\u00edz del COVID-19. Se calcula en base a la diferencia entre la ganancia de la actividad en marzo de 2019 y la p\u00e9rdida sufrida en marzo de 2020.<\/div>\n<div><\/div>\n<ul>\n<li><strong>\u00bfQu\u00e9 cuant\u00eda tiene? <\/strong>La ayuda m\u00e1xima ser\u00e1 de 2.000 \u20ac por aut\u00f3nomo solicitante.<\/li>\n<li><strong>\u00bfQui\u00e9n la puede solicitar?<\/strong> Est\u00e1 abierta a cualquier actividad econ\u00f3mica. No la pueden solicitar ni los aut\u00f3nomos societarios ni los dependientes (colaboradores). Para los aut\u00f3nomos acogidos a Estimaci\u00f3n Objetiva (m\u00f3dulos) habr\u00e1 que concretar qu\u00e9 documentos aportar\u00e1n para acreditar las p\u00e9rdidas.<\/li>\n<li><strong>\u00bfC\u00f3mo y cu\u00e1ndo se puede tramitar?<\/strong> Se puede tramitar a trav\u00e9s de la web del Departament de Treball a partir del 1 de abril.<\/li>\n<\/ul>\n<div>\n<h2 class=\"h2Noticia\">Prestaci\u00f3n extraordinaria por cese de actividad de los aut\u00f3nomos<\/h2>\n<hr \/>\n<\/div>\n<div>Se trata de una prestaci\u00f3n econ\u00f3mica para aquellos aut\u00f3nomos que hayan tenido que cerrar su negocio o hayan visto disminuidos sus ingresos durante el mes de marzo:<\/div>\n<div><\/div>\n<ul>\n<li><strong>\u00bfQui\u00e9n la puede solicitar? <\/strong>Todos los aut\u00f3nomos, independientemente de su condici\u00f3n: aut\u00f3nomos titulares de negocios cerrados por la administraci\u00f3n a ra\u00edz del estado de alarma; aut\u00f3nomos en cualquier actividad que hayan sufrido una ca\u00edda de al menos un 75% en sus ingresos de marzo de 2020 en comparaci\u00f3n al promedio de los \u00faltimos 6 meses.<\/li>\n<li><strong>\u00bfLa pueden pedir tambi\u00e9n los aut\u00f3nomos que tengan trabajadores a su cargo?<\/strong> S\u00ed, tambi\u00e9n incluye los aut\u00f3nomos que tengan trabajadores por cuenta ajena, aunque hayan solicitado un ERTE para sus trabajadores.<\/li>\n<li><strong>\u00bfQu\u00e9 cuant\u00eda tiene?<\/strong> La prestaci\u00f3n ser\u00e1 equivalente al 70% de la base de cotizaci\u00f3n de los \u00faltimos 6 meses. En el caso de los aut\u00f3nomos que coticen por la cuota m\u00ednima mensual (286,15 \u20ac), equivalente a 944,40 \u20ac de base, la prestaci\u00f3n ser\u00eda de 661,86 \u20ac.<\/li>\n<li><strong>\u00bfEs compatible con la tarifa plana?<\/strong> Los aut\u00f3nomos beneficiarios de alguna bonificaci\u00f3n, como la tarifa plana de 50\u20ac por nuevos aut\u00f3nomos, no perder\u00e1n esta condici\u00f3n cuando reanuden su actividad.<\/li>\n<li><strong>\u00bfEs compatible con otras prestaciones?<\/strong> No es compatible con otras prestaciones de la Seguridad Social (por ejemplo, en caso de trabajar por cuenta ajena y percibir una prestaci\u00f3n de baja o recibir una pensi\u00f3n de jubilaci\u00f3n).<\/li>\n<li><strong>\u00bfC\u00f3mo se solicita?<\/strong> La prestaci\u00f3n se solicita en la web de la mutua colaboradora del profesional aut\u00f3nomo.<\/li>\n<li><strong>\u00bfSe puede solicitar pedir la prestaci\u00f3n extraordinaria si se ha pedido la baja en la Seguridad Social y en Hacienda?<\/strong> S\u00ed, podr\u00e1 solicitar igualmente la prestaci\u00f3n a condici\u00f3n de que el motivo de la baja en la Seguridad Social se haya producido por el decreto del estado de alarma.<\/li>\n<li><strong>\u00bfHay que darse de baja en el r\u00e9gimen especial de aut\u00f3nomos de la Seguridad Social y Hacienda? <\/strong>No ser\u00e1 necesario tramitar la baja en la Seguridad Social, as\u00ed como tampoco ser\u00e1 necesario tramitar la baja de la actividad en Hacienda (Modelo 036\/037).<\/li>\n<\/ul>\n<div>\n<h2 class=\"h2Noticia\">\u00bfQu\u00e9 otras opciones existen para conseguir liquidez?<\/h2>\n<hr \/>\n<\/div>\n<div>Adem\u00e1s de las ayudas mencionadas anteriormente, los aut\u00f3nomos pueden optar tambi\u00e9n a las l\u00edneas de cr\u00e9dito adicional del Instituto de Cr\u00e9dito Oficial (ICO) que ha habilitado el RDL 8\/2020 para poder hacer frente a la ca\u00edda de ingresos y a los gastos corrientes de los pr\u00f3ximos meses de dificultades. La Generalitat tambi\u00e9n ha habilitado <a href=\"https:\/\/www.cinc.com\/es\/covid-19-como-tributan-las-ayudas-y-prestaciones-economicas\/\" target=\"_blank\" rel=\"noopener\">nuevas l\u00edneas<\/a> a trav\u00e9s del Instituto Catal\u00e1n de Finanzas (ICF).<\/div>\n<div><\/div>\n<div>Estas l\u00edneas son pr\u00e9stamos blandos, con tipo cero o casi cero, plazos largos y carencias generosas, por parte del Gobierno catal\u00e1n y del espa\u00f1ol, articulados a trav\u00e9s de las entidades financieras y resumidos a continuaci\u00f3n.<\/div>\n<div><\/div>\n<div>\n<h2 class=\"h2Noticia\">\u00bfEl plazo de presentaci\u00f3n de impuestos se mantiene?<\/h2>\n<hr \/>\n<\/div>\n<div><\/div>\n<div>El Real Decreto de estado de alarma s\u00f3lo ha parado los plazos administrativos, pero no se aplica a los plazos tributarios. Por tanto, s\u00f3lo se ampl\u00edan los plazos de pago que sean fruto de acuerdos de aplazamiento anteriores y de providencias de apremio.<\/div>\n<div><\/div>\n<div>En cuanto a las autoliquidaciones cercanas, como por ejemplo la del pr\u00f3ximo 20 de abril por el IVA del primer trimestre de 2020, es recomendable que los aut\u00f3nomos soliciten su aplazamiento enseguida que dispongan de su autoliquidaci\u00f3n.<\/div>\n<div><\/div>\n<div>Seg\u00fan establece el RDL 7\/2020 del 12 de marzo, tanto el IVA como las retenciones por IRPF (modelo 111) y otros tributos con vencimiento hasta el 30 de mayo se podr\u00e1n aplazar hasta 6 meses sin intereses los primeros 3 meses, siempre y cuando el contribuyente sea una pyme o aut\u00f3nomo con facturaci\u00f3n no superior a 6.010.121,04 euros.<\/div>\n<div><\/div>\n<div>\n<h2 class=\"h2Noticia\">\u00bfSe pueden aplazar las cuotas de Seguridad Social?<\/h2>\n<hr \/>\n<\/div>\n<div>S\u00ed, el Ministerio de Seguridad Social y Migraciones aclar\u00f3 que los aut\u00f3nomos que se acojan a la prestaci\u00f3n extraordinaria por cese de actividad no tendr\u00e1n que pagar la cuota mensual a la Seguridad social.<\/div>\n<div><\/div>\n<div>En caso de que el proceso de tramitaci\u00f3n se alargara y la solicitud no fuera aceptada, es aconsejable que los aut\u00f3nomos soliciten de forma inmediata el aplazamiento de su cuota de abril. Todas las deudas con la Seguridad Social se pueden aplazar sin aval o garant\u00eda hasta 30.000\u20ac y por un m\u00e1ximo de 5 a\u00f1os.<\/div>\n<div><\/div>\n<div>\n<h2 class=\"h2Noticia\">\u00bfQu\u00e9 aut\u00f3nomos pueden hacer un ERTE a sus trabajadores?<\/h2>\n<hr \/>\n<\/div>\n<div>El aut\u00f3nomo con trabajadores a su cargo puede optar por hacer un Expediente de Regulaci\u00f3n Temporal de Empleo (ERTE) en las condiciones especiales establecidas por el RDL 8\/2020 y que se resume a continuaci\u00f3n:<\/div>\n<div><\/div>\n<ul>\n<li>Actividad afectada por COVID-19 incluida <a href=\"https:\/\/expinterweb.mitramiss.gob.es\/ley11\/inicio\/elegirTramite.action?tramiteSel=0&amp;procedimientoSel=310&amp;proc=1\" target=\"_blank\" rel=\"noopener\">en el listado siguiente<\/a>.<\/li>\n<li>Los trabajadores percibir\u00e1n el 100% del sueldo sin per\u00edodo m\u00ednimo de cotizaci\u00f3n ni agotamiento del derecho de paro.<\/li>\n<li>El empresario queda exento de pagar \u00edntegramente las cuotas a la Seguridad Social de los trabajadores (75% en el caso de negocios con m\u00e1s de 50 trabajadores).<\/li>\n<li>Tramitaci\u00f3n por v\u00eda telem\u00e1tica y plazo expreso de aprobaci\u00f3n en 7 d\u00edas.<\/li>\n<li>Con efectos retroactivos.<\/li>\n<li>En caso de no optar por un ERTE y mantener los puestos de trabajo total o parcialmente, es aconsejable que la empresa aplace las cuotas a la Seguridad Social, as\u00ed como las retenciones por el IRPF de los trabajadores (modelo 111).<\/li>\n<\/ul>\n<\/div>\n<div><\/div>\n","protected":false},"excerpt":{"rendered":"<p style=\"text-align: justify;\">\n\tLa situaci&oacute;n de crisis actual motivada por el coronavirus ha afectado de forma especial a la actividad de muchas empresas y aut&oacute;nomos, con la consiguiente p&eacute;rdida o reducci&oacute;n de ingresos. Son muchas las dudas que se plantean durante estos d&iacute;as, y por ello os mostramos una recopilaci&oacute;n de las preguntas m&aacute;s frecuentes:<\/p>\n","protected":false},"author":2,"featured_media":6953,"comment_status":"open","ping_status":"open","sticky":false,"template":"","format":"standard","meta":{"_acf_changed":false,"_uag_custom_page_level_css":"","_jetpack_memberships_contains_paid_content":false,"footnotes":""},"categories":[26],"tags":[],"class_list":["post-6952","post","type-post","status-publish","format-standard","has-post-thumbnail","hentry","category-asesoria"],"acf":[],"jetpack_featured_media_url":"https:\/\/www.cinc.com\/wp-content\/uploads\/2023\/03\/1163.jpg","uagb_featured_image_src":{"full":["https:\/\/www.cinc.com\/wp-content\/uploads\/2023\/03\/1163.jpg",1113,361,false],"thumbnail":["https:\/\/www.cinc.com\/wp-content\/uploads\/2023\/03\/1163.jpg",150,49,false],"medium":["https:\/\/www.cinc.com\/wp-content\/uploads\/2023\/03\/1163.jpg",300,97,false],"medium_large":["https:\/\/www.cinc.com\/wp-content\/uploads\/2023\/03\/1163.jpg",768,249,false],"large":["https:\/\/www.cinc.com\/wp-content\/uploads\/2023\/03\/1163.jpg",960,311,false],"1536x1536":["https:\/\/www.cinc.com\/wp-content\/uploads\/2023\/03\/1163.jpg",1113,361,false],"2048x2048":["https:\/\/www.cinc.com\/wp-content\/uploads\/2023\/03\/1163.jpg",1113,361,false],"gform-image-choice-sm":["https:\/\/www.cinc.com\/wp-content\/uploads\/2023\/03\/1163.jpg",300,97,false],"gform-image-choice-md":["https:\/\/www.cinc.com\/wp-content\/uploads\/2023\/03\/1163.jpg",400,130,false],"gform-image-choice-lg":["https:\/\/www.cinc.com\/wp-content\/uploads\/2023\/03\/1163.jpg",600,195,false]},"uagb_author_info":{"display_name":"Utrans","author_link":"https:\/\/www.cinc.com\/es\/author\/utrans\/"},"uagb_comment_info":0,"uagb_excerpt":"La situaci&oacute;n de crisis actual motivada por el coronavirus ha afectado de forma especial a la actividad de muchas empresas y aut&oacute;nomos, con la consiguiente p&eacute;rdida o reducci&oacute;n de ingresos. Son muchas las dudas que se plantean durante estos d&iacute;as, y por ello os mostramos una recopilaci&oacute;n de las preguntas m&aacute;s frecuentes:","jetpack_sharing_enabled":true,"_links":{"self":[{"href":"https:\/\/www.cinc.com\/es\/wp-json\/wp\/v2\/posts\/6952","targetHints":{"allow":["GET"]}}],"collection":[{"href":"https:\/\/www.cinc.com\/es\/wp-json\/wp\/v2\/posts"}],"about":[{"href":"https:\/\/www.cinc.com\/es\/wp-json\/wp\/v2\/types\/post"}],"author":[{"embeddable":true,"href":"https:\/\/www.cinc.com\/es\/wp-json\/wp\/v2\/users\/2"}],"replies":[{"embeddable":true,"href":"https:\/\/www.cinc.com\/es\/wp-json\/wp\/v2\/comments?post=6952"}],"version-history":[{"count":1,"href":"https:\/\/www.cinc.com\/es\/wp-json\/wp\/v2\/posts\/6952\/revisions"}],"predecessor-version":[{"id":25529,"href":"https:\/\/www.cinc.com\/es\/wp-json\/wp\/v2\/posts\/6952\/revisions\/25529"}],"wp:featuredmedia":[{"embeddable":true,"href":"https:\/\/www.cinc.com\/es\/wp-json\/wp\/v2\/media\/6953"}],"wp:attachment":[{"href":"https:\/\/www.cinc.com\/es\/wp-json\/wp\/v2\/media?parent=6952"}],"wp:term":[{"taxonomy":"category","embeddable":true,"href":"https:\/\/www.cinc.com\/es\/wp-json\/wp\/v2\/categories?post=6952"},{"taxonomy":"post_tag","embeddable":true,"href":"https:\/\/www.cinc.com\/es\/wp-json\/wp\/v2\/tags?post=6952"}],"curies":[{"name":"wp","href":"https:\/\/api.w.org\/{rel}","templated":true}]}}