{"id":6932,"date":"2020-03-20T00:00:00","date_gmt":"2020-03-20T00:00:00","guid":{"rendered":"https:\/\/www.cinc.com\/covid-19-los-autonomos-ya-tienen-derecho-a-la-prestacion-por-cierre-o-por-una-disminucion-del-75-de-los-ingresos\/"},"modified":"2020-03-20T00:00:00","modified_gmt":"2020-03-20T00:00:00","slug":"covid-19-los-autonomos-ya-tienen-derecho-a-la-prestacion-por-cierre-o-por-una-disminucion-del-75-de-los-ingresos","status":"publish","type":"post","link":"https:\/\/www.cinc.com\/es\/covid-19-los-autonomos-ya-tienen-derecho-a-la-prestacion-por-cierre-o-por-una-disminucion-del-75-de-los-ingresos\/","title":{"rendered":"COVID-19: Los aut\u00f3nomos ya tienen derecho a la prestaci\u00f3n por cierre o por una disminuci\u00f3n del 75% de los ingresos"},"content":{"rendered":"<div style=\"text-align: justify;\">\n\tEl Ministerio de Inclusi&oacute;n, Seguridad Social y Migraciones ha emitido un comunicado en el que desmiente que vaya a haber modificaciones respecto a las condiciones de los aut&oacute;nomos, garantizando el cobro de la prestaci&oacute;n extraordinaria por el COVID19:<\/div>\n<div style=\"text-align: justify;\">\n\t&nbsp;<\/div>\n<ul>\n<li style=\"text-align: justify;\">\n\t\tTodos los aut&oacute;nomos, independientemente de su condici&oacute;n, que han tenido que cerrar por el estado de alarma o que hayan sufrido una ca&iacute;da del 75% de sus ingresos, ya tienen derecho a solicitar la prestaci&oacute;n aprobada en el &uacute;ltimo Consejo de Ministros.<\/li>\n<li style=\"text-align: justify;\">\n\t\tLos aut&oacute;nomos que se encuentren en esta situaci&oacute;n estar&aacute;n exentos de pagar las cotizaciones la Seguridad Social y recibir&aacute;n una prestaci&oacute;n equivalente al 70% de la base reguladora, es decir, un m&iacute;nimo de 661 de euros para quienes se han visto obligados a cerrar su negocio o hayan perdido un 75% de su facturaci&oacute;n.<\/li>\n<li style=\"text-align: justify;\">\n\t\tAsimismo, debido a las noticias falsas que se han distribuido por Internet, recomienda consultar cualquier duda a trav&eacute;s de las web de las webs oficiales del Ministerio de Inclusi&oacute;n, Seguridad Social y Migraciones.<\/li>\n<\/ul>\n<div style=\"text-align: justify;\">\n\tOs seguiremos informando a trav&eacute;s de este canal de todas las novedades legales, fiscales y laborales que vayan surgiendo en relaci&oacute;n al COVID19.<\/div>\n<div>\n\t&nbsp;<\/div>\n","protected":false},"excerpt":{"rendered":"<p style=\"text-align: justify;\">\n\t<span style=\"text-align: justify;\">El Ministerio de Inclusi&oacute;n, Seguridad Social y Migraciones ha emitido un comunicado en el que desmiente que vaya a haber modificaciones respecto a las condiciones de los aut&oacute;nomos, garantizando el cobro de la prestaci&oacute;n extraordinaria por el COVID19:<\/span><\/p>\n","protected":false},"author":2,"featured_media":6933,"comment_status":"open","ping_status":"open","sticky":false,"template":"","format":"standard","meta":{"_acf_changed":false,"_uag_custom_page_level_css":"","_jetpack_memberships_contains_paid_content":false,"footnotes":""},"categories":[26],"tags":[],"class_list":["post-6932","post","type-post","status-publish","format-standard","has-post-thumbnail","hentry","category-asesoria"],"acf":[],"jetpack_featured_media_url":"https:\/\/www.cinc.com\/wp-content\/uploads\/2023\/03\/1158.jpg","uagb_featured_image_src":{"full":["https:\/\/www.cinc.com\/wp-content\/uploads\/2023\/03\/1158.jpg",1112,362,false],"thumbnail":["https:\/\/www.cinc.com\/wp-content\/uploads\/2023\/03\/1158.jpg",150,49,false],"medium":["https:\/\/www.cinc.com\/wp-content\/uploads\/2023\/03\/1158.jpg",300,98,false],"medium_large":["https:\/\/www.cinc.com\/wp-content\/uploads\/2023\/03\/1158.jpg",768,250,false],"large":["https:\/\/www.cinc.com\/wp-content\/uploads\/2023\/03\/1158.jpg",960,313,false],"1536x1536":["https:\/\/www.cinc.com\/wp-content\/uploads\/2023\/03\/1158.jpg",1112,362,false],"2048x2048":["https:\/\/www.cinc.com\/wp-content\/uploads\/2023\/03\/1158.jpg",1112,362,false],"gform-image-choice-sm":["https:\/\/www.cinc.com\/wp-content\/uploads\/2023\/03\/1158.jpg",300,98,false],"gform-image-choice-md":["https:\/\/www.cinc.com\/wp-content\/uploads\/2023\/03\/1158.jpg",400,130,false],"gform-image-choice-lg":["https:\/\/www.cinc.com\/wp-content\/uploads\/2023\/03\/1158.jpg",600,195,false]},"uagb_author_info":{"display_name":"Utrans","author_link":"https:\/\/www.cinc.com\/es\/author\/utrans\/"},"uagb_comment_info":0,"uagb_excerpt":"El Ministerio de Inclusi&oacute;n, Seguridad Social y Migraciones ha emitido un comunicado en el que desmiente que vaya a haber modificaciones respecto a las condiciones de los aut&oacute;nomos, garantizando el cobro de la prestaci&oacute;n extraordinaria por el COVID19:","jetpack_sharing_enabled":true,"_links":{"self":[{"href":"https:\/\/www.cinc.com\/es\/wp-json\/wp\/v2\/posts\/6932","targetHints":{"allow":["GET"]}}],"collection":[{"href":"https:\/\/www.cinc.com\/es\/wp-json\/wp\/v2\/posts"}],"about":[{"href":"https:\/\/www.cinc.com\/es\/wp-json\/wp\/v2\/types\/post"}],"author":[{"embeddable":true,"href":"https:\/\/www.cinc.com\/es\/wp-json\/wp\/v2\/users\/2"}],"replies":[{"embeddable":true,"href":"https:\/\/www.cinc.com\/es\/wp-json\/wp\/v2\/comments?post=6932"}],"version-history":[{"count":0,"href":"https:\/\/www.cinc.com\/es\/wp-json\/wp\/v2\/posts\/6932\/revisions"}],"wp:featuredmedia":[{"embeddable":true,"href":"https:\/\/www.cinc.com\/es\/wp-json\/wp\/v2\/media\/6933"}],"wp:attachment":[{"href":"https:\/\/www.cinc.com\/es\/wp-json\/wp\/v2\/media?parent=6932"}],"wp:term":[{"taxonomy":"category","embeddable":true,"href":"https:\/\/www.cinc.com\/es\/wp-json\/wp\/v2\/categories?post=6932"},{"taxonomy":"post_tag","embeddable":true,"href":"https:\/\/www.cinc.com\/es\/wp-json\/wp\/v2\/tags?post=6932"}],"curies":[{"name":"wp","href":"https:\/\/api.w.org\/{rel}","templated":true}]}}